{"id":51812,"date":"2024-05-25T18:30:37","date_gmt":"2024-05-25T21:30:37","guid":{"rendered":"https:\/\/p31noticias.com.br\/df-amplia-malha-cicloviaria-e-chega-a-687-quilometros-de-pistas\/"},"modified":"2024-05-25T18:30:37","modified_gmt":"2024-05-25T21:30:37","slug":"df-amplia-malha-cicloviaria-e-chega-a-687-quilometros-de-pistas","status":"publish","type":"post","link":"https:\/\/www.p31noticias.com.br\/?p=51812","title":{"rendered":"DF amplia malha ciclovi\u00e1ria e chega a 687 quil\u00f4metros de pistas"},"content":{"rendered":"<p>A malha ciclovi\u00e1ria do Distrito Federal tem aumentado nos \u00faltimos anos. Atualmente, ela tem uma extens\u00e3o de 687,12 km, distribu\u00edda em 30 regi\u00f5es administrativas. Com quase 690 km de extens\u00e3o distribu\u00eddos em 30 regi\u00f5es administrativas, o Distrito Federal conta hoje com a segund maior malha ciclovi\u00e1ria do Pa\u00eds | Foto: L\u00facio Bernardo\/Ag\u00eancia Bras\u00edlia Em dezembro [\u2026]<\/p>\n<p>O post <a href=\"https:\/\/www.delioandrade.com.br\/df-amplia-malha-cicloviaria-e-chega-a-687-quilometros-de-pistas\/\">DF amplia malha ciclovi\u00e1ria e chega a 687 quil\u00f4metros de pistas<\/a> apareceu primeiro em <a href=\"https:\/\/www.delioandrade.com.br\/\">Blog do D\u00c9LIO ANDRADE<\/a>.<\/p>\n","protected":false},"excerpt":{"rendered":"<p>A malha ciclovi\u00e1ria do Distrito Federal tem aumentado nos \u00faltimos anos. Atualmente, ela tem uma extens\u00e3o de 687,12 km, distribu\u00edda em 30 regi\u00f5es administrativas. Com quase 690 km de extens\u00e3o distribu\u00eddos em 30 regi\u00f5es administrativas, o Distrito Federal conta hoje com a segund maior malha ciclovi\u00e1ria do Pa\u00eds | Foto: L\u00facio Bernardo\/Ag\u00eancia Bras\u00edlia Em dezembro [&hellip;]<\/p>\n","protected":false},"author":0,"featured_media":51813,"comment_status":"open","ping_status":"open","sticky":false,"template":"","format":"standard","meta":{"footnotes":""},"categories":[21],"tags":[],"class_list":{"0":"post-51812","1":"post","2":"type-post","3":"status-publish","4":"format-standard","5":"has-post-thumbnail","7":"category-brasilia"},"yoast_head":"<!-- This site is optimized with the Yoast SEO Premium plugin v24.5 (Yoast SEO v27.4) - https:\/\/yoast.com\/product\/yoast-seo-premium-wordpress\/ -->\n<title>DF amplia malha ciclovi\u00e1ria e chega a 687 quil\u00f4metros de pistas - P31<\/title>\n<meta name=\"robots\" content=\"index, follow, max-snippet:-1, max-image-preview:large, max-video-preview:-1\" \/>\n<link rel=\"canonical\" href=\"https:\/\/www.p31noticias.com.br\/?p=51812\" \/>\n<meta property=\"og:locale\" content=\"pt_BR\" \/>\n<meta property=\"og:type\" content=\"article\" \/>\n<meta property=\"og:title\" content=\"DF amplia malha ciclovi\u00e1ria e chega a 687 quil\u00f4metros de pistas\" \/>\n<meta property=\"og:description\" content=\"A malha ciclovi\u00e1ria do Distrito Federal tem aumentado nos \u00faltimos anos. Atualmente, ela tem uma extens\u00e3o de 687,12 km, distribu\u00edda em 30 regi\u00f5es administrativas. Com quase 690 km de extens\u00e3o distribu\u00eddos em 30 regi\u00f5es administrativas, o Distrito Federal conta hoje com a segund maior malha ciclovi\u00e1ria do Pa\u00eds | Foto: L\u00facio Bernardo\/Ag\u00eancia Bras\u00edlia Em dezembro [&hellip;]\" \/>\n<meta property=\"og:url\" content=\"https:\/\/www.p31noticias.com.br\/?p=51812\" \/>\n<meta property=\"og:site_name\" content=\"P31\" \/>\n<meta property=\"article:published_time\" content=\"2024-05-25T21:30:37+00:00\" \/>\n<meta property=\"og:image\" content=\"https:\/\/www.p31noticias.com.br\/wp-content\/uploads\/2024\/05\/Foto-Lucio-Bernardo-1-So1gux-150x150-kLDEuj.jpeg\" \/>\n\t<meta property=\"og:image:width\" content=\"150\" \/>\n\t<meta property=\"og:image:height\" content=\"150\" \/>\n\t<meta property=\"og:image:type\" content=\"image\/jpeg\" \/>\n<meta name=\"twitter:card\" content=\"summary_large_image\" \/>\n<script type=\"application\/ld+json\" class=\"yoast-schema-graph\">{\"@context\":\"https:\\\/\\\/schema.org\",\"@graph\":[{\"@type\":\"Article\",\"@id\":\"https:\\\/\\\/www.p31noticias.com.br\\\/?p=51812#article\",\"isPartOf\":{\"@id\":\"https:\\\/\\\/www.p31noticias.com.br\\\/?p=51812\"},\"author\":{\"name\":\"\",\"@id\":\"\"},\"headline\":\"DF amplia malha ciclovi\u00e1ria e chega a 687 quil\u00f4metros de pistas\",\"datePublished\":\"2024-05-25T21:30:37+00:00\",\"mainEntityOfPage\":{\"@id\":\"https:\\\/\\\/www.p31noticias.com.br\\\/?p=51812\"},\"wordCount\":97,\"commentCount\":0,\"image\":{\"@id\":\"https:\\\/\\\/www.p31noticias.com.br\\\/?p=51812#primaryimage\"},\"thumbnailUrl\":\"https:\\\/\\\/www.p31noticias.com.br\\\/wp-content\\\/uploads\\\/2024\\\/05\\\/Foto-Lucio-Bernardo-1-So1gux-150x150-kLDEuj.jpeg\",\"articleSection\":[\"Bras\u00edlia\"],\"inLanguage\":\"pt-BR\",\"potentialAction\":[{\"@type\":\"CommentAction\",\"name\":\"Comment\",\"target\":[\"https:\\\/\\\/www.p31noticias.com.br\\\/?p=51812#respond\"]}],\"copyrightYear\":\"2024\",\"copyrightHolder\":{\"@id\":\"https:\\\/\\\/www.p31noticias.com.br\\\/#organization\"}},{\"@type\":\"WebPage\",\"@id\":\"https:\\\/\\\/www.p31noticias.com.br\\\/?p=51812\",\"url\":\"https:\\\/\\\/www.p31noticias.com.br\\\/?p=51812\",\"name\":\"DF amplia malha ciclovi\u00e1ria e chega a 687 quil\u00f4metros de pistas - P31\",\"isPartOf\":{\"@id\":\"https:\\\/\\\/www.p31noticias.com.br\\\/#website\"},\"primaryImageOfPage\":{\"@id\":\"https:\\\/\\\/www.p31noticias.com.br\\\/?p=51812#primaryimage\"},\"image\":{\"@id\":\"https:\\\/\\\/www.p31noticias.com.br\\\/?p=51812#primaryimage\"},\"thumbnailUrl\":\"https:\\\/\\\/www.p31noticias.com.br\\\/wp-content\\\/uploads\\\/2024\\\/05\\\/Foto-Lucio-Bernardo-1-So1gux-150x150-kLDEuj.jpeg\",\"datePublished\":\"2024-05-25T21:30:37+00:00\",\"author\":{\"@id\":\"\"},\"breadcrumb\":{\"@id\":\"https:\\\/\\\/www.p31noticias.com.br\\\/?p=51812#breadcrumb\"},\"inLanguage\":\"pt-BR\",\"potentialAction\":[{\"@type\":\"ReadAction\",\"target\":[\"https:\\\/\\\/www.p31noticias.com.br\\\/?p=51812\"]}]},{\"@type\":\"ImageObject\",\"inLanguage\":\"pt-BR\",\"@id\":\"https:\\\/\\\/www.p31noticias.com.br\\\/?p=51812#primaryimage\",\"url\":\"https:\\\/\\\/www.p31noticias.com.br\\\/wp-content\\\/uploads\\\/2024\\\/05\\\/Foto-Lucio-Bernardo-1-So1gux-150x150-kLDEuj.jpeg\",\"contentUrl\":\"https:\\\/\\\/www.p31noticias.com.br\\\/wp-content\\\/uploads\\\/2024\\\/05\\\/Foto-Lucio-Bernardo-1-So1gux-150x150-kLDEuj.jpeg\",\"width\":150,\"height\":150},{\"@type\":\"BreadcrumbList\",\"@id\":\"https:\\\/\\\/www.p31noticias.com.br\\\/?p=51812#breadcrumb\",\"itemListElement\":[{\"@type\":\"ListItem\",\"position\":1,\"name\":\"In\u00edcio\",\"item\":\"https:\\\/\\\/www.p31noticias.com.br\\\/\"},{\"@type\":\"ListItem\",\"position\":2,\"name\":\"DF amplia malha ciclovi\u00e1ria e chega a 687 quil\u00f4metros de pistas\"}]},{\"@type\":\"WebSite\",\"@id\":\"https:\\\/\\\/www.p31noticias.com.br\\\/#website\",\"url\":\"https:\\\/\\\/www.p31noticias.com.br\\\/\",\"name\":\"P31\",\"description\":\"NOT\u00cdCIAS\",\"potentialAction\":[{\"@type\":\"SearchAction\",\"target\":{\"@type\":\"EntryPoint\",\"urlTemplate\":\"https:\\\/\\\/www.p31noticias.com.br\\\/?s={search_term_string}\"},\"query-input\":{\"@type\":\"PropertyValueSpecification\",\"valueRequired\":true,\"valueName\":\"search_term_string\"}}],\"inLanguage\":\"pt-BR\"}]}<\/script>\n<!-- \/ Yoast SEO Premium plugin. -->","yoast_head_json":{"title":"DF amplia malha ciclovi\u00e1ria e chega a 687 quil\u00f4metros de pistas - P31","robots":{"index":"index","follow":"follow","max-snippet":"max-snippet:-1","max-image-preview":"max-image-preview:large","max-video-preview":"max-video-preview:-1"},"canonical":"https:\/\/www.p31noticias.com.br\/?p=51812","og_locale":"pt_BR","og_type":"article","og_title":"DF amplia malha ciclovi\u00e1ria e chega a 687 quil\u00f4metros de pistas","og_description":"A malha ciclovi\u00e1ria do Distrito Federal tem aumentado nos \u00faltimos anos. Atualmente, ela tem uma extens\u00e3o de 687,12 km, distribu\u00edda em 30 regi\u00f5es administrativas. Com quase 690 km de extens\u00e3o distribu\u00eddos em 30 regi\u00f5es administrativas, o Distrito Federal conta hoje com a segund maior malha ciclovi\u00e1ria do Pa\u00eds | Foto: L\u00facio Bernardo\/Ag\u00eancia Bras\u00edlia Em dezembro [&hellip;]","og_url":"https:\/\/www.p31noticias.com.br\/?p=51812","og_site_name":"P31","article_published_time":"2024-05-25T21:30:37+00:00","og_image":[{"width":150,"height":150,"url":"https:\/\/www.p31noticias.com.br\/wp-content\/uploads\/2024\/05\/Foto-Lucio-Bernardo-1-So1gux-150x150-kLDEuj.jpeg","type":"image\/jpeg"}],"twitter_card":"summary_large_image","schema":{"@context":"https:\/\/schema.org","@graph":[{"@type":"Article","@id":"https:\/\/www.p31noticias.com.br\/?p=51812#article","isPartOf":{"@id":"https:\/\/www.p31noticias.com.br\/?p=51812"},"author":{"name":"","@id":""},"headline":"DF amplia malha ciclovi\u00e1ria e chega a 687 quil\u00f4metros de pistas","datePublished":"2024-05-25T21:30:37+00:00","mainEntityOfPage":{"@id":"https:\/\/www.p31noticias.com.br\/?p=51812"},"wordCount":97,"commentCount":0,"image":{"@id":"https:\/\/www.p31noticias.com.br\/?p=51812#primaryimage"},"thumbnailUrl":"https:\/\/www.p31noticias.com.br\/wp-content\/uploads\/2024\/05\/Foto-Lucio-Bernardo-1-So1gux-150x150-kLDEuj.jpeg","articleSection":["Bras\u00edlia"],"inLanguage":"pt-BR","potentialAction":[{"@type":"CommentAction","name":"Comment","target":["https:\/\/www.p31noticias.com.br\/?p=51812#respond"]}],"copyrightYear":"2024","copyrightHolder":{"@id":"https:\/\/www.p31noticias.com.br\/#organization"}},{"@type":"WebPage","@id":"https:\/\/www.p31noticias.com.br\/?p=51812","url":"https:\/\/www.p31noticias.com.br\/?p=51812","name":"DF amplia malha ciclovi\u00e1ria e chega a 687 quil\u00f4metros de pistas - P31","isPartOf":{"@id":"https:\/\/www.p31noticias.com.br\/#website"},"primaryImageOfPage":{"@id":"https:\/\/www.p31noticias.com.br\/?p=51812#primaryimage"},"image":{"@id":"https:\/\/www.p31noticias.com.br\/?p=51812#primaryimage"},"thumbnailUrl":"https:\/\/www.p31noticias.com.br\/wp-content\/uploads\/2024\/05\/Foto-Lucio-Bernardo-1-So1gux-150x150-kLDEuj.jpeg","datePublished":"2024-05-25T21:30:37+00:00","author":{"@id":""},"breadcrumb":{"@id":"https:\/\/www.p31noticias.com.br\/?p=51812#breadcrumb"},"inLanguage":"pt-BR","potentialAction":[{"@type":"ReadAction","target":["https:\/\/www.p31noticias.com.br\/?p=51812"]}]},{"@type":"ImageObject","inLanguage":"pt-BR","@id":"https:\/\/www.p31noticias.com.br\/?p=51812#primaryimage","url":"https:\/\/www.p31noticias.com.br\/wp-content\/uploads\/2024\/05\/Foto-Lucio-Bernardo-1-So1gux-150x150-kLDEuj.jpeg","contentUrl":"https:\/\/www.p31noticias.com.br\/wp-content\/uploads\/2024\/05\/Foto-Lucio-Bernardo-1-So1gux-150x150-kLDEuj.jpeg","width":150,"height":150},{"@type":"BreadcrumbList","@id":"https:\/\/www.p31noticias.com.br\/?p=51812#breadcrumb","itemListElement":[{"@type":"ListItem","position":1,"name":"In\u00edcio","item":"https:\/\/www.p31noticias.com.br\/"},{"@type":"ListItem","position":2,"name":"DF amplia malha ciclovi\u00e1ria e chega a 687 quil\u00f4metros de pistas"}]},{"@type":"WebSite","@id":"https:\/\/www.p31noticias.com.br\/#website","url":"https:\/\/www.p31noticias.com.br\/","name":"P31","description":"NOT\u00cdCIAS","potentialAction":[{"@type":"SearchAction","target":{"@type":"EntryPoint","urlTemplate":"https:\/\/www.p31noticias.com.br\/?s={search_term_string}"},"query-input":{"@type":"PropertyValueSpecification","valueRequired":true,"valueName":"search_term_string"}}],"inLanguage":"pt-BR"}]}},"amp_enabled":true,"_links":{"self":[{"href":"https:\/\/www.p31noticias.com.br\/index.php?rest_route=\/wp\/v2\/posts\/51812","targetHints":{"allow":["GET"]}}],"collection":[{"href":"https:\/\/www.p31noticias.com.br\/index.php?rest_route=\/wp\/v2\/posts"}],"about":[{"href":"https:\/\/www.p31noticias.com.br\/index.php?rest_route=\/wp\/v2\/types\/post"}],"replies":[{"embeddable":true,"href":"https:\/\/www.p31noticias.com.br\/index.php?rest_route=%2Fwp%2Fv2%2Fcomments&post=51812"}],"version-history":[{"count":0,"href":"https:\/\/www.p31noticias.com.br\/index.php?rest_route=\/wp\/v2\/posts\/51812\/revisions"}],"wp:featuredmedia":[{"embeddable":true,"href":"https:\/\/www.p31noticias.com.br\/index.php?rest_route=\/wp\/v2\/media\/51813"}],"wp:attachment":[{"href":"https:\/\/www.p31noticias.com.br\/index.php?rest_route=%2Fwp%2Fv2%2Fmedia&parent=51812"}],"wp:term":[{"taxonomy":"category","embeddable":true,"href":"https:\/\/www.p31noticias.com.br\/index.php?rest_route=%2Fwp%2Fv2%2Fcategories&post=51812"},{"taxonomy":"post_tag","embeddable":true,"href":"https:\/\/www.p31noticias.com.br\/index.php?rest_route=%2Fwp%2Fv2%2Ftags&post=51812"}],"curies":[{"name":"wp","href":"https:\/\/api.w.org\/{rel}","templated":true}]}}