{"id":51805,"date":"2024-05-25T15:30:16","date_gmt":"2024-05-25T18:30:16","guid":{"rendered":"https:\/\/p31noticias.com.br\/bebe-com-doenca-rara-e-transferido-do-df-ate-sp-para-fazer-transplante\/"},"modified":"2024-05-25T15:30:16","modified_gmt":"2024-05-25T18:30:16","slug":"bebe-com-doenca-rara-e-transferido-do-df-ate-sp-para-fazer-transplante","status":"publish","type":"post","link":"https:\/\/www.p31noticias.com.br\/?p=51805","title":{"rendered":"Beb\u00ea com doen\u00e7a rara \u00e9 transferido do DF at\u00e9 SP para fazer transplante"},"content":{"rendered":"<p>Um beb\u00ea de dois meses que tem uma doen\u00e7a rara no f\u00edgado foi transferido do Distrito Federal para S\u00e3o Paulo na manh\u00e3 deste s\u00e1bado (25\/5).\u00a0 O Governo do Distrito Federal (GDF), em parceria com o estado de Goi\u00e1s (GO), garantiu a transfer\u00eancia do paciente at\u00e9 a capital paulista para que a crian\u00e7a passe por um [\u2026]<\/p>\n<p>O post <a href=\"https:\/\/www.delioandrade.com.br\/bebe-com-doenca-rara-e-transferido-do-df-ate-sp-para-fazer-transplante\/\">Beb\u00ea com doen\u00e7a rara \u00e9 transferido do DF at\u00e9 SP para fazer transplante<\/a> apareceu primeiro em <a href=\"https:\/\/www.delioandrade.com.br\/\">Blog do D\u00c9LIO ANDRADE<\/a>.<\/p>\n","protected":false},"excerpt":{"rendered":"<p>Um beb\u00ea de dois meses que tem uma doen\u00e7a rara no f\u00edgado foi transferido do Distrito Federal para S\u00e3o Paulo na manh\u00e3 deste s\u00e1bado (25\/5).\u00a0 O Governo do Distrito Federal (GDF), em parceria com o estado de Goi\u00e1s (GO), garantiu a transfer\u00eancia do paciente at\u00e9 a capital paulista para que a crian\u00e7a passe por um [&hellip;]<\/p>\n","protected":false},"author":0,"featured_media":0,"comment_status":"open","ping_status":"open","sticky":false,"template":"","format":"standard","meta":{"footnotes":""},"categories":[21],"tags":[],"class_list":{"0":"post-51805","1":"post","2":"type-post","3":"status-publish","4":"format-standard","6":"category-brasilia"},"yoast_head":"<!-- This site is optimized with the Yoast SEO Premium plugin v24.5 (Yoast SEO v27.4) - https:\/\/yoast.com\/product\/yoast-seo-premium-wordpress\/ -->\n<title>Beb\u00ea com doen\u00e7a rara \u00e9 transferido do DF at\u00e9 SP para fazer transplante - P31<\/title>\n<meta name=\"robots\" content=\"index, follow, max-snippet:-1, max-image-preview:large, max-video-preview:-1\" \/>\n<link rel=\"canonical\" href=\"https:\/\/www.p31noticias.com.br\/?p=51805\" \/>\n<meta property=\"og:locale\" content=\"pt_BR\" \/>\n<meta property=\"og:type\" content=\"article\" \/>\n<meta property=\"og:title\" content=\"Beb\u00ea com doen\u00e7a rara \u00e9 transferido do DF at\u00e9 SP para fazer transplante\" \/>\n<meta property=\"og:description\" content=\"Um beb\u00ea de dois meses que tem uma doen\u00e7a rara no f\u00edgado foi transferido do Distrito Federal para S\u00e3o Paulo na manh\u00e3 deste s\u00e1bado (25\/5).\u00a0 O Governo do Distrito Federal (GDF), em parceria com o estado de Goi\u00e1s (GO), garantiu a transfer\u00eancia do paciente at\u00e9 a capital paulista para que a crian\u00e7a passe por um [&hellip;]\" \/>\n<meta property=\"og:url\" content=\"https:\/\/www.p31noticias.com.br\/?p=51805\" \/>\n<meta property=\"og:site_name\" content=\"P31\" \/>\n<meta property=\"article:published_time\" content=\"2024-05-25T18:30:16+00:00\" \/>\n<meta name=\"twitter:card\" content=\"summary_large_image\" \/>\n<script type=\"application\/ld+json\" class=\"yoast-schema-graph\">{\"@context\":\"https:\\\/\\\/schema.org\",\"@graph\":[{\"@type\":\"Article\",\"@id\":\"https:\\\/\\\/www.p31noticias.com.br\\\/?p=51805#article\",\"isPartOf\":{\"@id\":\"https:\\\/\\\/www.p31noticias.com.br\\\/?p=51805\"},\"author\":{\"name\":\"\",\"@id\":\"\"},\"headline\":\"Beb\u00ea com doen\u00e7a rara \u00e9 transferido do DF at\u00e9 SP para fazer transplante\",\"datePublished\":\"2024-05-25T18:30:16+00:00\",\"mainEntityOfPage\":{\"@id\":\"https:\\\/\\\/www.p31noticias.com.br\\\/?p=51805\"},\"wordCount\":97,\"commentCount\":0,\"articleSection\":[\"Bras\u00edlia\"],\"inLanguage\":\"pt-BR\",\"potentialAction\":[{\"@type\":\"CommentAction\",\"name\":\"Comment\",\"target\":[\"https:\\\/\\\/www.p31noticias.com.br\\\/?p=51805#respond\"]}],\"copyrightYear\":\"2024\",\"copyrightHolder\":{\"@id\":\"https:\\\/\\\/www.p31noticias.com.br\\\/#organization\"}},{\"@type\":\"WebPage\",\"@id\":\"https:\\\/\\\/www.p31noticias.com.br\\\/?p=51805\",\"url\":\"https:\\\/\\\/www.p31noticias.com.br\\\/?p=51805\",\"name\":\"Beb\u00ea com doen\u00e7a rara \u00e9 transferido do DF at\u00e9 SP para fazer transplante - P31\",\"isPartOf\":{\"@id\":\"https:\\\/\\\/www.p31noticias.com.br\\\/#website\"},\"datePublished\":\"2024-05-25T18:30:16+00:00\",\"author\":{\"@id\":\"\"},\"breadcrumb\":{\"@id\":\"https:\\\/\\\/www.p31noticias.com.br\\\/?p=51805#breadcrumb\"},\"inLanguage\":\"pt-BR\",\"potentialAction\":[{\"@type\":\"ReadAction\",\"target\":[\"https:\\\/\\\/www.p31noticias.com.br\\\/?p=51805\"]}]},{\"@type\":\"BreadcrumbList\",\"@id\":\"https:\\\/\\\/www.p31noticias.com.br\\\/?p=51805#breadcrumb\",\"itemListElement\":[{\"@type\":\"ListItem\",\"position\":1,\"name\":\"In\u00edcio\",\"item\":\"https:\\\/\\\/www.p31noticias.com.br\\\/\"},{\"@type\":\"ListItem\",\"position\":2,\"name\":\"Beb\u00ea com doen\u00e7a rara \u00e9 transferido do DF at\u00e9 SP para fazer transplante\"}]},{\"@type\":\"WebSite\",\"@id\":\"https:\\\/\\\/www.p31noticias.com.br\\\/#website\",\"url\":\"https:\\\/\\\/www.p31noticias.com.br\\\/\",\"name\":\"P31\",\"description\":\"NOT\u00cdCIAS\",\"potentialAction\":[{\"@type\":\"SearchAction\",\"target\":{\"@type\":\"EntryPoint\",\"urlTemplate\":\"https:\\\/\\\/www.p31noticias.com.br\\\/?s={search_term_string}\"},\"query-input\":{\"@type\":\"PropertyValueSpecification\",\"valueRequired\":true,\"valueName\":\"search_term_string\"}}],\"inLanguage\":\"pt-BR\"}]}<\/script>\n<!-- \/ Yoast SEO Premium plugin. -->","yoast_head_json":{"title":"Beb\u00ea com doen\u00e7a rara \u00e9 transferido do DF at\u00e9 SP para fazer transplante - P31","robots":{"index":"index","follow":"follow","max-snippet":"max-snippet:-1","max-image-preview":"max-image-preview:large","max-video-preview":"max-video-preview:-1"},"canonical":"https:\/\/www.p31noticias.com.br\/?p=51805","og_locale":"pt_BR","og_type":"article","og_title":"Beb\u00ea com doen\u00e7a rara \u00e9 transferido do DF at\u00e9 SP para fazer transplante","og_description":"Um beb\u00ea de dois meses que tem uma doen\u00e7a rara no f\u00edgado foi transferido do Distrito Federal para S\u00e3o Paulo na manh\u00e3 deste s\u00e1bado (25\/5).\u00a0 O Governo do Distrito Federal (GDF), em parceria com o estado de Goi\u00e1s (GO), garantiu a transfer\u00eancia do paciente at\u00e9 a capital paulista para que a crian\u00e7a passe por um [&hellip;]","og_url":"https:\/\/www.p31noticias.com.br\/?p=51805","og_site_name":"P31","article_published_time":"2024-05-25T18:30:16+00:00","twitter_card":"summary_large_image","schema":{"@context":"https:\/\/schema.org","@graph":[{"@type":"Article","@id":"https:\/\/www.p31noticias.com.br\/?p=51805#article","isPartOf":{"@id":"https:\/\/www.p31noticias.com.br\/?p=51805"},"author":{"name":"","@id":""},"headline":"Beb\u00ea com doen\u00e7a rara \u00e9 transferido do DF at\u00e9 SP para fazer transplante","datePublished":"2024-05-25T18:30:16+00:00","mainEntityOfPage":{"@id":"https:\/\/www.p31noticias.com.br\/?p=51805"},"wordCount":97,"commentCount":0,"articleSection":["Bras\u00edlia"],"inLanguage":"pt-BR","potentialAction":[{"@type":"CommentAction","name":"Comment","target":["https:\/\/www.p31noticias.com.br\/?p=51805#respond"]}],"copyrightYear":"2024","copyrightHolder":{"@id":"https:\/\/www.p31noticias.com.br\/#organization"}},{"@type":"WebPage","@id":"https:\/\/www.p31noticias.com.br\/?p=51805","url":"https:\/\/www.p31noticias.com.br\/?p=51805","name":"Beb\u00ea com doen\u00e7a rara \u00e9 transferido do DF at\u00e9 SP para fazer transplante - P31","isPartOf":{"@id":"https:\/\/www.p31noticias.com.br\/#website"},"datePublished":"2024-05-25T18:30:16+00:00","author":{"@id":""},"breadcrumb":{"@id":"https:\/\/www.p31noticias.com.br\/?p=51805#breadcrumb"},"inLanguage":"pt-BR","potentialAction":[{"@type":"ReadAction","target":["https:\/\/www.p31noticias.com.br\/?p=51805"]}]},{"@type":"BreadcrumbList","@id":"https:\/\/www.p31noticias.com.br\/?p=51805#breadcrumb","itemListElement":[{"@type":"ListItem","position":1,"name":"In\u00edcio","item":"https:\/\/www.p31noticias.com.br\/"},{"@type":"ListItem","position":2,"name":"Beb\u00ea com doen\u00e7a rara \u00e9 transferido do DF at\u00e9 SP para fazer transplante"}]},{"@type":"WebSite","@id":"https:\/\/www.p31noticias.com.br\/#website","url":"https:\/\/www.p31noticias.com.br\/","name":"P31","description":"NOT\u00cdCIAS","potentialAction":[{"@type":"SearchAction","target":{"@type":"EntryPoint","urlTemplate":"https:\/\/www.p31noticias.com.br\/?s={search_term_string}"},"query-input":{"@type":"PropertyValueSpecification","valueRequired":true,"valueName":"search_term_string"}}],"inLanguage":"pt-BR"}]}},"amp_enabled":true,"_links":{"self":[{"href":"https:\/\/www.p31noticias.com.br\/index.php?rest_route=\/wp\/v2\/posts\/51805","targetHints":{"allow":["GET"]}}],"collection":[{"href":"https:\/\/www.p31noticias.com.br\/index.php?rest_route=\/wp\/v2\/posts"}],"about":[{"href":"https:\/\/www.p31noticias.com.br\/index.php?rest_route=\/wp\/v2\/types\/post"}],"replies":[{"embeddable":true,"href":"https:\/\/www.p31noticias.com.br\/index.php?rest_route=%2Fwp%2Fv2%2Fcomments&post=51805"}],"version-history":[{"count":0,"href":"https:\/\/www.p31noticias.com.br\/index.php?rest_route=\/wp\/v2\/posts\/51805\/revisions"}],"wp:attachment":[{"href":"https:\/\/www.p31noticias.com.br\/index.php?rest_route=%2Fwp%2Fv2%2Fmedia&parent=51805"}],"wp:term":[{"taxonomy":"category","embeddable":true,"href":"https:\/\/www.p31noticias.com.br\/index.php?rest_route=%2Fwp%2Fv2%2Fcategories&post=51805"},{"taxonomy":"post_tag","embeddable":true,"href":"https:\/\/www.p31noticias.com.br\/index.php?rest_route=%2Fwp%2Fv2%2Ftags&post=51805"}],"curies":[{"name":"wp","href":"https:\/\/api.w.org\/{rel}","templated":true}]}}