{"id":51791,"date":"2024-05-25T13:30:10","date_gmt":"2024-05-25T16:30:10","guid":{"rendered":"https:\/\/p31noticias.com.br\/corrida-flower-run-interdita-marginal-da-via-jk-neste-domingo\/"},"modified":"2024-05-25T13:30:10","modified_gmt":"2024-05-25T16:30:10","slug":"corrida-flower-run-interdita-marginal-da-via-jk-neste-domingo","status":"publish","type":"post","link":"https:\/\/www.p31noticias.com.br\/?p=51791","title":{"rendered":"Corrida Flower Run interdita marginal da Via JK neste domingo"},"content":{"rendered":"<p>Na manh\u00e3 deste domingo (26), o Departamento de Tr\u00e2nsito do Distrito Federal (Detran-DF) vai interditar a marginal da Via JK, das 6h30 \u00e0s 9h, em raz\u00e3o da Corrida Flower Run, que ser\u00e1 realizada na Orla da Ponte JK, com largada prevista para as 7h, em frente ao Bar Mormaii. Arte: Detran-DF Cidade Estrutural ter\u00e1 passeio [\u2026]<\/p>\n<p>O post <a href=\"https:\/\/www.delioandrade.com.br\/corrida-flower-run-interdita-marginal-da-via-jk-neste-domingo\/\">Corrida Flower Run interdita marginal da Via JK neste domingo<\/a> apareceu primeiro em <a href=\"https:\/\/www.delioandrade.com.br\/\">Blog do D\u00c9LIO ANDRADE<\/a>.<\/p>\n","protected":false},"excerpt":{"rendered":"<p>Na manh\u00e3 deste domingo (26), o Departamento de Tr\u00e2nsito do Distrito Federal (Detran-DF) vai interditar a marginal da Via JK, das 6h30 \u00e0s 9h, em raz\u00e3o da Corrida Flower Run, que ser\u00e1 realizada na Orla da Ponte JK, com largada prevista para as 7h, em frente ao Bar Mormaii. Arte: Detran-DF Cidade Estrutural ter\u00e1 passeio [&hellip;]<\/p>\n","protected":false},"author":0,"featured_media":51792,"comment_status":"open","ping_status":"open","sticky":false,"template":"","format":"standard","meta":{"footnotes":""},"categories":[21],"tags":[],"class_list":{"0":"post-51791","1":"post","2":"type-post","3":"status-publish","4":"format-standard","5":"has-post-thumbnail","7":"category-brasilia"},"yoast_head":"<!-- This site is optimized with the Yoast SEO Premium plugin v24.5 (Yoast SEO v27.4) - https:\/\/yoast.com\/product\/yoast-seo-premium-wordpress\/ -->\n<title>Corrida Flower Run interdita marginal da Via JK neste domingo - P31<\/title>\n<meta name=\"robots\" content=\"index, follow, max-snippet:-1, max-image-preview:large, max-video-preview:-1\" \/>\n<link rel=\"canonical\" href=\"https:\/\/www.p31noticias.com.br\/?p=51791\" \/>\n<meta property=\"og:locale\" content=\"pt_BR\" \/>\n<meta property=\"og:type\" content=\"article\" \/>\n<meta property=\"og:title\" content=\"Corrida Flower Run interdita marginal da Via JK neste domingo\" \/>\n<meta property=\"og:description\" content=\"Na manh\u00e3 deste domingo (26), o Departamento de Tr\u00e2nsito do Distrito Federal (Detran-DF) vai interditar a marginal da Via JK, das 6h30 \u00e0s 9h, em raz\u00e3o da Corrida Flower Run, que ser\u00e1 realizada na Orla da Ponte JK, com largada prevista para as 7h, em frente ao Bar Mormaii. Arte: Detran-DF Cidade Estrutural ter\u00e1 passeio [&hellip;]\" \/>\n<meta property=\"og:url\" content=\"https:\/\/www.p31noticias.com.br\/?p=51791\" \/>\n<meta property=\"og:site_name\" content=\"P31\" \/>\n<meta property=\"article:published_time\" content=\"2024-05-25T16:30:10+00:00\" \/>\n<meta property=\"og:image\" content=\"https:\/\/www.p31noticias.com.br\/wp-content\/uploads\/2024\/05\/WhatsApp-Image-2024-05-24-at-17.50.53-ahP7nW-150x150-EX9Mp5.jpeg\" \/>\n\t<meta property=\"og:image:width\" content=\"150\" \/>\n\t<meta property=\"og:image:height\" content=\"150\" \/>\n\t<meta property=\"og:image:type\" content=\"image\/jpeg\" \/>\n<meta name=\"twitter:card\" content=\"summary_large_image\" \/>\n<script type=\"application\/ld+json\" class=\"yoast-schema-graph\">{\"@context\":\"https:\\\/\\\/schema.org\",\"@graph\":[{\"@type\":\"Article\",\"@id\":\"https:\\\/\\\/www.p31noticias.com.br\\\/?p=51791#article\",\"isPartOf\":{\"@id\":\"https:\\\/\\\/www.p31noticias.com.br\\\/?p=51791\"},\"author\":{\"name\":\"\",\"@id\":\"\"},\"headline\":\"Corrida Flower Run interdita marginal da Via JK neste domingo\",\"datePublished\":\"2024-05-25T16:30:10+00:00\",\"mainEntityOfPage\":{\"@id\":\"https:\\\/\\\/www.p31noticias.com.br\\\/?p=51791\"},\"wordCount\":86,\"commentCount\":0,\"image\":{\"@id\":\"https:\\\/\\\/www.p31noticias.com.br\\\/?p=51791#primaryimage\"},\"thumbnailUrl\":\"https:\\\/\\\/www.p31noticias.com.br\\\/wp-content\\\/uploads\\\/2024\\\/05\\\/WhatsApp-Image-2024-05-24-at-17.50.53-ahP7nW-150x150-EX9Mp5.jpeg\",\"articleSection\":[\"Bras\u00edlia\"],\"inLanguage\":\"pt-BR\",\"potentialAction\":[{\"@type\":\"CommentAction\",\"name\":\"Comment\",\"target\":[\"https:\\\/\\\/www.p31noticias.com.br\\\/?p=51791#respond\"]}],\"copyrightYear\":\"2024\",\"copyrightHolder\":{\"@id\":\"https:\\\/\\\/www.p31noticias.com.br\\\/#organization\"}},{\"@type\":\"WebPage\",\"@id\":\"https:\\\/\\\/www.p31noticias.com.br\\\/?p=51791\",\"url\":\"https:\\\/\\\/www.p31noticias.com.br\\\/?p=51791\",\"name\":\"Corrida Flower Run interdita marginal da Via JK neste domingo - P31\",\"isPartOf\":{\"@id\":\"https:\\\/\\\/www.p31noticias.com.br\\\/#website\"},\"primaryImageOfPage\":{\"@id\":\"https:\\\/\\\/www.p31noticias.com.br\\\/?p=51791#primaryimage\"},\"image\":{\"@id\":\"https:\\\/\\\/www.p31noticias.com.br\\\/?p=51791#primaryimage\"},\"thumbnailUrl\":\"https:\\\/\\\/www.p31noticias.com.br\\\/wp-content\\\/uploads\\\/2024\\\/05\\\/WhatsApp-Image-2024-05-24-at-17.50.53-ahP7nW-150x150-EX9Mp5.jpeg\",\"datePublished\":\"2024-05-25T16:30:10+00:00\",\"author\":{\"@id\":\"\"},\"breadcrumb\":{\"@id\":\"https:\\\/\\\/www.p31noticias.com.br\\\/?p=51791#breadcrumb\"},\"inLanguage\":\"pt-BR\",\"potentialAction\":[{\"@type\":\"ReadAction\",\"target\":[\"https:\\\/\\\/www.p31noticias.com.br\\\/?p=51791\"]}]},{\"@type\":\"ImageObject\",\"inLanguage\":\"pt-BR\",\"@id\":\"https:\\\/\\\/www.p31noticias.com.br\\\/?p=51791#primaryimage\",\"url\":\"https:\\\/\\\/www.p31noticias.com.br\\\/wp-content\\\/uploads\\\/2024\\\/05\\\/WhatsApp-Image-2024-05-24-at-17.50.53-ahP7nW-150x150-EX9Mp5.jpeg\",\"contentUrl\":\"https:\\\/\\\/www.p31noticias.com.br\\\/wp-content\\\/uploads\\\/2024\\\/05\\\/WhatsApp-Image-2024-05-24-at-17.50.53-ahP7nW-150x150-EX9Mp5.jpeg\",\"width\":150,\"height\":150},{\"@type\":\"BreadcrumbList\",\"@id\":\"https:\\\/\\\/www.p31noticias.com.br\\\/?p=51791#breadcrumb\",\"itemListElement\":[{\"@type\":\"ListItem\",\"position\":1,\"name\":\"In\u00edcio\",\"item\":\"https:\\\/\\\/www.p31noticias.com.br\\\/\"},{\"@type\":\"ListItem\",\"position\":2,\"name\":\"Corrida Flower Run interdita marginal da Via JK neste domingo\"}]},{\"@type\":\"WebSite\",\"@id\":\"https:\\\/\\\/www.p31noticias.com.br\\\/#website\",\"url\":\"https:\\\/\\\/www.p31noticias.com.br\\\/\",\"name\":\"P31\",\"description\":\"NOT\u00cdCIAS\",\"potentialAction\":[{\"@type\":\"SearchAction\",\"target\":{\"@type\":\"EntryPoint\",\"urlTemplate\":\"https:\\\/\\\/www.p31noticias.com.br\\\/?s={search_term_string}\"},\"query-input\":{\"@type\":\"PropertyValueSpecification\",\"valueRequired\":true,\"valueName\":\"search_term_string\"}}],\"inLanguage\":\"pt-BR\"}]}<\/script>\n<!-- \/ Yoast SEO Premium plugin. -->","yoast_head_json":{"title":"Corrida Flower Run interdita marginal da Via JK neste domingo - P31","robots":{"index":"index","follow":"follow","max-snippet":"max-snippet:-1","max-image-preview":"max-image-preview:large","max-video-preview":"max-video-preview:-1"},"canonical":"https:\/\/www.p31noticias.com.br\/?p=51791","og_locale":"pt_BR","og_type":"article","og_title":"Corrida Flower Run interdita marginal da Via JK neste domingo","og_description":"Na manh\u00e3 deste domingo (26), o Departamento de Tr\u00e2nsito do Distrito Federal (Detran-DF) vai interditar a marginal da Via JK, das 6h30 \u00e0s 9h, em raz\u00e3o da Corrida Flower Run, que ser\u00e1 realizada na Orla da Ponte JK, com largada prevista para as 7h, em frente ao Bar Mormaii. Arte: Detran-DF Cidade Estrutural ter\u00e1 passeio [&hellip;]","og_url":"https:\/\/www.p31noticias.com.br\/?p=51791","og_site_name":"P31","article_published_time":"2024-05-25T16:30:10+00:00","og_image":[{"width":150,"height":150,"url":"https:\/\/www.p31noticias.com.br\/wp-content\/uploads\/2024\/05\/WhatsApp-Image-2024-05-24-at-17.50.53-ahP7nW-150x150-EX9Mp5.jpeg","type":"image\/jpeg"}],"twitter_card":"summary_large_image","schema":{"@context":"https:\/\/schema.org","@graph":[{"@type":"Article","@id":"https:\/\/www.p31noticias.com.br\/?p=51791#article","isPartOf":{"@id":"https:\/\/www.p31noticias.com.br\/?p=51791"},"author":{"name":"","@id":""},"headline":"Corrida Flower Run interdita marginal da Via JK neste domingo","datePublished":"2024-05-25T16:30:10+00:00","mainEntityOfPage":{"@id":"https:\/\/www.p31noticias.com.br\/?p=51791"},"wordCount":86,"commentCount":0,"image":{"@id":"https:\/\/www.p31noticias.com.br\/?p=51791#primaryimage"},"thumbnailUrl":"https:\/\/www.p31noticias.com.br\/wp-content\/uploads\/2024\/05\/WhatsApp-Image-2024-05-24-at-17.50.53-ahP7nW-150x150-EX9Mp5.jpeg","articleSection":["Bras\u00edlia"],"inLanguage":"pt-BR","potentialAction":[{"@type":"CommentAction","name":"Comment","target":["https:\/\/www.p31noticias.com.br\/?p=51791#respond"]}],"copyrightYear":"2024","copyrightHolder":{"@id":"https:\/\/www.p31noticias.com.br\/#organization"}},{"@type":"WebPage","@id":"https:\/\/www.p31noticias.com.br\/?p=51791","url":"https:\/\/www.p31noticias.com.br\/?p=51791","name":"Corrida Flower Run interdita marginal da Via JK neste domingo - P31","isPartOf":{"@id":"https:\/\/www.p31noticias.com.br\/#website"},"primaryImageOfPage":{"@id":"https:\/\/www.p31noticias.com.br\/?p=51791#primaryimage"},"image":{"@id":"https:\/\/www.p31noticias.com.br\/?p=51791#primaryimage"},"thumbnailUrl":"https:\/\/www.p31noticias.com.br\/wp-content\/uploads\/2024\/05\/WhatsApp-Image-2024-05-24-at-17.50.53-ahP7nW-150x150-EX9Mp5.jpeg","datePublished":"2024-05-25T16:30:10+00:00","author":{"@id":""},"breadcrumb":{"@id":"https:\/\/www.p31noticias.com.br\/?p=51791#breadcrumb"},"inLanguage":"pt-BR","potentialAction":[{"@type":"ReadAction","target":["https:\/\/www.p31noticias.com.br\/?p=51791"]}]},{"@type":"ImageObject","inLanguage":"pt-BR","@id":"https:\/\/www.p31noticias.com.br\/?p=51791#primaryimage","url":"https:\/\/www.p31noticias.com.br\/wp-content\/uploads\/2024\/05\/WhatsApp-Image-2024-05-24-at-17.50.53-ahP7nW-150x150-EX9Mp5.jpeg","contentUrl":"https:\/\/www.p31noticias.com.br\/wp-content\/uploads\/2024\/05\/WhatsApp-Image-2024-05-24-at-17.50.53-ahP7nW-150x150-EX9Mp5.jpeg","width":150,"height":150},{"@type":"BreadcrumbList","@id":"https:\/\/www.p31noticias.com.br\/?p=51791#breadcrumb","itemListElement":[{"@type":"ListItem","position":1,"name":"In\u00edcio","item":"https:\/\/www.p31noticias.com.br\/"},{"@type":"ListItem","position":2,"name":"Corrida Flower Run interdita marginal da Via JK neste domingo"}]},{"@type":"WebSite","@id":"https:\/\/www.p31noticias.com.br\/#website","url":"https:\/\/www.p31noticias.com.br\/","name":"P31","description":"NOT\u00cdCIAS","potentialAction":[{"@type":"SearchAction","target":{"@type":"EntryPoint","urlTemplate":"https:\/\/www.p31noticias.com.br\/?s={search_term_string}"},"query-input":{"@type":"PropertyValueSpecification","valueRequired":true,"valueName":"search_term_string"}}],"inLanguage":"pt-BR"}]}},"amp_enabled":true,"_links":{"self":[{"href":"https:\/\/www.p31noticias.com.br\/index.php?rest_route=\/wp\/v2\/posts\/51791","targetHints":{"allow":["GET"]}}],"collection":[{"href":"https:\/\/www.p31noticias.com.br\/index.php?rest_route=\/wp\/v2\/posts"}],"about":[{"href":"https:\/\/www.p31noticias.com.br\/index.php?rest_route=\/wp\/v2\/types\/post"}],"replies":[{"embeddable":true,"href":"https:\/\/www.p31noticias.com.br\/index.php?rest_route=%2Fwp%2Fv2%2Fcomments&post=51791"}],"version-history":[{"count":0,"href":"https:\/\/www.p31noticias.com.br\/index.php?rest_route=\/wp\/v2\/posts\/51791\/revisions"}],"wp:featuredmedia":[{"embeddable":true,"href":"https:\/\/www.p31noticias.com.br\/index.php?rest_route=\/wp\/v2\/media\/51792"}],"wp:attachment":[{"href":"https:\/\/www.p31noticias.com.br\/index.php?rest_route=%2Fwp%2Fv2%2Fmedia&parent=51791"}],"wp:term":[{"taxonomy":"category","embeddable":true,"href":"https:\/\/www.p31noticias.com.br\/index.php?rest_route=%2Fwp%2Fv2%2Fcategories&post=51791"},{"taxonomy":"post_tag","embeddable":true,"href":"https:\/\/www.p31noticias.com.br\/index.php?rest_route=%2Fwp%2Fv2%2Ftags&post=51791"}],"curies":[{"name":"wp","href":"https:\/\/api.w.org\/{rel}","templated":true}]}}