{"id":51646,"date":"2024-05-24T10:30:25","date_gmt":"2024-05-24T13:30:25","guid":{"rendered":"https:\/\/p31noticias.com.br\/agenda-cultural-de-todos-os-cantos-do-mundo-neste-fim-de-semana\/"},"modified":"2024-05-24T10:30:25","modified_gmt":"2024-05-24T13:30:25","slug":"agenda-cultural-de-todos-os-cantos-do-mundo-neste-fim-de-semana","status":"publish","type":"post","link":"https:\/\/www.p31noticias.com.br\/?p=51646","title":{"rendered":"Agenda cultural de todos os cantos do mundo neste fim de semana"},"content":{"rendered":"<p>Os brasilienses ter\u00e3o acesso a diversas op\u00e7\u00f5es para preencher a agenda cultural deste fim de semana. Entre sexta (24) e domingo (26), o Distrito Federal receber\u00e1 apresenta\u00e7\u00f5es teatrais, exposi\u00e7\u00e3o de carros e festivais que exaltam o samba e tamb\u00e9m a cultura japonesa. Confira a seguir a programa\u00e7\u00e3o gratuita fomentada pelas secretarias de Turismo (Setur) e [\u2026]<\/p>\n<p>O post <a href=\"https:\/\/www.delioandrade.com.br\/agenda-cultural-de-todos-os-cantos-do-mundo-neste-fim-de-semana\/\">Agenda cultural de todos os cantos do mundo neste fim de semana<\/a> apareceu primeiro em <a href=\"https:\/\/www.delioandrade.com.br\/\">Blog do D\u00c9LIO ANDRADE<\/a>.<\/p>\n","protected":false},"excerpt":{"rendered":"<p>Os brasilienses ter\u00e3o acesso a diversas op\u00e7\u00f5es para preencher a agenda cultural deste fim de semana. Entre sexta (24) e domingo (26), o Distrito Federal receber\u00e1 apresenta\u00e7\u00f5es teatrais, exposi\u00e7\u00e3o de carros e festivais que exaltam o samba e tamb\u00e9m a cultura japonesa. Confira a seguir a programa\u00e7\u00e3o gratuita fomentada pelas secretarias de Turismo (Setur) e [&hellip;]<\/p>\n","protected":false},"author":0,"featured_media":51647,"comment_status":"open","ping_status":"open","sticky":false,"template":"","format":"standard","meta":{"footnotes":""},"categories":[21],"tags":[],"class_list":{"0":"post-51646","1":"post","2":"type-post","3":"status-publish","4":"format-standard","5":"has-post-thumbnail","7":"category-brasilia"},"yoast_head":"<!-- This site is optimized with the Yoast SEO Premium plugin v24.5 (Yoast SEO v27.5) - https:\/\/yoast.com\/product\/yoast-seo-premium-wordpress\/ -->\n<title>Agenda cultural de todos os cantos do mundo neste fim de semana - P31<\/title>\n<meta name=\"robots\" content=\"index, follow, max-snippet:-1, max-image-preview:large, max-video-preview:-1\" \/>\n<link rel=\"canonical\" href=\"https:\/\/www.p31noticias.com.br\/?p=51646\" \/>\n<meta property=\"og:locale\" content=\"pt_BR\" \/>\n<meta property=\"og:type\" content=\"article\" \/>\n<meta property=\"og:title\" content=\"Agenda cultural de todos os cantos do mundo neste fim de semana\" \/>\n<meta property=\"og:description\" content=\"Os brasilienses ter\u00e3o acesso a diversas op\u00e7\u00f5es para preencher a agenda cultural deste fim de semana. Entre sexta (24) e domingo (26), o Distrito Federal receber\u00e1 apresenta\u00e7\u00f5es teatrais, exposi\u00e7\u00e3o de carros e festivais que exaltam o samba e tamb\u00e9m a cultura japonesa. Confira a seguir a programa\u00e7\u00e3o gratuita fomentada pelas secretarias de Turismo (Setur) e [&hellip;]\" \/>\n<meta property=\"og:url\" content=\"https:\/\/www.p31noticias.com.br\/?p=51646\" \/>\n<meta property=\"og:site_name\" content=\"P31\" \/>\n<meta property=\"article:published_time\" content=\"2024-05-24T13:30:25+00:00\" \/>\n<meta property=\"og:image\" content=\"https:\/\/www.p31noticias.com.br\/wp-content\/uploads\/2024\/05\/Teatro-dos-Bonecos-Foto-Divulgacao-2-fVvg1o-150x150-OfnJaE.jpeg\" \/>\n\t<meta property=\"og:image:width\" content=\"150\" \/>\n\t<meta property=\"og:image:height\" content=\"150\" \/>\n\t<meta property=\"og:image:type\" content=\"image\/jpeg\" \/>\n<meta name=\"twitter:card\" content=\"summary_large_image\" \/>\n<script type=\"application\/ld+json\" class=\"yoast-schema-graph\">{\"@context\":\"https:\\\/\\\/schema.org\",\"@graph\":[{\"@type\":\"Article\",\"@id\":\"https:\\\/\\\/www.p31noticias.com.br\\\/?p=51646#article\",\"isPartOf\":{\"@id\":\"https:\\\/\\\/www.p31noticias.com.br\\\/?p=51646\"},\"author\":{\"name\":\"\",\"@id\":\"\"},\"headline\":\"Agenda cultural de todos os cantos do mundo neste fim de semana\",\"datePublished\":\"2024-05-24T13:30:25+00:00\",\"mainEntityOfPage\":{\"@id\":\"https:\\\/\\\/www.p31noticias.com.br\\\/?p=51646\"},\"wordCount\":93,\"commentCount\":0,\"image\":{\"@id\":\"https:\\\/\\\/www.p31noticias.com.br\\\/?p=51646#primaryimage\"},\"thumbnailUrl\":\"https:\\\/\\\/www.p31noticias.com.br\\\/wp-content\\\/uploads\\\/2024\\\/05\\\/Teatro-dos-Bonecos-Foto-Divulgacao-2-fVvg1o-150x150-OfnJaE.jpeg\",\"articleSection\":[\"Bras\u00edlia\"],\"inLanguage\":\"pt-BR\",\"potentialAction\":[{\"@type\":\"CommentAction\",\"name\":\"Comment\",\"target\":[\"https:\\\/\\\/www.p31noticias.com.br\\\/?p=51646#respond\"]}],\"copyrightYear\":\"2024\",\"copyrightHolder\":{\"@id\":\"https:\\\/\\\/www.p31noticias.com.br\\\/#organization\"}},{\"@type\":\"WebPage\",\"@id\":\"https:\\\/\\\/www.p31noticias.com.br\\\/?p=51646\",\"url\":\"https:\\\/\\\/www.p31noticias.com.br\\\/?p=51646\",\"name\":\"Agenda cultural de todos os cantos do mundo neste fim de semana - P31\",\"isPartOf\":{\"@id\":\"https:\\\/\\\/www.p31noticias.com.br\\\/#website\"},\"primaryImageOfPage\":{\"@id\":\"https:\\\/\\\/www.p31noticias.com.br\\\/?p=51646#primaryimage\"},\"image\":{\"@id\":\"https:\\\/\\\/www.p31noticias.com.br\\\/?p=51646#primaryimage\"},\"thumbnailUrl\":\"https:\\\/\\\/www.p31noticias.com.br\\\/wp-content\\\/uploads\\\/2024\\\/05\\\/Teatro-dos-Bonecos-Foto-Divulgacao-2-fVvg1o-150x150-OfnJaE.jpeg\",\"datePublished\":\"2024-05-24T13:30:25+00:00\",\"author\":{\"@id\":\"\"},\"breadcrumb\":{\"@id\":\"https:\\\/\\\/www.p31noticias.com.br\\\/?p=51646#breadcrumb\"},\"inLanguage\":\"pt-BR\",\"potentialAction\":[{\"@type\":\"ReadAction\",\"target\":[\"https:\\\/\\\/www.p31noticias.com.br\\\/?p=51646\"]}]},{\"@type\":\"ImageObject\",\"inLanguage\":\"pt-BR\",\"@id\":\"https:\\\/\\\/www.p31noticias.com.br\\\/?p=51646#primaryimage\",\"url\":\"https:\\\/\\\/www.p31noticias.com.br\\\/wp-content\\\/uploads\\\/2024\\\/05\\\/Teatro-dos-Bonecos-Foto-Divulgacao-2-fVvg1o-150x150-OfnJaE.jpeg\",\"contentUrl\":\"https:\\\/\\\/www.p31noticias.com.br\\\/wp-content\\\/uploads\\\/2024\\\/05\\\/Teatro-dos-Bonecos-Foto-Divulgacao-2-fVvg1o-150x150-OfnJaE.jpeg\",\"width\":150,\"height\":150},{\"@type\":\"BreadcrumbList\",\"@id\":\"https:\\\/\\\/www.p31noticias.com.br\\\/?p=51646#breadcrumb\",\"itemListElement\":[{\"@type\":\"ListItem\",\"position\":1,\"name\":\"In\u00edcio\",\"item\":\"https:\\\/\\\/www.p31noticias.com.br\\\/\"},{\"@type\":\"ListItem\",\"position\":2,\"name\":\"Agenda cultural de todos os cantos do mundo neste fim de semana\"}]},{\"@type\":\"WebSite\",\"@id\":\"https:\\\/\\\/www.p31noticias.com.br\\\/#website\",\"url\":\"https:\\\/\\\/www.p31noticias.com.br\\\/\",\"name\":\"P31\",\"description\":\"NOT\u00cdCIAS\",\"potentialAction\":[{\"@type\":\"SearchAction\",\"target\":{\"@type\":\"EntryPoint\",\"urlTemplate\":\"https:\\\/\\\/www.p31noticias.com.br\\\/?s={search_term_string}\"},\"query-input\":{\"@type\":\"PropertyValueSpecification\",\"valueRequired\":true,\"valueName\":\"search_term_string\"}}],\"inLanguage\":\"pt-BR\"}]}<\/script>\n<!-- \/ Yoast SEO Premium plugin. -->","yoast_head_json":{"title":"Agenda cultural de todos os cantos do mundo neste fim de semana - P31","robots":{"index":"index","follow":"follow","max-snippet":"max-snippet:-1","max-image-preview":"max-image-preview:large","max-video-preview":"max-video-preview:-1"},"canonical":"https:\/\/www.p31noticias.com.br\/?p=51646","og_locale":"pt_BR","og_type":"article","og_title":"Agenda cultural de todos os cantos do mundo neste fim de semana","og_description":"Os brasilienses ter\u00e3o acesso a diversas op\u00e7\u00f5es para preencher a agenda cultural deste fim de semana. Entre sexta (24) e domingo (26), o Distrito Federal receber\u00e1 apresenta\u00e7\u00f5es teatrais, exposi\u00e7\u00e3o de carros e festivais que exaltam o samba e tamb\u00e9m a cultura japonesa. Confira a seguir a programa\u00e7\u00e3o gratuita fomentada pelas secretarias de Turismo (Setur) e [&hellip;]","og_url":"https:\/\/www.p31noticias.com.br\/?p=51646","og_site_name":"P31","article_published_time":"2024-05-24T13:30:25+00:00","og_image":[{"width":150,"height":150,"url":"https:\/\/www.p31noticias.com.br\/wp-content\/uploads\/2024\/05\/Teatro-dos-Bonecos-Foto-Divulgacao-2-fVvg1o-150x150-OfnJaE.jpeg","type":"image\/jpeg"}],"twitter_card":"summary_large_image","schema":{"@context":"https:\/\/schema.org","@graph":[{"@type":"Article","@id":"https:\/\/www.p31noticias.com.br\/?p=51646#article","isPartOf":{"@id":"https:\/\/www.p31noticias.com.br\/?p=51646"},"author":{"name":"","@id":""},"headline":"Agenda cultural de todos os cantos do mundo neste fim de semana","datePublished":"2024-05-24T13:30:25+00:00","mainEntityOfPage":{"@id":"https:\/\/www.p31noticias.com.br\/?p=51646"},"wordCount":93,"commentCount":0,"image":{"@id":"https:\/\/www.p31noticias.com.br\/?p=51646#primaryimage"},"thumbnailUrl":"https:\/\/www.p31noticias.com.br\/wp-content\/uploads\/2024\/05\/Teatro-dos-Bonecos-Foto-Divulgacao-2-fVvg1o-150x150-OfnJaE.jpeg","articleSection":["Bras\u00edlia"],"inLanguage":"pt-BR","potentialAction":[{"@type":"CommentAction","name":"Comment","target":["https:\/\/www.p31noticias.com.br\/?p=51646#respond"]}],"copyrightYear":"2024","copyrightHolder":{"@id":"https:\/\/www.p31noticias.com.br\/#organization"}},{"@type":"WebPage","@id":"https:\/\/www.p31noticias.com.br\/?p=51646","url":"https:\/\/www.p31noticias.com.br\/?p=51646","name":"Agenda cultural de todos os cantos do mundo neste fim de semana - P31","isPartOf":{"@id":"https:\/\/www.p31noticias.com.br\/#website"},"primaryImageOfPage":{"@id":"https:\/\/www.p31noticias.com.br\/?p=51646#primaryimage"},"image":{"@id":"https:\/\/www.p31noticias.com.br\/?p=51646#primaryimage"},"thumbnailUrl":"https:\/\/www.p31noticias.com.br\/wp-content\/uploads\/2024\/05\/Teatro-dos-Bonecos-Foto-Divulgacao-2-fVvg1o-150x150-OfnJaE.jpeg","datePublished":"2024-05-24T13:30:25+00:00","author":{"@id":""},"breadcrumb":{"@id":"https:\/\/www.p31noticias.com.br\/?p=51646#breadcrumb"},"inLanguage":"pt-BR","potentialAction":[{"@type":"ReadAction","target":["https:\/\/www.p31noticias.com.br\/?p=51646"]}]},{"@type":"ImageObject","inLanguage":"pt-BR","@id":"https:\/\/www.p31noticias.com.br\/?p=51646#primaryimage","url":"https:\/\/www.p31noticias.com.br\/wp-content\/uploads\/2024\/05\/Teatro-dos-Bonecos-Foto-Divulgacao-2-fVvg1o-150x150-OfnJaE.jpeg","contentUrl":"https:\/\/www.p31noticias.com.br\/wp-content\/uploads\/2024\/05\/Teatro-dos-Bonecos-Foto-Divulgacao-2-fVvg1o-150x150-OfnJaE.jpeg","width":150,"height":150},{"@type":"BreadcrumbList","@id":"https:\/\/www.p31noticias.com.br\/?p=51646#breadcrumb","itemListElement":[{"@type":"ListItem","position":1,"name":"In\u00edcio","item":"https:\/\/www.p31noticias.com.br\/"},{"@type":"ListItem","position":2,"name":"Agenda cultural de todos os cantos do mundo neste fim de semana"}]},{"@type":"WebSite","@id":"https:\/\/www.p31noticias.com.br\/#website","url":"https:\/\/www.p31noticias.com.br\/","name":"P31","description":"NOT\u00cdCIAS","potentialAction":[{"@type":"SearchAction","target":{"@type":"EntryPoint","urlTemplate":"https:\/\/www.p31noticias.com.br\/?s={search_term_string}"},"query-input":{"@type":"PropertyValueSpecification","valueRequired":true,"valueName":"search_term_string"}}],"inLanguage":"pt-BR"}]}},"amp_enabled":true,"_links":{"self":[{"href":"https:\/\/www.p31noticias.com.br\/index.php?rest_route=\/wp\/v2\/posts\/51646","targetHints":{"allow":["GET"]}}],"collection":[{"href":"https:\/\/www.p31noticias.com.br\/index.php?rest_route=\/wp\/v2\/posts"}],"about":[{"href":"https:\/\/www.p31noticias.com.br\/index.php?rest_route=\/wp\/v2\/types\/post"}],"replies":[{"embeddable":true,"href":"https:\/\/www.p31noticias.com.br\/index.php?rest_route=%2Fwp%2Fv2%2Fcomments&post=51646"}],"version-history":[{"count":0,"href":"https:\/\/www.p31noticias.com.br\/index.php?rest_route=\/wp\/v2\/posts\/51646\/revisions"}],"wp:featuredmedia":[{"embeddable":true,"href":"https:\/\/www.p31noticias.com.br\/index.php?rest_route=\/wp\/v2\/media\/51647"}],"wp:attachment":[{"href":"https:\/\/www.p31noticias.com.br\/index.php?rest_route=%2Fwp%2Fv2%2Fmedia&parent=51646"}],"wp:term":[{"taxonomy":"category","embeddable":true,"href":"https:\/\/www.p31noticias.com.br\/index.php?rest_route=%2Fwp%2Fv2%2Fcategories&post=51646"},{"taxonomy":"post_tag","embeddable":true,"href":"https:\/\/www.p31noticias.com.br\/index.php?rest_route=%2Fwp%2Fv2%2Ftags&post=51646"}],"curies":[{"name":"wp","href":"https:\/\/api.w.org\/{rel}","templated":true}]}}