{"id":51633,"date":"2024-05-24T08:30:22","date_gmt":"2024-05-24T11:30:22","guid":{"rendered":"https:\/\/p31noticias.com.br\/agro-do-quadrado-producao-de-hortalicas-do-df-abastece-a-mesa-dos-brasilienses-2\/"},"modified":"2024-05-24T08:30:22","modified_gmt":"2024-05-24T11:30:22","slug":"agro-do-quadrado-producao-de-hortalicas-do-df-abastece-a-mesa-dos-brasilienses-2","status":"publish","type":"post","link":"https:\/\/www.p31noticias.com.br\/?p=51633","title":{"rendered":"Agro do Quadrado: Produ\u00e7\u00e3o de hortali\u00e7as do DF abastece a mesa dos brasilienses"},"content":{"rendered":"<p>Olericultura sustenta milhares de fam\u00edlias de produtores rurais e bate recordes na capital. Cerca de 70% do que \u00e9 colhido vai para o consumo local, incluindo as merendas saud\u00e1veis nas escolas. Foto: Geovana Albuquerque\/Ag\u00eancia Bras\u00edlia O consumo di\u00e1rio de hortali\u00e7as \u00e9 um importante pilar para uma alimenta\u00e7\u00e3o saud\u00e1vel, e tem sido fonte de renda para [\u2026]<\/p>\n<p>O post <a href=\"https:\/\/www.delioandrade.com.br\/agro-do-quadrado-producao-de-hortalicas-do-df-abastece-a-mesa-dos-brasilienses-2\/\">Agro do Quadrado: Produ\u00e7\u00e3o de hortali\u00e7as do DF abastece a mesa dos brasilienses<\/a> apareceu primeiro em <a href=\"https:\/\/www.delioandrade.com.br\/\">Blog do D\u00c9LIO ANDRADE<\/a>.<\/p>\n","protected":false},"excerpt":{"rendered":"<p>Olericultura sustenta milhares de fam\u00edlias de produtores rurais e bate recordes na capital. Cerca de 70% do que \u00e9 colhido vai para o consumo local, incluindo as merendas saud\u00e1veis nas escolas. Foto: Geovana Albuquerque\/Ag\u00eancia Bras\u00edlia O consumo di\u00e1rio de hortali\u00e7as \u00e9 um importante pilar para uma alimenta\u00e7\u00e3o saud\u00e1vel, e tem sido fonte de renda para [&hellip;]<\/p>\n","protected":false},"author":0,"featured_media":51412,"comment_status":"open","ping_status":"open","sticky":false,"template":"","format":"standard","meta":{"footnotes":""},"categories":[21],"tags":[],"class_list":{"0":"post-51633","1":"post","2":"type-post","3":"status-publish","4":"format-standard","5":"has-post-thumbnail","7":"category-brasilia"},"yoast_head":"<!-- This site is optimized with the Yoast SEO Premium plugin v24.5 (Yoast SEO v27.5) - https:\/\/yoast.com\/product\/yoast-seo-premium-wordpress\/ -->\n<title>Agro do Quadrado: Produ\u00e7\u00e3o de hortali\u00e7as do DF abastece a mesa dos brasilienses - P31<\/title>\n<meta name=\"robots\" content=\"index, follow, max-snippet:-1, max-image-preview:large, max-video-preview:-1\" \/>\n<link rel=\"canonical\" href=\"https:\/\/www.p31noticias.com.br\/?p=51633\" \/>\n<meta property=\"og:locale\" content=\"pt_BR\" \/>\n<meta property=\"og:type\" content=\"article\" \/>\n<meta property=\"og:title\" content=\"Agro do Quadrado: Produ\u00e7\u00e3o de hortali\u00e7as do DF abastece a mesa dos brasilienses\" \/>\n<meta property=\"og:description\" content=\"Olericultura sustenta milhares de fam\u00edlias de produtores rurais e bate recordes na capital. Cerca de 70% do que \u00e9 colhido vai para o consumo local, incluindo as merendas saud\u00e1veis nas escolas. Foto: Geovana Albuquerque\/Ag\u00eancia Bras\u00edlia O consumo di\u00e1rio de hortali\u00e7as \u00e9 um importante pilar para uma alimenta\u00e7\u00e3o saud\u00e1vel, e tem sido fonte de renda para [&hellip;]\" \/>\n<meta property=\"og:url\" content=\"https:\/\/www.p31noticias.com.br\/?p=51633\" \/>\n<meta property=\"og:site_name\" content=\"P31\" \/>\n<meta property=\"article:published_time\" content=\"2024-05-24T11:30:22+00:00\" \/>\n<meta property=\"og:image\" content=\"https:\/\/www.p31noticias.com.br\/wp-content\/uploads\/2024\/05\/Capa_1-18-kU1oXb-150x150-waqdei.jpeg\" \/>\n\t<meta property=\"og:image:width\" content=\"150\" \/>\n\t<meta property=\"og:image:height\" content=\"150\" \/>\n\t<meta property=\"og:image:type\" content=\"image\/jpeg\" \/>\n<meta name=\"twitter:card\" content=\"summary_large_image\" \/>\n<script type=\"application\/ld+json\" class=\"yoast-schema-graph\">{\"@context\":\"https:\\\/\\\/schema.org\",\"@graph\":[{\"@type\":\"Article\",\"@id\":\"https:\\\/\\\/www.p31noticias.com.br\\\/?p=51633#article\",\"isPartOf\":{\"@id\":\"https:\\\/\\\/www.p31noticias.com.br\\\/?p=51633\"},\"author\":{\"name\":\"\",\"@id\":\"\"},\"headline\":\"Agro do Quadrado: Produ\u00e7\u00e3o de hortali\u00e7as do DF abastece a mesa dos brasilienses\",\"datePublished\":\"2024-05-24T11:30:22+00:00\",\"mainEntityOfPage\":{\"@id\":\"https:\\\/\\\/www.p31noticias.com.br\\\/?p=51633\"},\"wordCount\":101,\"commentCount\":0,\"image\":{\"@id\":\"https:\\\/\\\/www.p31noticias.com.br\\\/?p=51633#primaryimage\"},\"thumbnailUrl\":\"https:\\\/\\\/www.p31noticias.com.br\\\/wp-content\\\/uploads\\\/2024\\\/05\\\/Capa_1-18-kU1oXb-150x150-waqdei.jpeg\",\"articleSection\":[\"Bras\u00edlia\"],\"inLanguage\":\"pt-BR\",\"potentialAction\":[{\"@type\":\"CommentAction\",\"name\":\"Comment\",\"target\":[\"https:\\\/\\\/www.p31noticias.com.br\\\/?p=51633#respond\"]}],\"copyrightYear\":\"2024\",\"copyrightHolder\":{\"@id\":\"https:\\\/\\\/www.p31noticias.com.br\\\/#organization\"}},{\"@type\":\"WebPage\",\"@id\":\"https:\\\/\\\/www.p31noticias.com.br\\\/?p=51633\",\"url\":\"https:\\\/\\\/www.p31noticias.com.br\\\/?p=51633\",\"name\":\"Agro do Quadrado: Produ\u00e7\u00e3o de hortali\u00e7as do DF abastece a mesa dos brasilienses - P31\",\"isPartOf\":{\"@id\":\"https:\\\/\\\/www.p31noticias.com.br\\\/#website\"},\"primaryImageOfPage\":{\"@id\":\"https:\\\/\\\/www.p31noticias.com.br\\\/?p=51633#primaryimage\"},\"image\":{\"@id\":\"https:\\\/\\\/www.p31noticias.com.br\\\/?p=51633#primaryimage\"},\"thumbnailUrl\":\"https:\\\/\\\/www.p31noticias.com.br\\\/wp-content\\\/uploads\\\/2024\\\/05\\\/Capa_1-18-kU1oXb-150x150-waqdei.jpeg\",\"datePublished\":\"2024-05-24T11:30:22+00:00\",\"author\":{\"@id\":\"\"},\"breadcrumb\":{\"@id\":\"https:\\\/\\\/www.p31noticias.com.br\\\/?p=51633#breadcrumb\"},\"inLanguage\":\"pt-BR\",\"potentialAction\":[{\"@type\":\"ReadAction\",\"target\":[\"https:\\\/\\\/www.p31noticias.com.br\\\/?p=51633\"]}]},{\"@type\":\"ImageObject\",\"inLanguage\":\"pt-BR\",\"@id\":\"https:\\\/\\\/www.p31noticias.com.br\\\/?p=51633#primaryimage\",\"url\":\"https:\\\/\\\/www.p31noticias.com.br\\\/wp-content\\\/uploads\\\/2024\\\/05\\\/Capa_1-18-kU1oXb-150x150-waqdei.jpeg\",\"contentUrl\":\"https:\\\/\\\/www.p31noticias.com.br\\\/wp-content\\\/uploads\\\/2024\\\/05\\\/Capa_1-18-kU1oXb-150x150-waqdei.jpeg\",\"width\":150,\"height\":150},{\"@type\":\"BreadcrumbList\",\"@id\":\"https:\\\/\\\/www.p31noticias.com.br\\\/?p=51633#breadcrumb\",\"itemListElement\":[{\"@type\":\"ListItem\",\"position\":1,\"name\":\"In\u00edcio\",\"item\":\"https:\\\/\\\/www.p31noticias.com.br\\\/\"},{\"@type\":\"ListItem\",\"position\":2,\"name\":\"Agro do Quadrado: Produ\u00e7\u00e3o de hortali\u00e7as do DF abastece a mesa dos brasilienses\"}]},{\"@type\":\"WebSite\",\"@id\":\"https:\\\/\\\/www.p31noticias.com.br\\\/#website\",\"url\":\"https:\\\/\\\/www.p31noticias.com.br\\\/\",\"name\":\"P31\",\"description\":\"NOT\u00cdCIAS\",\"potentialAction\":[{\"@type\":\"SearchAction\",\"target\":{\"@type\":\"EntryPoint\",\"urlTemplate\":\"https:\\\/\\\/www.p31noticias.com.br\\\/?s={search_term_string}\"},\"query-input\":{\"@type\":\"PropertyValueSpecification\",\"valueRequired\":true,\"valueName\":\"search_term_string\"}}],\"inLanguage\":\"pt-BR\"}]}<\/script>\n<!-- \/ Yoast SEO Premium plugin. -->","yoast_head_json":{"title":"Agro do Quadrado: Produ\u00e7\u00e3o de hortali\u00e7as do DF abastece a mesa dos brasilienses - P31","robots":{"index":"index","follow":"follow","max-snippet":"max-snippet:-1","max-image-preview":"max-image-preview:large","max-video-preview":"max-video-preview:-1"},"canonical":"https:\/\/www.p31noticias.com.br\/?p=51633","og_locale":"pt_BR","og_type":"article","og_title":"Agro do Quadrado: Produ\u00e7\u00e3o de hortali\u00e7as do DF abastece a mesa dos brasilienses","og_description":"Olericultura sustenta milhares de fam\u00edlias de produtores rurais e bate recordes na capital. Cerca de 70% do que \u00e9 colhido vai para o consumo local, incluindo as merendas saud\u00e1veis nas escolas. Foto: Geovana Albuquerque\/Ag\u00eancia Bras\u00edlia O consumo di\u00e1rio de hortali\u00e7as \u00e9 um importante pilar para uma alimenta\u00e7\u00e3o saud\u00e1vel, e tem sido fonte de renda para [&hellip;]","og_url":"https:\/\/www.p31noticias.com.br\/?p=51633","og_site_name":"P31","article_published_time":"2024-05-24T11:30:22+00:00","og_image":[{"width":150,"height":150,"url":"https:\/\/www.p31noticias.com.br\/wp-content\/uploads\/2024\/05\/Capa_1-18-kU1oXb-150x150-waqdei.jpeg","type":"image\/jpeg"}],"twitter_card":"summary_large_image","schema":{"@context":"https:\/\/schema.org","@graph":[{"@type":"Article","@id":"https:\/\/www.p31noticias.com.br\/?p=51633#article","isPartOf":{"@id":"https:\/\/www.p31noticias.com.br\/?p=51633"},"author":{"name":"","@id":""},"headline":"Agro do Quadrado: Produ\u00e7\u00e3o de hortali\u00e7as do DF abastece a mesa dos brasilienses","datePublished":"2024-05-24T11:30:22+00:00","mainEntityOfPage":{"@id":"https:\/\/www.p31noticias.com.br\/?p=51633"},"wordCount":101,"commentCount":0,"image":{"@id":"https:\/\/www.p31noticias.com.br\/?p=51633#primaryimage"},"thumbnailUrl":"https:\/\/www.p31noticias.com.br\/wp-content\/uploads\/2024\/05\/Capa_1-18-kU1oXb-150x150-waqdei.jpeg","articleSection":["Bras\u00edlia"],"inLanguage":"pt-BR","potentialAction":[{"@type":"CommentAction","name":"Comment","target":["https:\/\/www.p31noticias.com.br\/?p=51633#respond"]}],"copyrightYear":"2024","copyrightHolder":{"@id":"https:\/\/www.p31noticias.com.br\/#organization"}},{"@type":"WebPage","@id":"https:\/\/www.p31noticias.com.br\/?p=51633","url":"https:\/\/www.p31noticias.com.br\/?p=51633","name":"Agro do Quadrado: Produ\u00e7\u00e3o de hortali\u00e7as do DF abastece a mesa dos brasilienses - P31","isPartOf":{"@id":"https:\/\/www.p31noticias.com.br\/#website"},"primaryImageOfPage":{"@id":"https:\/\/www.p31noticias.com.br\/?p=51633#primaryimage"},"image":{"@id":"https:\/\/www.p31noticias.com.br\/?p=51633#primaryimage"},"thumbnailUrl":"https:\/\/www.p31noticias.com.br\/wp-content\/uploads\/2024\/05\/Capa_1-18-kU1oXb-150x150-waqdei.jpeg","datePublished":"2024-05-24T11:30:22+00:00","author":{"@id":""},"breadcrumb":{"@id":"https:\/\/www.p31noticias.com.br\/?p=51633#breadcrumb"},"inLanguage":"pt-BR","potentialAction":[{"@type":"ReadAction","target":["https:\/\/www.p31noticias.com.br\/?p=51633"]}]},{"@type":"ImageObject","inLanguage":"pt-BR","@id":"https:\/\/www.p31noticias.com.br\/?p=51633#primaryimage","url":"https:\/\/www.p31noticias.com.br\/wp-content\/uploads\/2024\/05\/Capa_1-18-kU1oXb-150x150-waqdei.jpeg","contentUrl":"https:\/\/www.p31noticias.com.br\/wp-content\/uploads\/2024\/05\/Capa_1-18-kU1oXb-150x150-waqdei.jpeg","width":150,"height":150},{"@type":"BreadcrumbList","@id":"https:\/\/www.p31noticias.com.br\/?p=51633#breadcrumb","itemListElement":[{"@type":"ListItem","position":1,"name":"In\u00edcio","item":"https:\/\/www.p31noticias.com.br\/"},{"@type":"ListItem","position":2,"name":"Agro do Quadrado: Produ\u00e7\u00e3o de hortali\u00e7as do DF abastece a mesa dos brasilienses"}]},{"@type":"WebSite","@id":"https:\/\/www.p31noticias.com.br\/#website","url":"https:\/\/www.p31noticias.com.br\/","name":"P31","description":"NOT\u00cdCIAS","potentialAction":[{"@type":"SearchAction","target":{"@type":"EntryPoint","urlTemplate":"https:\/\/www.p31noticias.com.br\/?s={search_term_string}"},"query-input":{"@type":"PropertyValueSpecification","valueRequired":true,"valueName":"search_term_string"}}],"inLanguage":"pt-BR"}]}},"amp_enabled":true,"_links":{"self":[{"href":"https:\/\/www.p31noticias.com.br\/index.php?rest_route=\/wp\/v2\/posts\/51633","targetHints":{"allow":["GET"]}}],"collection":[{"href":"https:\/\/www.p31noticias.com.br\/index.php?rest_route=\/wp\/v2\/posts"}],"about":[{"href":"https:\/\/www.p31noticias.com.br\/index.php?rest_route=\/wp\/v2\/types\/post"}],"replies":[{"embeddable":true,"href":"https:\/\/www.p31noticias.com.br\/index.php?rest_route=%2Fwp%2Fv2%2Fcomments&post=51633"}],"version-history":[{"count":0,"href":"https:\/\/www.p31noticias.com.br\/index.php?rest_route=\/wp\/v2\/posts\/51633\/revisions"}],"wp:featuredmedia":[{"embeddable":true,"href":"https:\/\/www.p31noticias.com.br\/index.php?rest_route=\/wp\/v2\/media\/51412"}],"wp:attachment":[{"href":"https:\/\/www.p31noticias.com.br\/index.php?rest_route=%2Fwp%2Fv2%2Fmedia&parent=51633"}],"wp:term":[{"taxonomy":"category","embeddable":true,"href":"https:\/\/www.p31noticias.com.br\/index.php?rest_route=%2Fwp%2Fv2%2Fcategories&post=51633"},{"taxonomy":"post_tag","embeddable":true,"href":"https:\/\/www.p31noticias.com.br\/index.php?rest_route=%2Fwp%2Fv2%2Ftags&post=51633"}],"curies":[{"name":"wp","href":"https:\/\/api.w.org\/{rel}","templated":true}]}}