{"id":51617,"date":"2024-05-24T03:30:28","date_gmt":"2024-05-24T06:30:28","guid":{"rendered":"https:\/\/p31noticias.com.br\/discussao-na-cldf-emperra-cameras-corporais-para-policiais-penais\/"},"modified":"2024-05-24T03:30:28","modified_gmt":"2024-05-24T06:30:28","slug":"discussao-na-cldf-emperra-cameras-corporais-para-policiais-penais","status":"publish","type":"post","link":"https:\/\/www.p31noticias.com.br\/?p=51617","title":{"rendered":"Discuss\u00e3o na CLDF emperra c\u00e2meras corporais para policiais penais"},"content":{"rendered":"<p>Pol\u00eamica, discuss\u00e3o e desconforto marcaram a \u00faltima discuss\u00e3o entre deputados que poderia viabilizar a implementa\u00e7\u00e3o de c\u00e2meras corporais nos uniformes de policiais penais, no Distrito Federal. Em reuni\u00e3o, os distritais da C\u00e2mara Legislativa do DF (CLDF) entraram em acordo para aprova\u00e7\u00e3o de uma emenda que prev\u00ea esse monitoramento, mas, na hora da vota\u00e7\u00e3o, o cen\u00e1rio [\u2026]<\/p>\n<p>O post <a href=\"https:\/\/www.delioandrade.com.br\/discussao-na-cldf-emperra-cameras-corporais-para-policiais-penais\/\">Discuss\u00e3o na CLDF emperra c\u00e2meras corporais para policiais penais<\/a> apareceu primeiro em <a href=\"https:\/\/www.delioandrade.com.br\/\">Blog do D\u00c9LIO ANDRADE<\/a>.<\/p>\n","protected":false},"excerpt":{"rendered":"<p>Pol\u00eamica, discuss\u00e3o e desconforto marcaram a \u00faltima discuss\u00e3o entre deputados que poderia viabilizar a implementa\u00e7\u00e3o de c\u00e2meras corporais nos uniformes de policiais penais, no Distrito Federal. Em reuni\u00e3o, os distritais da C\u00e2mara Legislativa do DF (CLDF) entraram em acordo para aprova\u00e7\u00e3o de uma emenda que prev\u00ea esse monitoramento, mas, na hora da vota\u00e7\u00e3o, o cen\u00e1rio [&hellip;]<\/p>\n","protected":false},"author":0,"featured_media":0,"comment_status":"open","ping_status":"open","sticky":false,"template":"","format":"standard","meta":{"footnotes":""},"categories":[21],"tags":[],"class_list":{"0":"post-51617","1":"post","2":"type-post","3":"status-publish","4":"format-standard","6":"category-brasilia"},"yoast_head":"<!-- This site is optimized with the Yoast SEO Premium plugin v24.5 (Yoast SEO v27.5) - https:\/\/yoast.com\/product\/yoast-seo-premium-wordpress\/ -->\n<title>Discuss\u00e3o na CLDF emperra c\u00e2meras corporais para policiais penais - P31<\/title>\n<meta name=\"robots\" content=\"index, follow, max-snippet:-1, max-image-preview:large, max-video-preview:-1\" \/>\n<link rel=\"canonical\" href=\"https:\/\/www.p31noticias.com.br\/?p=51617\" \/>\n<meta property=\"og:locale\" content=\"pt_BR\" \/>\n<meta property=\"og:type\" content=\"article\" \/>\n<meta property=\"og:title\" content=\"Discuss\u00e3o na CLDF emperra c\u00e2meras corporais para policiais penais\" \/>\n<meta property=\"og:description\" content=\"Pol\u00eamica, discuss\u00e3o e desconforto marcaram a \u00faltima discuss\u00e3o entre deputados que poderia viabilizar a implementa\u00e7\u00e3o de c\u00e2meras corporais nos uniformes de policiais penais, no Distrito Federal. Em reuni\u00e3o, os distritais da C\u00e2mara Legislativa do DF (CLDF) entraram em acordo para aprova\u00e7\u00e3o de uma emenda que prev\u00ea esse monitoramento, mas, na hora da vota\u00e7\u00e3o, o cen\u00e1rio [&hellip;]\" \/>\n<meta property=\"og:url\" content=\"https:\/\/www.p31noticias.com.br\/?p=51617\" \/>\n<meta property=\"og:site_name\" content=\"P31\" \/>\n<meta property=\"article:published_time\" content=\"2024-05-24T06:30:28+00:00\" \/>\n<meta name=\"twitter:card\" content=\"summary_large_image\" \/>\n<script type=\"application\/ld+json\" class=\"yoast-schema-graph\">{\"@context\":\"https:\\\/\\\/schema.org\",\"@graph\":[{\"@type\":\"Article\",\"@id\":\"https:\\\/\\\/www.p31noticias.com.br\\\/?p=51617#article\",\"isPartOf\":{\"@id\":\"https:\\\/\\\/www.p31noticias.com.br\\\/?p=51617\"},\"author\":{\"name\":\"\",\"@id\":\"\"},\"headline\":\"Discuss\u00e3o na CLDF emperra c\u00e2meras corporais para policiais penais\",\"datePublished\":\"2024-05-24T06:30:28+00:00\",\"mainEntityOfPage\":{\"@id\":\"https:\\\/\\\/www.p31noticias.com.br\\\/?p=51617\"},\"wordCount\":97,\"commentCount\":0,\"articleSection\":[\"Bras\u00edlia\"],\"inLanguage\":\"pt-BR\",\"potentialAction\":[{\"@type\":\"CommentAction\",\"name\":\"Comment\",\"target\":[\"https:\\\/\\\/www.p31noticias.com.br\\\/?p=51617#respond\"]}],\"copyrightYear\":\"2024\",\"copyrightHolder\":{\"@id\":\"https:\\\/\\\/www.p31noticias.com.br\\\/#organization\"}},{\"@type\":\"WebPage\",\"@id\":\"https:\\\/\\\/www.p31noticias.com.br\\\/?p=51617\",\"url\":\"https:\\\/\\\/www.p31noticias.com.br\\\/?p=51617\",\"name\":\"Discuss\u00e3o na CLDF emperra c\u00e2meras corporais para policiais penais - P31\",\"isPartOf\":{\"@id\":\"https:\\\/\\\/www.p31noticias.com.br\\\/#website\"},\"datePublished\":\"2024-05-24T06:30:28+00:00\",\"author\":{\"@id\":\"\"},\"breadcrumb\":{\"@id\":\"https:\\\/\\\/www.p31noticias.com.br\\\/?p=51617#breadcrumb\"},\"inLanguage\":\"pt-BR\",\"potentialAction\":[{\"@type\":\"ReadAction\",\"target\":[\"https:\\\/\\\/www.p31noticias.com.br\\\/?p=51617\"]}]},{\"@type\":\"BreadcrumbList\",\"@id\":\"https:\\\/\\\/www.p31noticias.com.br\\\/?p=51617#breadcrumb\",\"itemListElement\":[{\"@type\":\"ListItem\",\"position\":1,\"name\":\"In\u00edcio\",\"item\":\"https:\\\/\\\/www.p31noticias.com.br\\\/\"},{\"@type\":\"ListItem\",\"position\":2,\"name\":\"Discuss\u00e3o na CLDF emperra c\u00e2meras corporais para policiais penais\"}]},{\"@type\":\"WebSite\",\"@id\":\"https:\\\/\\\/www.p31noticias.com.br\\\/#website\",\"url\":\"https:\\\/\\\/www.p31noticias.com.br\\\/\",\"name\":\"P31\",\"description\":\"NOT\u00cdCIAS\",\"potentialAction\":[{\"@type\":\"SearchAction\",\"target\":{\"@type\":\"EntryPoint\",\"urlTemplate\":\"https:\\\/\\\/www.p31noticias.com.br\\\/?s={search_term_string}\"},\"query-input\":{\"@type\":\"PropertyValueSpecification\",\"valueRequired\":true,\"valueName\":\"search_term_string\"}}],\"inLanguage\":\"pt-BR\"}]}<\/script>\n<!-- \/ Yoast SEO Premium plugin. -->","yoast_head_json":{"title":"Discuss\u00e3o na CLDF emperra c\u00e2meras corporais para policiais penais - P31","robots":{"index":"index","follow":"follow","max-snippet":"max-snippet:-1","max-image-preview":"max-image-preview:large","max-video-preview":"max-video-preview:-1"},"canonical":"https:\/\/www.p31noticias.com.br\/?p=51617","og_locale":"pt_BR","og_type":"article","og_title":"Discuss\u00e3o na CLDF emperra c\u00e2meras corporais para policiais penais","og_description":"Pol\u00eamica, discuss\u00e3o e desconforto marcaram a \u00faltima discuss\u00e3o entre deputados que poderia viabilizar a implementa\u00e7\u00e3o de c\u00e2meras corporais nos uniformes de policiais penais, no Distrito Federal. Em reuni\u00e3o, os distritais da C\u00e2mara Legislativa do DF (CLDF) entraram em acordo para aprova\u00e7\u00e3o de uma emenda que prev\u00ea esse monitoramento, mas, na hora da vota\u00e7\u00e3o, o cen\u00e1rio [&hellip;]","og_url":"https:\/\/www.p31noticias.com.br\/?p=51617","og_site_name":"P31","article_published_time":"2024-05-24T06:30:28+00:00","twitter_card":"summary_large_image","schema":{"@context":"https:\/\/schema.org","@graph":[{"@type":"Article","@id":"https:\/\/www.p31noticias.com.br\/?p=51617#article","isPartOf":{"@id":"https:\/\/www.p31noticias.com.br\/?p=51617"},"author":{"name":"","@id":""},"headline":"Discuss\u00e3o na CLDF emperra c\u00e2meras corporais para policiais penais","datePublished":"2024-05-24T06:30:28+00:00","mainEntityOfPage":{"@id":"https:\/\/www.p31noticias.com.br\/?p=51617"},"wordCount":97,"commentCount":0,"articleSection":["Bras\u00edlia"],"inLanguage":"pt-BR","potentialAction":[{"@type":"CommentAction","name":"Comment","target":["https:\/\/www.p31noticias.com.br\/?p=51617#respond"]}],"copyrightYear":"2024","copyrightHolder":{"@id":"https:\/\/www.p31noticias.com.br\/#organization"}},{"@type":"WebPage","@id":"https:\/\/www.p31noticias.com.br\/?p=51617","url":"https:\/\/www.p31noticias.com.br\/?p=51617","name":"Discuss\u00e3o na CLDF emperra c\u00e2meras corporais para policiais penais - P31","isPartOf":{"@id":"https:\/\/www.p31noticias.com.br\/#website"},"datePublished":"2024-05-24T06:30:28+00:00","author":{"@id":""},"breadcrumb":{"@id":"https:\/\/www.p31noticias.com.br\/?p=51617#breadcrumb"},"inLanguage":"pt-BR","potentialAction":[{"@type":"ReadAction","target":["https:\/\/www.p31noticias.com.br\/?p=51617"]}]},{"@type":"BreadcrumbList","@id":"https:\/\/www.p31noticias.com.br\/?p=51617#breadcrumb","itemListElement":[{"@type":"ListItem","position":1,"name":"In\u00edcio","item":"https:\/\/www.p31noticias.com.br\/"},{"@type":"ListItem","position":2,"name":"Discuss\u00e3o na CLDF emperra c\u00e2meras corporais para policiais penais"}]},{"@type":"WebSite","@id":"https:\/\/www.p31noticias.com.br\/#website","url":"https:\/\/www.p31noticias.com.br\/","name":"P31","description":"NOT\u00cdCIAS","potentialAction":[{"@type":"SearchAction","target":{"@type":"EntryPoint","urlTemplate":"https:\/\/www.p31noticias.com.br\/?s={search_term_string}"},"query-input":{"@type":"PropertyValueSpecification","valueRequired":true,"valueName":"search_term_string"}}],"inLanguage":"pt-BR"}]}},"amp_enabled":true,"_links":{"self":[{"href":"https:\/\/www.p31noticias.com.br\/index.php?rest_route=\/wp\/v2\/posts\/51617","targetHints":{"allow":["GET"]}}],"collection":[{"href":"https:\/\/www.p31noticias.com.br\/index.php?rest_route=\/wp\/v2\/posts"}],"about":[{"href":"https:\/\/www.p31noticias.com.br\/index.php?rest_route=\/wp\/v2\/types\/post"}],"replies":[{"embeddable":true,"href":"https:\/\/www.p31noticias.com.br\/index.php?rest_route=%2Fwp%2Fv2%2Fcomments&post=51617"}],"version-history":[{"count":0,"href":"https:\/\/www.p31noticias.com.br\/index.php?rest_route=\/wp\/v2\/posts\/51617\/revisions"}],"wp:attachment":[{"href":"https:\/\/www.p31noticias.com.br\/index.php?rest_route=%2Fwp%2Fv2%2Fmedia&parent=51617"}],"wp:term":[{"taxonomy":"category","embeddable":true,"href":"https:\/\/www.p31noticias.com.br\/index.php?rest_route=%2Fwp%2Fv2%2Fcategories&post=51617"},{"taxonomy":"post_tag","embeddable":true,"href":"https:\/\/www.p31noticias.com.br\/index.php?rest_route=%2Fwp%2Fv2%2Ftags&post=51617"}],"curies":[{"name":"wp","href":"https:\/\/api.w.org\/{rel}","templated":true}]}}