{"id":51581,"date":"2024-05-23T19:30:17","date_gmt":"2024-05-23T22:30:17","guid":{"rendered":"https:\/\/p31noticias.com.br\/reforma-de-pontes-sobre-o-corrego-guara-comeca-neste-sabado-25\/"},"modified":"2024-05-23T19:30:17","modified_gmt":"2024-05-23T22:30:17","slug":"reforma-de-pontes-sobre-o-corrego-guara-comeca-neste-sabado-25","status":"publish","type":"post","link":"https:\/\/www.p31noticias.com.br\/?p=51581","title":{"rendered":"Reforma de pontes sobre o C\u00f3rrego Guar\u00e1 come\u00e7a neste s\u00e1bado (25)"},"content":{"rendered":"<p>A partir das 7h deste s\u00e1bado (25), ter\u00e3o in\u00edcio os servi\u00e7os de reforma e refor\u00e7o estrutural de duas pontes sobre o C\u00f3rrego Guar\u00e1, localizadas na DF-003 (Estrada Parque Ind\u00fastria e Abastecimento \u2013 Epia), na altura do km 21,2. A execu\u00e7\u00e3o das obras ser\u00e1 feita da seguinte forma: inicialmente, a primeira ponte, mais \u00e0 direita, de [\u2026]<\/p>\n<p>O post <a href=\"https:\/\/www.delioandrade.com.br\/reforma-de-pontes-sobre-o-corrego-guara-comeca-neste-sabado-25\/\">Reforma de pontes sobre o C\u00f3rrego Guar\u00e1 come\u00e7a neste s\u00e1bado (25)<\/a> apareceu primeiro em <a href=\"https:\/\/www.delioandrade.com.br\/\">Blog do D\u00c9LIO ANDRADE<\/a>.<\/p>\n","protected":false},"excerpt":{"rendered":"<p>A partir das 7h deste s\u00e1bado (25), ter\u00e3o in\u00edcio os servi\u00e7os de reforma e refor\u00e7o estrutural de duas pontes sobre o C\u00f3rrego Guar\u00e1, localizadas na DF-003 (Estrada Parque Ind\u00fastria e Abastecimento \u2013 Epia), na altura do km 21,2. A execu\u00e7\u00e3o das obras ser\u00e1 feita da seguinte forma: inicialmente, a primeira ponte, mais \u00e0 direita, de [&hellip;]<\/p>\n","protected":false},"author":0,"featured_media":51582,"comment_status":"open","ping_status":"open","sticky":false,"template":"","format":"standard","meta":{"footnotes":""},"categories":[21],"tags":[],"class_list":{"0":"post-51581","1":"post","2":"type-post","3":"status-publish","4":"format-standard","5":"has-post-thumbnail","7":"category-brasilia"},"yoast_head":"<!-- This site is optimized with the Yoast SEO Premium plugin v24.5 (Yoast SEO v27.5) - https:\/\/yoast.com\/product\/yoast-seo-premium-wordpress\/ -->\n<title>Reforma de pontes sobre o C\u00f3rrego Guar\u00e1 come\u00e7a neste s\u00e1bado (25) - P31<\/title>\n<meta name=\"robots\" content=\"index, follow, max-snippet:-1, max-image-preview:large, max-video-preview:-1\" \/>\n<link rel=\"canonical\" href=\"https:\/\/www.p31noticias.com.br\/?p=51581\" \/>\n<meta property=\"og:locale\" content=\"pt_BR\" \/>\n<meta property=\"og:type\" content=\"article\" \/>\n<meta property=\"og:title\" content=\"Reforma de pontes sobre o C\u00f3rrego Guar\u00e1 come\u00e7a neste s\u00e1bado (25)\" \/>\n<meta property=\"og:description\" content=\"A partir das 7h deste s\u00e1bado (25), ter\u00e3o in\u00edcio os servi\u00e7os de reforma e refor\u00e7o estrutural de duas pontes sobre o C\u00f3rrego Guar\u00e1, localizadas na DF-003 (Estrada Parque Ind\u00fastria e Abastecimento \u2013 Epia), na altura do km 21,2. A execu\u00e7\u00e3o das obras ser\u00e1 feita da seguinte forma: inicialmente, a primeira ponte, mais \u00e0 direita, de [&hellip;]\" \/>\n<meta property=\"og:url\" content=\"https:\/\/www.p31noticias.com.br\/?p=51581\" \/>\n<meta property=\"og:site_name\" content=\"P31\" \/>\n<meta property=\"article:published_time\" content=\"2024-05-23T22:30:17+00:00\" \/>\n<meta property=\"og:image\" content=\"https:\/\/www.p31noticias.com.br\/wp-content\/uploads\/2024\/05\/WhatsApp-Image-2024-04-25-at-17.11.36-1-400x300-1-RW9HyJ-150x150-1eAmJI.jpeg\" \/>\n\t<meta property=\"og:image:width\" content=\"150\" \/>\n\t<meta property=\"og:image:height\" content=\"150\" \/>\n\t<meta property=\"og:image:type\" content=\"image\/jpeg\" \/>\n<meta name=\"twitter:card\" content=\"summary_large_image\" \/>\n<script type=\"application\/ld+json\" class=\"yoast-schema-graph\">{\"@context\":\"https:\\\/\\\/schema.org\",\"@graph\":[{\"@type\":\"Article\",\"@id\":\"https:\\\/\\\/www.p31noticias.com.br\\\/?p=51581#article\",\"isPartOf\":{\"@id\":\"https:\\\/\\\/www.p31noticias.com.br\\\/?p=51581\"},\"author\":{\"name\":\"\",\"@id\":\"\"},\"headline\":\"Reforma de pontes sobre o C\u00f3rrego Guar\u00e1 come\u00e7a neste s\u00e1bado (25)\",\"datePublished\":\"2024-05-23T22:30:17+00:00\",\"mainEntityOfPage\":{\"@id\":\"https:\\\/\\\/www.p31noticias.com.br\\\/?p=51581\"},\"wordCount\":95,\"commentCount\":0,\"image\":{\"@id\":\"https:\\\/\\\/www.p31noticias.com.br\\\/?p=51581#primaryimage\"},\"thumbnailUrl\":\"https:\\\/\\\/www.p31noticias.com.br\\\/wp-content\\\/uploads\\\/2024\\\/05\\\/WhatsApp-Image-2024-04-25-at-17.11.36-1-400x300-1-RW9HyJ-150x150-1eAmJI.jpeg\",\"articleSection\":[\"Bras\u00edlia\"],\"inLanguage\":\"pt-BR\",\"potentialAction\":[{\"@type\":\"CommentAction\",\"name\":\"Comment\",\"target\":[\"https:\\\/\\\/www.p31noticias.com.br\\\/?p=51581#respond\"]}],\"copyrightYear\":\"2024\",\"copyrightHolder\":{\"@id\":\"https:\\\/\\\/www.p31noticias.com.br\\\/#organization\"}},{\"@type\":\"WebPage\",\"@id\":\"https:\\\/\\\/www.p31noticias.com.br\\\/?p=51581\",\"url\":\"https:\\\/\\\/www.p31noticias.com.br\\\/?p=51581\",\"name\":\"Reforma de pontes sobre o C\u00f3rrego Guar\u00e1 come\u00e7a neste s\u00e1bado (25) - P31\",\"isPartOf\":{\"@id\":\"https:\\\/\\\/www.p31noticias.com.br\\\/#website\"},\"primaryImageOfPage\":{\"@id\":\"https:\\\/\\\/www.p31noticias.com.br\\\/?p=51581#primaryimage\"},\"image\":{\"@id\":\"https:\\\/\\\/www.p31noticias.com.br\\\/?p=51581#primaryimage\"},\"thumbnailUrl\":\"https:\\\/\\\/www.p31noticias.com.br\\\/wp-content\\\/uploads\\\/2024\\\/05\\\/WhatsApp-Image-2024-04-25-at-17.11.36-1-400x300-1-RW9HyJ-150x150-1eAmJI.jpeg\",\"datePublished\":\"2024-05-23T22:30:17+00:00\",\"author\":{\"@id\":\"\"},\"breadcrumb\":{\"@id\":\"https:\\\/\\\/www.p31noticias.com.br\\\/?p=51581#breadcrumb\"},\"inLanguage\":\"pt-BR\",\"potentialAction\":[{\"@type\":\"ReadAction\",\"target\":[\"https:\\\/\\\/www.p31noticias.com.br\\\/?p=51581\"]}]},{\"@type\":\"ImageObject\",\"inLanguage\":\"pt-BR\",\"@id\":\"https:\\\/\\\/www.p31noticias.com.br\\\/?p=51581#primaryimage\",\"url\":\"https:\\\/\\\/www.p31noticias.com.br\\\/wp-content\\\/uploads\\\/2024\\\/05\\\/WhatsApp-Image-2024-04-25-at-17.11.36-1-400x300-1-RW9HyJ-150x150-1eAmJI.jpeg\",\"contentUrl\":\"https:\\\/\\\/www.p31noticias.com.br\\\/wp-content\\\/uploads\\\/2024\\\/05\\\/WhatsApp-Image-2024-04-25-at-17.11.36-1-400x300-1-RW9HyJ-150x150-1eAmJI.jpeg\",\"width\":150,\"height\":150},{\"@type\":\"BreadcrumbList\",\"@id\":\"https:\\\/\\\/www.p31noticias.com.br\\\/?p=51581#breadcrumb\",\"itemListElement\":[{\"@type\":\"ListItem\",\"position\":1,\"name\":\"In\u00edcio\",\"item\":\"https:\\\/\\\/www.p31noticias.com.br\\\/\"},{\"@type\":\"ListItem\",\"position\":2,\"name\":\"Reforma de pontes sobre o C\u00f3rrego Guar\u00e1 come\u00e7a neste s\u00e1bado (25)\"}]},{\"@type\":\"WebSite\",\"@id\":\"https:\\\/\\\/www.p31noticias.com.br\\\/#website\",\"url\":\"https:\\\/\\\/www.p31noticias.com.br\\\/\",\"name\":\"P31\",\"description\":\"NOT\u00cdCIAS\",\"potentialAction\":[{\"@type\":\"SearchAction\",\"target\":{\"@type\":\"EntryPoint\",\"urlTemplate\":\"https:\\\/\\\/www.p31noticias.com.br\\\/?s={search_term_string}\"},\"query-input\":{\"@type\":\"PropertyValueSpecification\",\"valueRequired\":true,\"valueName\":\"search_term_string\"}}],\"inLanguage\":\"pt-BR\"}]}<\/script>\n<!-- \/ Yoast SEO Premium plugin. -->","yoast_head_json":{"title":"Reforma de pontes sobre o C\u00f3rrego Guar\u00e1 come\u00e7a neste s\u00e1bado (25) - P31","robots":{"index":"index","follow":"follow","max-snippet":"max-snippet:-1","max-image-preview":"max-image-preview:large","max-video-preview":"max-video-preview:-1"},"canonical":"https:\/\/www.p31noticias.com.br\/?p=51581","og_locale":"pt_BR","og_type":"article","og_title":"Reforma de pontes sobre o C\u00f3rrego Guar\u00e1 come\u00e7a neste s\u00e1bado (25)","og_description":"A partir das 7h deste s\u00e1bado (25), ter\u00e3o in\u00edcio os servi\u00e7os de reforma e refor\u00e7o estrutural de duas pontes sobre o C\u00f3rrego Guar\u00e1, localizadas na DF-003 (Estrada Parque Ind\u00fastria e Abastecimento \u2013 Epia), na altura do km 21,2. A execu\u00e7\u00e3o das obras ser\u00e1 feita da seguinte forma: inicialmente, a primeira ponte, mais \u00e0 direita, de [&hellip;]","og_url":"https:\/\/www.p31noticias.com.br\/?p=51581","og_site_name":"P31","article_published_time":"2024-05-23T22:30:17+00:00","og_image":[{"width":150,"height":150,"url":"https:\/\/www.p31noticias.com.br\/wp-content\/uploads\/2024\/05\/WhatsApp-Image-2024-04-25-at-17.11.36-1-400x300-1-RW9HyJ-150x150-1eAmJI.jpeg","type":"image\/jpeg"}],"twitter_card":"summary_large_image","schema":{"@context":"https:\/\/schema.org","@graph":[{"@type":"Article","@id":"https:\/\/www.p31noticias.com.br\/?p=51581#article","isPartOf":{"@id":"https:\/\/www.p31noticias.com.br\/?p=51581"},"author":{"name":"","@id":""},"headline":"Reforma de pontes sobre o C\u00f3rrego Guar\u00e1 come\u00e7a neste s\u00e1bado (25)","datePublished":"2024-05-23T22:30:17+00:00","mainEntityOfPage":{"@id":"https:\/\/www.p31noticias.com.br\/?p=51581"},"wordCount":95,"commentCount":0,"image":{"@id":"https:\/\/www.p31noticias.com.br\/?p=51581#primaryimage"},"thumbnailUrl":"https:\/\/www.p31noticias.com.br\/wp-content\/uploads\/2024\/05\/WhatsApp-Image-2024-04-25-at-17.11.36-1-400x300-1-RW9HyJ-150x150-1eAmJI.jpeg","articleSection":["Bras\u00edlia"],"inLanguage":"pt-BR","potentialAction":[{"@type":"CommentAction","name":"Comment","target":["https:\/\/www.p31noticias.com.br\/?p=51581#respond"]}],"copyrightYear":"2024","copyrightHolder":{"@id":"https:\/\/www.p31noticias.com.br\/#organization"}},{"@type":"WebPage","@id":"https:\/\/www.p31noticias.com.br\/?p=51581","url":"https:\/\/www.p31noticias.com.br\/?p=51581","name":"Reforma de pontes sobre o C\u00f3rrego Guar\u00e1 come\u00e7a neste s\u00e1bado (25) - P31","isPartOf":{"@id":"https:\/\/www.p31noticias.com.br\/#website"},"primaryImageOfPage":{"@id":"https:\/\/www.p31noticias.com.br\/?p=51581#primaryimage"},"image":{"@id":"https:\/\/www.p31noticias.com.br\/?p=51581#primaryimage"},"thumbnailUrl":"https:\/\/www.p31noticias.com.br\/wp-content\/uploads\/2024\/05\/WhatsApp-Image-2024-04-25-at-17.11.36-1-400x300-1-RW9HyJ-150x150-1eAmJI.jpeg","datePublished":"2024-05-23T22:30:17+00:00","author":{"@id":""},"breadcrumb":{"@id":"https:\/\/www.p31noticias.com.br\/?p=51581#breadcrumb"},"inLanguage":"pt-BR","potentialAction":[{"@type":"ReadAction","target":["https:\/\/www.p31noticias.com.br\/?p=51581"]}]},{"@type":"ImageObject","inLanguage":"pt-BR","@id":"https:\/\/www.p31noticias.com.br\/?p=51581#primaryimage","url":"https:\/\/www.p31noticias.com.br\/wp-content\/uploads\/2024\/05\/WhatsApp-Image-2024-04-25-at-17.11.36-1-400x300-1-RW9HyJ-150x150-1eAmJI.jpeg","contentUrl":"https:\/\/www.p31noticias.com.br\/wp-content\/uploads\/2024\/05\/WhatsApp-Image-2024-04-25-at-17.11.36-1-400x300-1-RW9HyJ-150x150-1eAmJI.jpeg","width":150,"height":150},{"@type":"BreadcrumbList","@id":"https:\/\/www.p31noticias.com.br\/?p=51581#breadcrumb","itemListElement":[{"@type":"ListItem","position":1,"name":"In\u00edcio","item":"https:\/\/www.p31noticias.com.br\/"},{"@type":"ListItem","position":2,"name":"Reforma de pontes sobre o C\u00f3rrego Guar\u00e1 come\u00e7a neste s\u00e1bado (25)"}]},{"@type":"WebSite","@id":"https:\/\/www.p31noticias.com.br\/#website","url":"https:\/\/www.p31noticias.com.br\/","name":"P31","description":"NOT\u00cdCIAS","potentialAction":[{"@type":"SearchAction","target":{"@type":"EntryPoint","urlTemplate":"https:\/\/www.p31noticias.com.br\/?s={search_term_string}"},"query-input":{"@type":"PropertyValueSpecification","valueRequired":true,"valueName":"search_term_string"}}],"inLanguage":"pt-BR"}]}},"amp_enabled":true,"_links":{"self":[{"href":"https:\/\/www.p31noticias.com.br\/index.php?rest_route=\/wp\/v2\/posts\/51581","targetHints":{"allow":["GET"]}}],"collection":[{"href":"https:\/\/www.p31noticias.com.br\/index.php?rest_route=\/wp\/v2\/posts"}],"about":[{"href":"https:\/\/www.p31noticias.com.br\/index.php?rest_route=\/wp\/v2\/types\/post"}],"replies":[{"embeddable":true,"href":"https:\/\/www.p31noticias.com.br\/index.php?rest_route=%2Fwp%2Fv2%2Fcomments&post=51581"}],"version-history":[{"count":0,"href":"https:\/\/www.p31noticias.com.br\/index.php?rest_route=\/wp\/v2\/posts\/51581\/revisions"}],"wp:featuredmedia":[{"embeddable":true,"href":"https:\/\/www.p31noticias.com.br\/index.php?rest_route=\/wp\/v2\/media\/51582"}],"wp:attachment":[{"href":"https:\/\/www.p31noticias.com.br\/index.php?rest_route=%2Fwp%2Fv2%2Fmedia&parent=51581"}],"wp:term":[{"taxonomy":"category","embeddable":true,"href":"https:\/\/www.p31noticias.com.br\/index.php?rest_route=%2Fwp%2Fv2%2Fcategories&post=51581"},{"taxonomy":"post_tag","embeddable":true,"href":"https:\/\/www.p31noticias.com.br\/index.php?rest_route=%2Fwp%2Fv2%2Ftags&post=51581"}],"curies":[{"name":"wp","href":"https:\/\/api.w.org\/{rel}","templated":true}]}}