{"id":51545,"date":"2024-05-23T15:31:34","date_gmt":"2024-05-23T18:31:34","guid":{"rendered":"https:\/\/p31noticias.com.br\/santa-catarina-completa-17-anos-como-zona-livre-de-febre-aftosa-sem-vacinacao\/"},"modified":"2024-05-23T15:31:34","modified_gmt":"2024-05-23T18:31:34","slug":"santa-catarina-completa-17-anos-como-zona-livre-de-febre-aftosa-sem-vacinacao","status":"publish","type":"post","link":"https:\/\/www.p31noticias.com.br\/?p=51545","title":{"rendered":"Santa Catarina completa 17 anos como \u201cZona Livre de Febre Aftosa sem Vacina\u00e7\u00e3o\u201d"},"content":{"rendered":"<p>VII F\u00f3rum Catarinense de Preven\u00e7\u00e3o \u00e0 Febre Aftosa conta com o apoio do Icasa, Sindicarne e Acav Na pr\u00f3xima segunda-feira (27 de maio), Santa Catarina completa 17 anos de reconhecimento internacional como Estado \u201cZona Livre de Febre Aftosa sem Vacina\u00e7\u00e3o\u201d. Em comemora\u00e7\u00e3o \u00e0 data, a Secretaria de Estado da Agricultura e a Companhia Integrada de [\u2026]<\/p>\n<p>O post <a href=\"https:\/\/www.delioandrade.com.br\/santa-catarina-completa-17-anos-como-zona-livre-de-febre-aftosa-sem-vacinacao\/\">Santa Catarina completa 17 anos como \u201cZona Livre de Febre Aftosa sem Vacina\u00e7\u00e3o\u201d<\/a> apareceu primeiro em <a href=\"https:\/\/www.delioandrade.com.br\/\">Blog do D\u00c9LIO ANDRADE<\/a>.<\/p>\n","protected":false},"excerpt":{"rendered":"<p>VII F\u00f3rum Catarinense de Preven\u00e7\u00e3o \u00e0 Febre Aftosa conta com o apoio do Icasa, Sindicarne e Acav Na pr\u00f3xima segunda-feira (27 de maio), Santa Catarina completa 17 anos de reconhecimento internacional como Estado \u201cZona Livre de Febre Aftosa sem Vacina\u00e7\u00e3o\u201d. Em comemora\u00e7\u00e3o \u00e0 data, a Secretaria de Estado da Agricultura e a Companhia Integrada de [&hellip;]<\/p>\n","protected":false},"author":0,"featured_media":51546,"comment_status":"open","ping_status":"open","sticky":false,"template":"","format":"standard","meta":{"footnotes":""},"categories":[21],"tags":[],"class_list":{"0":"post-51545","1":"post","2":"type-post","3":"status-publish","4":"format-standard","5":"has-post-thumbnail","7":"category-brasilia"},"yoast_head":"<!-- This site is optimized with the Yoast SEO Premium plugin v24.5 (Yoast SEO v27.5) - https:\/\/yoast.com\/product\/yoast-seo-premium-wordpress\/ -->\n<title>Santa Catarina completa 17 anos como \u201cZona Livre de Febre Aftosa sem Vacina\u00e7\u00e3o\u201d - P31<\/title>\n<meta name=\"robots\" content=\"index, follow, max-snippet:-1, max-image-preview:large, max-video-preview:-1\" \/>\n<link rel=\"canonical\" href=\"https:\/\/www.p31noticias.com.br\/?p=51545\" \/>\n<meta property=\"og:locale\" content=\"pt_BR\" \/>\n<meta property=\"og:type\" content=\"article\" \/>\n<meta property=\"og:title\" content=\"Santa Catarina completa 17 anos como \u201cZona Livre de Febre Aftosa sem Vacina\u00e7\u00e3o\u201d\" \/>\n<meta property=\"og:description\" content=\"VII F\u00f3rum Catarinense de Preven\u00e7\u00e3o \u00e0 Febre Aftosa conta com o apoio do Icasa, Sindicarne e Acav Na pr\u00f3xima segunda-feira (27 de maio), Santa Catarina completa 17 anos de reconhecimento internacional como Estado \u201cZona Livre de Febre Aftosa sem Vacina\u00e7\u00e3o\u201d. Em comemora\u00e7\u00e3o \u00e0 data, a Secretaria de Estado da Agricultura e a Companhia Integrada de [&hellip;]\" \/>\n<meta property=\"og:url\" content=\"https:\/\/www.p31noticias.com.br\/?p=51545\" \/>\n<meta property=\"og:site_name\" content=\"P31\" \/>\n<meta property=\"article:published_time\" content=\"2024-05-23T18:31:34+00:00\" \/>\n<meta property=\"og:image\" content=\"https:\/\/www.p31noticias.com.br\/wp-content\/uploads\/2024\/05\/02-150x150-Awu6Y0-guelWK.jpeg\" \/>\n\t<meta property=\"og:image:width\" content=\"150\" \/>\n\t<meta property=\"og:image:height\" content=\"150\" \/>\n\t<meta property=\"og:image:type\" content=\"image\/jpeg\" \/>\n<meta name=\"twitter:card\" content=\"summary_large_image\" \/>\n<script type=\"application\/ld+json\" class=\"yoast-schema-graph\">{\"@context\":\"https:\\\/\\\/schema.org\",\"@graph\":[{\"@type\":\"Article\",\"@id\":\"https:\\\/\\\/www.p31noticias.com.br\\\/?p=51545#article\",\"isPartOf\":{\"@id\":\"https:\\\/\\\/www.p31noticias.com.br\\\/?p=51545\"},\"author\":{\"name\":\"\",\"@id\":\"\"},\"headline\":\"Santa Catarina completa 17 anos como \u201cZona Livre de Febre Aftosa sem Vacina\u00e7\u00e3o\u201d\",\"datePublished\":\"2024-05-23T18:31:34+00:00\",\"mainEntityOfPage\":{\"@id\":\"https:\\\/\\\/www.p31noticias.com.br\\\/?p=51545\"},\"wordCount\":92,\"commentCount\":0,\"image\":{\"@id\":\"https:\\\/\\\/www.p31noticias.com.br\\\/?p=51545#primaryimage\"},\"thumbnailUrl\":\"https:\\\/\\\/www.p31noticias.com.br\\\/wp-content\\\/uploads\\\/2024\\\/05\\\/02-150x150-Awu6Y0-guelWK.jpeg\",\"articleSection\":[\"Bras\u00edlia\"],\"inLanguage\":\"pt-BR\",\"potentialAction\":[{\"@type\":\"CommentAction\",\"name\":\"Comment\",\"target\":[\"https:\\\/\\\/www.p31noticias.com.br\\\/?p=51545#respond\"]}],\"copyrightYear\":\"2024\",\"copyrightHolder\":{\"@id\":\"https:\\\/\\\/www.p31noticias.com.br\\\/#organization\"}},{\"@type\":\"WebPage\",\"@id\":\"https:\\\/\\\/www.p31noticias.com.br\\\/?p=51545\",\"url\":\"https:\\\/\\\/www.p31noticias.com.br\\\/?p=51545\",\"name\":\"Santa Catarina completa 17 anos como \u201cZona Livre de Febre Aftosa sem Vacina\u00e7\u00e3o\u201d - P31\",\"isPartOf\":{\"@id\":\"https:\\\/\\\/www.p31noticias.com.br\\\/#website\"},\"primaryImageOfPage\":{\"@id\":\"https:\\\/\\\/www.p31noticias.com.br\\\/?p=51545#primaryimage\"},\"image\":{\"@id\":\"https:\\\/\\\/www.p31noticias.com.br\\\/?p=51545#primaryimage\"},\"thumbnailUrl\":\"https:\\\/\\\/www.p31noticias.com.br\\\/wp-content\\\/uploads\\\/2024\\\/05\\\/02-150x150-Awu6Y0-guelWK.jpeg\",\"datePublished\":\"2024-05-23T18:31:34+00:00\",\"author\":{\"@id\":\"\"},\"breadcrumb\":{\"@id\":\"https:\\\/\\\/www.p31noticias.com.br\\\/?p=51545#breadcrumb\"},\"inLanguage\":\"pt-BR\",\"potentialAction\":[{\"@type\":\"ReadAction\",\"target\":[\"https:\\\/\\\/www.p31noticias.com.br\\\/?p=51545\"]}]},{\"@type\":\"ImageObject\",\"inLanguage\":\"pt-BR\",\"@id\":\"https:\\\/\\\/www.p31noticias.com.br\\\/?p=51545#primaryimage\",\"url\":\"https:\\\/\\\/www.p31noticias.com.br\\\/wp-content\\\/uploads\\\/2024\\\/05\\\/02-150x150-Awu6Y0-guelWK.jpeg\",\"contentUrl\":\"https:\\\/\\\/www.p31noticias.com.br\\\/wp-content\\\/uploads\\\/2024\\\/05\\\/02-150x150-Awu6Y0-guelWK.jpeg\",\"width\":150,\"height\":150},{\"@type\":\"BreadcrumbList\",\"@id\":\"https:\\\/\\\/www.p31noticias.com.br\\\/?p=51545#breadcrumb\",\"itemListElement\":[{\"@type\":\"ListItem\",\"position\":1,\"name\":\"In\u00edcio\",\"item\":\"https:\\\/\\\/www.p31noticias.com.br\\\/\"},{\"@type\":\"ListItem\",\"position\":2,\"name\":\"Santa Catarina completa 17 anos como \u201cZona Livre de Febre Aftosa sem Vacina\u00e7\u00e3o\u201d\"}]},{\"@type\":\"WebSite\",\"@id\":\"https:\\\/\\\/www.p31noticias.com.br\\\/#website\",\"url\":\"https:\\\/\\\/www.p31noticias.com.br\\\/\",\"name\":\"P31\",\"description\":\"NOT\u00cdCIAS\",\"potentialAction\":[{\"@type\":\"SearchAction\",\"target\":{\"@type\":\"EntryPoint\",\"urlTemplate\":\"https:\\\/\\\/www.p31noticias.com.br\\\/?s={search_term_string}\"},\"query-input\":{\"@type\":\"PropertyValueSpecification\",\"valueRequired\":true,\"valueName\":\"search_term_string\"}}],\"inLanguage\":\"pt-BR\"}]}<\/script>\n<!-- \/ Yoast SEO Premium plugin. -->","yoast_head_json":{"title":"Santa Catarina completa 17 anos como \u201cZona Livre de Febre Aftosa sem Vacina\u00e7\u00e3o\u201d - P31","robots":{"index":"index","follow":"follow","max-snippet":"max-snippet:-1","max-image-preview":"max-image-preview:large","max-video-preview":"max-video-preview:-1"},"canonical":"https:\/\/www.p31noticias.com.br\/?p=51545","og_locale":"pt_BR","og_type":"article","og_title":"Santa Catarina completa 17 anos como \u201cZona Livre de Febre Aftosa sem Vacina\u00e7\u00e3o\u201d","og_description":"VII F\u00f3rum Catarinense de Preven\u00e7\u00e3o \u00e0 Febre Aftosa conta com o apoio do Icasa, Sindicarne e Acav Na pr\u00f3xima segunda-feira (27 de maio), Santa Catarina completa 17 anos de reconhecimento internacional como Estado \u201cZona Livre de Febre Aftosa sem Vacina\u00e7\u00e3o\u201d. Em comemora\u00e7\u00e3o \u00e0 data, a Secretaria de Estado da Agricultura e a Companhia Integrada de [&hellip;]","og_url":"https:\/\/www.p31noticias.com.br\/?p=51545","og_site_name":"P31","article_published_time":"2024-05-23T18:31:34+00:00","og_image":[{"width":150,"height":150,"url":"https:\/\/www.p31noticias.com.br\/wp-content\/uploads\/2024\/05\/02-150x150-Awu6Y0-guelWK.jpeg","type":"image\/jpeg"}],"twitter_card":"summary_large_image","schema":{"@context":"https:\/\/schema.org","@graph":[{"@type":"Article","@id":"https:\/\/www.p31noticias.com.br\/?p=51545#article","isPartOf":{"@id":"https:\/\/www.p31noticias.com.br\/?p=51545"},"author":{"name":"","@id":""},"headline":"Santa Catarina completa 17 anos como \u201cZona Livre de Febre Aftosa sem Vacina\u00e7\u00e3o\u201d","datePublished":"2024-05-23T18:31:34+00:00","mainEntityOfPage":{"@id":"https:\/\/www.p31noticias.com.br\/?p=51545"},"wordCount":92,"commentCount":0,"image":{"@id":"https:\/\/www.p31noticias.com.br\/?p=51545#primaryimage"},"thumbnailUrl":"https:\/\/www.p31noticias.com.br\/wp-content\/uploads\/2024\/05\/02-150x150-Awu6Y0-guelWK.jpeg","articleSection":["Bras\u00edlia"],"inLanguage":"pt-BR","potentialAction":[{"@type":"CommentAction","name":"Comment","target":["https:\/\/www.p31noticias.com.br\/?p=51545#respond"]}],"copyrightYear":"2024","copyrightHolder":{"@id":"https:\/\/www.p31noticias.com.br\/#organization"}},{"@type":"WebPage","@id":"https:\/\/www.p31noticias.com.br\/?p=51545","url":"https:\/\/www.p31noticias.com.br\/?p=51545","name":"Santa Catarina completa 17 anos como \u201cZona Livre de Febre Aftosa sem Vacina\u00e7\u00e3o\u201d - P31","isPartOf":{"@id":"https:\/\/www.p31noticias.com.br\/#website"},"primaryImageOfPage":{"@id":"https:\/\/www.p31noticias.com.br\/?p=51545#primaryimage"},"image":{"@id":"https:\/\/www.p31noticias.com.br\/?p=51545#primaryimage"},"thumbnailUrl":"https:\/\/www.p31noticias.com.br\/wp-content\/uploads\/2024\/05\/02-150x150-Awu6Y0-guelWK.jpeg","datePublished":"2024-05-23T18:31:34+00:00","author":{"@id":""},"breadcrumb":{"@id":"https:\/\/www.p31noticias.com.br\/?p=51545#breadcrumb"},"inLanguage":"pt-BR","potentialAction":[{"@type":"ReadAction","target":["https:\/\/www.p31noticias.com.br\/?p=51545"]}]},{"@type":"ImageObject","inLanguage":"pt-BR","@id":"https:\/\/www.p31noticias.com.br\/?p=51545#primaryimage","url":"https:\/\/www.p31noticias.com.br\/wp-content\/uploads\/2024\/05\/02-150x150-Awu6Y0-guelWK.jpeg","contentUrl":"https:\/\/www.p31noticias.com.br\/wp-content\/uploads\/2024\/05\/02-150x150-Awu6Y0-guelWK.jpeg","width":150,"height":150},{"@type":"BreadcrumbList","@id":"https:\/\/www.p31noticias.com.br\/?p=51545#breadcrumb","itemListElement":[{"@type":"ListItem","position":1,"name":"In\u00edcio","item":"https:\/\/www.p31noticias.com.br\/"},{"@type":"ListItem","position":2,"name":"Santa Catarina completa 17 anos como \u201cZona Livre de Febre Aftosa sem Vacina\u00e7\u00e3o\u201d"}]},{"@type":"WebSite","@id":"https:\/\/www.p31noticias.com.br\/#website","url":"https:\/\/www.p31noticias.com.br\/","name":"P31","description":"NOT\u00cdCIAS","potentialAction":[{"@type":"SearchAction","target":{"@type":"EntryPoint","urlTemplate":"https:\/\/www.p31noticias.com.br\/?s={search_term_string}"},"query-input":{"@type":"PropertyValueSpecification","valueRequired":true,"valueName":"search_term_string"}}],"inLanguage":"pt-BR"}]}},"amp_enabled":true,"_links":{"self":[{"href":"https:\/\/www.p31noticias.com.br\/index.php?rest_route=\/wp\/v2\/posts\/51545","targetHints":{"allow":["GET"]}}],"collection":[{"href":"https:\/\/www.p31noticias.com.br\/index.php?rest_route=\/wp\/v2\/posts"}],"about":[{"href":"https:\/\/www.p31noticias.com.br\/index.php?rest_route=\/wp\/v2\/types\/post"}],"replies":[{"embeddable":true,"href":"https:\/\/www.p31noticias.com.br\/index.php?rest_route=%2Fwp%2Fv2%2Fcomments&post=51545"}],"version-history":[{"count":0,"href":"https:\/\/www.p31noticias.com.br\/index.php?rest_route=\/wp\/v2\/posts\/51545\/revisions"}],"wp:featuredmedia":[{"embeddable":true,"href":"https:\/\/www.p31noticias.com.br\/index.php?rest_route=\/wp\/v2\/media\/51546"}],"wp:attachment":[{"href":"https:\/\/www.p31noticias.com.br\/index.php?rest_route=%2Fwp%2Fv2%2Fmedia&parent=51545"}],"wp:term":[{"taxonomy":"category","embeddable":true,"href":"https:\/\/www.p31noticias.com.br\/index.php?rest_route=%2Fwp%2Fv2%2Fcategories&post=51545"},{"taxonomy":"post_tag","embeddable":true,"href":"https:\/\/www.p31noticias.com.br\/index.php?rest_route=%2Fwp%2Fv2%2Ftags&post=51545"}],"curies":[{"name":"wp","href":"https:\/\/api.w.org\/{rel}","templated":true}]}}