{"id":51475,"date":"2024-05-23T08:30:23","date_gmt":"2024-05-23T11:30:23","guid":{"rendered":"https:\/\/p31noticias.com.br\/saiba-quem-e-a-blogueira-sequestrada-por-gemeos-e-levada-a-motel\/"},"modified":"2024-05-23T08:30:23","modified_gmt":"2024-05-23T11:30:23","slug":"saiba-quem-e-a-blogueira-sequestrada-por-gemeos-e-levada-a-motel","status":"publish","type":"post","link":"https:\/\/www.p31noticias.com.br\/?p=51475","title":{"rendered":"Saiba quem \u00e9 a blogueira sequestrada por g\u00eameos e levada a motel"},"content":{"rendered":"<p>Sequestrada e mantida em cativeiro por dois criminosos armados, a blogueira Vandressa Ver\u00f4nica Sabino Santos, conhecida como \u00cdndia Marley, n\u00e3o sabe se vai seguir com a carreira de influenciadora digital. A mulher foi amea\u00e7ada por horas e chegou a ficar algemada no quarto de um motel em Jacarepagu\u00e1, no Rio de Janeiro, nessa quarta-feira (22\/5). [\u2026]<\/p>\n<p>O post <a href=\"https:\/\/www.delioandrade.com.br\/saiba-quem-e-a-blogueira-sequestrada-por-gemeos-e-levada-a-motel\/\">Saiba quem \u00e9 a blogueira sequestrada por g\u00eameos e levada a motel<\/a> apareceu primeiro em <a href=\"https:\/\/www.delioandrade.com.br\/\">Blog do D\u00c9LIO ANDRADE<\/a>.<\/p>\n","protected":false},"excerpt":{"rendered":"<p>Sequestrada e mantida em cativeiro por dois criminosos armados, a blogueira Vandressa Ver\u00f4nica Sabino Santos, conhecida como \u00cdndia Marley, n\u00e3o sabe se vai seguir com a carreira de influenciadora digital. A mulher foi amea\u00e7ada por horas e chegou a ficar algemada no quarto de um motel em Jacarepagu\u00e1, no Rio de Janeiro, nessa quarta-feira (22\/5). [&hellip;]<\/p>\n","protected":false},"author":0,"featured_media":51476,"comment_status":"open","ping_status":"open","sticky":false,"template":"","format":"standard","meta":{"footnotes":""},"categories":[21],"tags":[],"class_list":{"0":"post-51475","1":"post","2":"type-post","3":"status-publish","4":"format-standard","5":"has-post-thumbnail","7":"category-brasilia"},"yoast_head":"<!-- This site is optimized with the Yoast SEO Premium plugin v24.5 (Yoast SEO v27.5) - https:\/\/yoast.com\/product\/yoast-seo-premium-wordpress\/ -->\n<title>Saiba quem \u00e9 a blogueira sequestrada por g\u00eameos e levada a motel - P31<\/title>\n<meta name=\"robots\" content=\"index, follow, max-snippet:-1, max-image-preview:large, max-video-preview:-1\" \/>\n<link rel=\"canonical\" href=\"https:\/\/www.p31noticias.com.br\/?p=51475\" \/>\n<meta property=\"og:locale\" content=\"pt_BR\" \/>\n<meta property=\"og:type\" content=\"article\" \/>\n<meta property=\"og:title\" content=\"Saiba quem \u00e9 a blogueira sequestrada por g\u00eameos e levada a motel\" \/>\n<meta property=\"og:description\" content=\"Sequestrada e mantida em cativeiro por dois criminosos armados, a blogueira Vandressa Ver\u00f4nica Sabino Santos, conhecida como \u00cdndia Marley, n\u00e3o sabe se vai seguir com a carreira de influenciadora digital. A mulher foi amea\u00e7ada por horas e chegou a ficar algemada no quarto de um motel em Jacarepagu\u00e1, no Rio de Janeiro, nessa quarta-feira (22\/5). [&hellip;]\" \/>\n<meta property=\"og:url\" content=\"https:\/\/www.p31noticias.com.br\/?p=51475\" \/>\n<meta property=\"og:site_name\" content=\"P31\" \/>\n<meta property=\"article:published_time\" content=\"2024-05-23T11:30:23+00:00\" \/>\n<meta property=\"og:image\" content=\"https:\/\/www.p31noticias.com.br\/wp-content\/uploads\/2024\/05\/sequestro-8-PlYwgM-150x150-IHYHCj.jpeg\" \/>\n\t<meta property=\"og:image:width\" content=\"150\" \/>\n\t<meta property=\"og:image:height\" content=\"150\" \/>\n\t<meta property=\"og:image:type\" content=\"image\/jpeg\" \/>\n<meta name=\"twitter:card\" content=\"summary_large_image\" \/>\n<script type=\"application\/ld+json\" class=\"yoast-schema-graph\">{\"@context\":\"https:\\\/\\\/schema.org\",\"@graph\":[{\"@type\":\"Article\",\"@id\":\"https:\\\/\\\/www.p31noticias.com.br\\\/?p=51475#article\",\"isPartOf\":{\"@id\":\"https:\\\/\\\/www.p31noticias.com.br\\\/?p=51475\"},\"author\":{\"name\":\"\",\"@id\":\"\"},\"headline\":\"Saiba quem \u00e9 a blogueira sequestrada por g\u00eameos e levada a motel\",\"datePublished\":\"2024-05-23T11:30:23+00:00\",\"mainEntityOfPage\":{\"@id\":\"https:\\\/\\\/www.p31noticias.com.br\\\/?p=51475\"},\"wordCount\":91,\"commentCount\":0,\"image\":{\"@id\":\"https:\\\/\\\/www.p31noticias.com.br\\\/?p=51475#primaryimage\"},\"thumbnailUrl\":\"https:\\\/\\\/www.p31noticias.com.br\\\/wp-content\\\/uploads\\\/2024\\\/05\\\/sequestro-8-PlYwgM-150x150-IHYHCj.jpeg\",\"articleSection\":[\"Bras\u00edlia\"],\"inLanguage\":\"pt-BR\",\"potentialAction\":[{\"@type\":\"CommentAction\",\"name\":\"Comment\",\"target\":[\"https:\\\/\\\/www.p31noticias.com.br\\\/?p=51475#respond\"]}],\"copyrightYear\":\"2024\",\"copyrightHolder\":{\"@id\":\"https:\\\/\\\/www.p31noticias.com.br\\\/#organization\"}},{\"@type\":\"WebPage\",\"@id\":\"https:\\\/\\\/www.p31noticias.com.br\\\/?p=51475\",\"url\":\"https:\\\/\\\/www.p31noticias.com.br\\\/?p=51475\",\"name\":\"Saiba quem \u00e9 a blogueira sequestrada por g\u00eameos e levada a motel - P31\",\"isPartOf\":{\"@id\":\"https:\\\/\\\/www.p31noticias.com.br\\\/#website\"},\"primaryImageOfPage\":{\"@id\":\"https:\\\/\\\/www.p31noticias.com.br\\\/?p=51475#primaryimage\"},\"image\":{\"@id\":\"https:\\\/\\\/www.p31noticias.com.br\\\/?p=51475#primaryimage\"},\"thumbnailUrl\":\"https:\\\/\\\/www.p31noticias.com.br\\\/wp-content\\\/uploads\\\/2024\\\/05\\\/sequestro-8-PlYwgM-150x150-IHYHCj.jpeg\",\"datePublished\":\"2024-05-23T11:30:23+00:00\",\"author\":{\"@id\":\"\"},\"breadcrumb\":{\"@id\":\"https:\\\/\\\/www.p31noticias.com.br\\\/?p=51475#breadcrumb\"},\"inLanguage\":\"pt-BR\",\"potentialAction\":[{\"@type\":\"ReadAction\",\"target\":[\"https:\\\/\\\/www.p31noticias.com.br\\\/?p=51475\"]}]},{\"@type\":\"ImageObject\",\"inLanguage\":\"pt-BR\",\"@id\":\"https:\\\/\\\/www.p31noticias.com.br\\\/?p=51475#primaryimage\",\"url\":\"https:\\\/\\\/www.p31noticias.com.br\\\/wp-content\\\/uploads\\\/2024\\\/05\\\/sequestro-8-PlYwgM-150x150-IHYHCj.jpeg\",\"contentUrl\":\"https:\\\/\\\/www.p31noticias.com.br\\\/wp-content\\\/uploads\\\/2024\\\/05\\\/sequestro-8-PlYwgM-150x150-IHYHCj.jpeg\",\"width\":150,\"height\":150},{\"@type\":\"BreadcrumbList\",\"@id\":\"https:\\\/\\\/www.p31noticias.com.br\\\/?p=51475#breadcrumb\",\"itemListElement\":[{\"@type\":\"ListItem\",\"position\":1,\"name\":\"In\u00edcio\",\"item\":\"https:\\\/\\\/www.p31noticias.com.br\\\/\"},{\"@type\":\"ListItem\",\"position\":2,\"name\":\"Saiba quem \u00e9 a blogueira sequestrada por g\u00eameos e levada a motel\"}]},{\"@type\":\"WebSite\",\"@id\":\"https:\\\/\\\/www.p31noticias.com.br\\\/#website\",\"url\":\"https:\\\/\\\/www.p31noticias.com.br\\\/\",\"name\":\"P31\",\"description\":\"NOT\u00cdCIAS\",\"potentialAction\":[{\"@type\":\"SearchAction\",\"target\":{\"@type\":\"EntryPoint\",\"urlTemplate\":\"https:\\\/\\\/www.p31noticias.com.br\\\/?s={search_term_string}\"},\"query-input\":{\"@type\":\"PropertyValueSpecification\",\"valueRequired\":true,\"valueName\":\"search_term_string\"}}],\"inLanguage\":\"pt-BR\"}]}<\/script>\n<!-- \/ Yoast SEO Premium plugin. -->","yoast_head_json":{"title":"Saiba quem \u00e9 a blogueira sequestrada por g\u00eameos e levada a motel - P31","robots":{"index":"index","follow":"follow","max-snippet":"max-snippet:-1","max-image-preview":"max-image-preview:large","max-video-preview":"max-video-preview:-1"},"canonical":"https:\/\/www.p31noticias.com.br\/?p=51475","og_locale":"pt_BR","og_type":"article","og_title":"Saiba quem \u00e9 a blogueira sequestrada por g\u00eameos e levada a motel","og_description":"Sequestrada e mantida em cativeiro por dois criminosos armados, a blogueira Vandressa Ver\u00f4nica Sabino Santos, conhecida como \u00cdndia Marley, n\u00e3o sabe se vai seguir com a carreira de influenciadora digital. A mulher foi amea\u00e7ada por horas e chegou a ficar algemada no quarto de um motel em Jacarepagu\u00e1, no Rio de Janeiro, nessa quarta-feira (22\/5). [&hellip;]","og_url":"https:\/\/www.p31noticias.com.br\/?p=51475","og_site_name":"P31","article_published_time":"2024-05-23T11:30:23+00:00","og_image":[{"width":150,"height":150,"url":"https:\/\/www.p31noticias.com.br\/wp-content\/uploads\/2024\/05\/sequestro-8-PlYwgM-150x150-IHYHCj.jpeg","type":"image\/jpeg"}],"twitter_card":"summary_large_image","schema":{"@context":"https:\/\/schema.org","@graph":[{"@type":"Article","@id":"https:\/\/www.p31noticias.com.br\/?p=51475#article","isPartOf":{"@id":"https:\/\/www.p31noticias.com.br\/?p=51475"},"author":{"name":"","@id":""},"headline":"Saiba quem \u00e9 a blogueira sequestrada por g\u00eameos e levada a motel","datePublished":"2024-05-23T11:30:23+00:00","mainEntityOfPage":{"@id":"https:\/\/www.p31noticias.com.br\/?p=51475"},"wordCount":91,"commentCount":0,"image":{"@id":"https:\/\/www.p31noticias.com.br\/?p=51475#primaryimage"},"thumbnailUrl":"https:\/\/www.p31noticias.com.br\/wp-content\/uploads\/2024\/05\/sequestro-8-PlYwgM-150x150-IHYHCj.jpeg","articleSection":["Bras\u00edlia"],"inLanguage":"pt-BR","potentialAction":[{"@type":"CommentAction","name":"Comment","target":["https:\/\/www.p31noticias.com.br\/?p=51475#respond"]}],"copyrightYear":"2024","copyrightHolder":{"@id":"https:\/\/www.p31noticias.com.br\/#organization"}},{"@type":"WebPage","@id":"https:\/\/www.p31noticias.com.br\/?p=51475","url":"https:\/\/www.p31noticias.com.br\/?p=51475","name":"Saiba quem \u00e9 a blogueira sequestrada por g\u00eameos e levada a motel - P31","isPartOf":{"@id":"https:\/\/www.p31noticias.com.br\/#website"},"primaryImageOfPage":{"@id":"https:\/\/www.p31noticias.com.br\/?p=51475#primaryimage"},"image":{"@id":"https:\/\/www.p31noticias.com.br\/?p=51475#primaryimage"},"thumbnailUrl":"https:\/\/www.p31noticias.com.br\/wp-content\/uploads\/2024\/05\/sequestro-8-PlYwgM-150x150-IHYHCj.jpeg","datePublished":"2024-05-23T11:30:23+00:00","author":{"@id":""},"breadcrumb":{"@id":"https:\/\/www.p31noticias.com.br\/?p=51475#breadcrumb"},"inLanguage":"pt-BR","potentialAction":[{"@type":"ReadAction","target":["https:\/\/www.p31noticias.com.br\/?p=51475"]}]},{"@type":"ImageObject","inLanguage":"pt-BR","@id":"https:\/\/www.p31noticias.com.br\/?p=51475#primaryimage","url":"https:\/\/www.p31noticias.com.br\/wp-content\/uploads\/2024\/05\/sequestro-8-PlYwgM-150x150-IHYHCj.jpeg","contentUrl":"https:\/\/www.p31noticias.com.br\/wp-content\/uploads\/2024\/05\/sequestro-8-PlYwgM-150x150-IHYHCj.jpeg","width":150,"height":150},{"@type":"BreadcrumbList","@id":"https:\/\/www.p31noticias.com.br\/?p=51475#breadcrumb","itemListElement":[{"@type":"ListItem","position":1,"name":"In\u00edcio","item":"https:\/\/www.p31noticias.com.br\/"},{"@type":"ListItem","position":2,"name":"Saiba quem \u00e9 a blogueira sequestrada por g\u00eameos e levada a motel"}]},{"@type":"WebSite","@id":"https:\/\/www.p31noticias.com.br\/#website","url":"https:\/\/www.p31noticias.com.br\/","name":"P31","description":"NOT\u00cdCIAS","potentialAction":[{"@type":"SearchAction","target":{"@type":"EntryPoint","urlTemplate":"https:\/\/www.p31noticias.com.br\/?s={search_term_string}"},"query-input":{"@type":"PropertyValueSpecification","valueRequired":true,"valueName":"search_term_string"}}],"inLanguage":"pt-BR"}]}},"amp_enabled":true,"_links":{"self":[{"href":"https:\/\/www.p31noticias.com.br\/index.php?rest_route=\/wp\/v2\/posts\/51475","targetHints":{"allow":["GET"]}}],"collection":[{"href":"https:\/\/www.p31noticias.com.br\/index.php?rest_route=\/wp\/v2\/posts"}],"about":[{"href":"https:\/\/www.p31noticias.com.br\/index.php?rest_route=\/wp\/v2\/types\/post"}],"replies":[{"embeddable":true,"href":"https:\/\/www.p31noticias.com.br\/index.php?rest_route=%2Fwp%2Fv2%2Fcomments&post=51475"}],"version-history":[{"count":0,"href":"https:\/\/www.p31noticias.com.br\/index.php?rest_route=\/wp\/v2\/posts\/51475\/revisions"}],"wp:featuredmedia":[{"embeddable":true,"href":"https:\/\/www.p31noticias.com.br\/index.php?rest_route=\/wp\/v2\/media\/51476"}],"wp:attachment":[{"href":"https:\/\/www.p31noticias.com.br\/index.php?rest_route=%2Fwp%2Fv2%2Fmedia&parent=51475"}],"wp:term":[{"taxonomy":"category","embeddable":true,"href":"https:\/\/www.p31noticias.com.br\/index.php?rest_route=%2Fwp%2Fv2%2Fcategories&post=51475"},{"taxonomy":"post_tag","embeddable":true,"href":"https:\/\/www.p31noticias.com.br\/index.php?rest_route=%2Fwp%2Fv2%2Ftags&post=51475"}],"curies":[{"name":"wp","href":"https:\/\/api.w.org\/{rel}","templated":true}]}}