{"id":51440,"date":"2024-05-22T20:30:21","date_gmt":"2024-05-22T23:30:21","guid":{"rendered":"https:\/\/p31noticias.com.br\/servicos-de-saude-para-a-populacao-do-jardim-botanico-sao-ampliados\/"},"modified":"2024-05-22T20:30:21","modified_gmt":"2024-05-22T23:30:21","slug":"servicos-de-saude-para-a-populacao-do-jardim-botanico-sao-ampliados","status":"publish","type":"post","link":"https:\/\/www.p31noticias.com.br\/?p=51440","title":{"rendered":"Servi\u00e7os de Sa\u00fade para a popula\u00e7\u00e3o do Jardim Bot\u00e2nico s\u00e3o ampliados"},"content":{"rendered":"<p>Moradores do Jardim Bot\u00e2nico \u30fc regi\u00e3o administrativa com cerca de 67 mil habitantes \u30fc contam com uma nova organiza\u00e7\u00e3o dos servi\u00e7os de sa\u00fade. Agora, cinco Unidades B\u00e1sicas de Sa\u00fade (UBSs) d\u00e3o assist\u00eancia, conforme o endere\u00e7o residencial. Ao todo, s\u00e3o 11 equipes de Sa\u00fade da Fam\u00edlia (eSF), sendo tr\u00eas novas. \u201cEm di\u00e1logo com a Administra\u00e7\u00e3o Regional [\u2026]<\/p>\n<p>O post <a href=\"https:\/\/www.delioandrade.com.br\/servicos-de-saude-para-a-populacao-do-jardim-botanico-sao-ampliados\/\">Servi\u00e7os de Sa\u00fade para a popula\u00e7\u00e3o do Jardim Bot\u00e2nico s\u00e3o ampliados<\/a> apareceu primeiro em <a href=\"https:\/\/www.delioandrade.com.br\/\">Blog do D\u00c9LIO ANDRADE<\/a>.<\/p>\n","protected":false},"excerpt":{"rendered":"<p>Moradores do Jardim Bot\u00e2nico \u30fc regi\u00e3o administrativa com cerca de 67 mil habitantes \u30fc contam com uma nova organiza\u00e7\u00e3o dos servi\u00e7os de sa\u00fade. Agora, cinco Unidades B\u00e1sicas de Sa\u00fade (UBSs) d\u00e3o assist\u00eancia, conforme o endere\u00e7o residencial. Ao todo, s\u00e3o 11 equipes de Sa\u00fade da Fam\u00edlia (eSF), sendo tr\u00eas novas. \u201cEm di\u00e1logo com a Administra\u00e7\u00e3o Regional [&hellip;]<\/p>\n","protected":false},"author":0,"featured_media":51441,"comment_status":"open","ping_status":"open","sticky":false,"template":"","format":"standard","meta":{"footnotes":""},"categories":[21],"tags":[],"class_list":{"0":"post-51440","1":"post","2":"type-post","3":"status-publish","4":"format-standard","5":"has-post-thumbnail","7":"category-brasilia"},"yoast_head":"<!-- This site is optimized with the Yoast SEO Premium plugin v24.5 (Yoast SEO v27.5) - https:\/\/yoast.com\/product\/yoast-seo-premium-wordpress\/ -->\n<title>Servi\u00e7os de Sa\u00fade para a popula\u00e7\u00e3o do Jardim Bot\u00e2nico s\u00e3o ampliados - P31<\/title>\n<meta name=\"robots\" content=\"index, follow, max-snippet:-1, max-image-preview:large, max-video-preview:-1\" \/>\n<link rel=\"canonical\" href=\"https:\/\/www.p31noticias.com.br\/?p=51440\" \/>\n<meta property=\"og:locale\" content=\"pt_BR\" \/>\n<meta property=\"og:type\" content=\"article\" \/>\n<meta property=\"og:title\" content=\"Servi\u00e7os de Sa\u00fade para a popula\u00e7\u00e3o do Jardim Bot\u00e2nico s\u00e3o ampliados\" \/>\n<meta property=\"og:description\" content=\"Moradores do Jardim Bot\u00e2nico \u30fc regi\u00e3o administrativa com cerca de 67 mil habitantes \u30fc contam com uma nova organiza\u00e7\u00e3o dos servi\u00e7os de sa\u00fade. Agora, cinco Unidades B\u00e1sicas de Sa\u00fade (UBSs) d\u00e3o assist\u00eancia, conforme o endere\u00e7o residencial. Ao todo, s\u00e3o 11 equipes de Sa\u00fade da Fam\u00edlia (eSF), sendo tr\u00eas novas. \u201cEm di\u00e1logo com a Administra\u00e7\u00e3o Regional [&hellip;]\" \/>\n<meta property=\"og:url\" content=\"https:\/\/www.p31noticias.com.br\/?p=51440\" \/>\n<meta property=\"og:site_name\" content=\"P31\" \/>\n<meta property=\"article:published_time\" content=\"2024-05-22T23:30:21+00:00\" \/>\n<meta property=\"og:image\" content=\"https:\/\/www.p31noticias.com.br\/wp-content\/uploads\/2024\/05\/Foto-3-UBS_2_Sao_Sebastiao._Foto_Ualisson_Noronha_-_Agencia_Saude-DF_2-HpVhqh-150x150-ertdku.jpeg\" \/>\n\t<meta property=\"og:image:width\" content=\"150\" \/>\n\t<meta property=\"og:image:height\" content=\"150\" \/>\n\t<meta property=\"og:image:type\" content=\"image\/jpeg\" \/>\n<meta name=\"twitter:card\" content=\"summary_large_image\" \/>\n<script type=\"application\/ld+json\" class=\"yoast-schema-graph\">{\"@context\":\"https:\\\/\\\/schema.org\",\"@graph\":[{\"@type\":\"Article\",\"@id\":\"https:\\\/\\\/www.p31noticias.com.br\\\/?p=51440#article\",\"isPartOf\":{\"@id\":\"https:\\\/\\\/www.p31noticias.com.br\\\/?p=51440\"},\"author\":{\"name\":\"\",\"@id\":\"\"},\"headline\":\"Servi\u00e7os de Sa\u00fade para a popula\u00e7\u00e3o do Jardim Bot\u00e2nico s\u00e3o ampliados\",\"datePublished\":\"2024-05-22T23:30:21+00:00\",\"mainEntityOfPage\":{\"@id\":\"https:\\\/\\\/www.p31noticias.com.br\\\/?p=51440\"},\"wordCount\":109,\"commentCount\":0,\"image\":{\"@id\":\"https:\\\/\\\/www.p31noticias.com.br\\\/?p=51440#primaryimage\"},\"thumbnailUrl\":\"https:\\\/\\\/www.p31noticias.com.br\\\/wp-content\\\/uploads\\\/2024\\\/05\\\/Foto-3-UBS_2_Sao_Sebastiao._Foto_Ualisson_Noronha_-_Agencia_Saude-DF_2-HpVhqh-150x150-ertdku.jpeg\",\"articleSection\":[\"Bras\u00edlia\"],\"inLanguage\":\"pt-BR\",\"potentialAction\":[{\"@type\":\"CommentAction\",\"name\":\"Comment\",\"target\":[\"https:\\\/\\\/www.p31noticias.com.br\\\/?p=51440#respond\"]}],\"copyrightYear\":\"2024\",\"copyrightHolder\":{\"@id\":\"https:\\\/\\\/www.p31noticias.com.br\\\/#organization\"}},{\"@type\":\"WebPage\",\"@id\":\"https:\\\/\\\/www.p31noticias.com.br\\\/?p=51440\",\"url\":\"https:\\\/\\\/www.p31noticias.com.br\\\/?p=51440\",\"name\":\"Servi\u00e7os de Sa\u00fade para a popula\u00e7\u00e3o do Jardim Bot\u00e2nico s\u00e3o ampliados - P31\",\"isPartOf\":{\"@id\":\"https:\\\/\\\/www.p31noticias.com.br\\\/#website\"},\"primaryImageOfPage\":{\"@id\":\"https:\\\/\\\/www.p31noticias.com.br\\\/?p=51440#primaryimage\"},\"image\":{\"@id\":\"https:\\\/\\\/www.p31noticias.com.br\\\/?p=51440#primaryimage\"},\"thumbnailUrl\":\"https:\\\/\\\/www.p31noticias.com.br\\\/wp-content\\\/uploads\\\/2024\\\/05\\\/Foto-3-UBS_2_Sao_Sebastiao._Foto_Ualisson_Noronha_-_Agencia_Saude-DF_2-HpVhqh-150x150-ertdku.jpeg\",\"datePublished\":\"2024-05-22T23:30:21+00:00\",\"author\":{\"@id\":\"\"},\"breadcrumb\":{\"@id\":\"https:\\\/\\\/www.p31noticias.com.br\\\/?p=51440#breadcrumb\"},\"inLanguage\":\"pt-BR\",\"potentialAction\":[{\"@type\":\"ReadAction\",\"target\":[\"https:\\\/\\\/www.p31noticias.com.br\\\/?p=51440\"]}]},{\"@type\":\"ImageObject\",\"inLanguage\":\"pt-BR\",\"@id\":\"https:\\\/\\\/www.p31noticias.com.br\\\/?p=51440#primaryimage\",\"url\":\"https:\\\/\\\/www.p31noticias.com.br\\\/wp-content\\\/uploads\\\/2024\\\/05\\\/Foto-3-UBS_2_Sao_Sebastiao._Foto_Ualisson_Noronha_-_Agencia_Saude-DF_2-HpVhqh-150x150-ertdku.jpeg\",\"contentUrl\":\"https:\\\/\\\/www.p31noticias.com.br\\\/wp-content\\\/uploads\\\/2024\\\/05\\\/Foto-3-UBS_2_Sao_Sebastiao._Foto_Ualisson_Noronha_-_Agencia_Saude-DF_2-HpVhqh-150x150-ertdku.jpeg\",\"width\":150,\"height\":150},{\"@type\":\"BreadcrumbList\",\"@id\":\"https:\\\/\\\/www.p31noticias.com.br\\\/?p=51440#breadcrumb\",\"itemListElement\":[{\"@type\":\"ListItem\",\"position\":1,\"name\":\"In\u00edcio\",\"item\":\"https:\\\/\\\/www.p31noticias.com.br\\\/\"},{\"@type\":\"ListItem\",\"position\":2,\"name\":\"Servi\u00e7os de Sa\u00fade para a popula\u00e7\u00e3o do Jardim Bot\u00e2nico s\u00e3o ampliados\"}]},{\"@type\":\"WebSite\",\"@id\":\"https:\\\/\\\/www.p31noticias.com.br\\\/#website\",\"url\":\"https:\\\/\\\/www.p31noticias.com.br\\\/\",\"name\":\"P31\",\"description\":\"NOT\u00cdCIAS\",\"potentialAction\":[{\"@type\":\"SearchAction\",\"target\":{\"@type\":\"EntryPoint\",\"urlTemplate\":\"https:\\\/\\\/www.p31noticias.com.br\\\/?s={search_term_string}\"},\"query-input\":{\"@type\":\"PropertyValueSpecification\",\"valueRequired\":true,\"valueName\":\"search_term_string\"}}],\"inLanguage\":\"pt-BR\"}]}<\/script>\n<!-- \/ Yoast SEO Premium plugin. -->","yoast_head_json":{"title":"Servi\u00e7os de Sa\u00fade para a popula\u00e7\u00e3o do Jardim Bot\u00e2nico s\u00e3o ampliados - P31","robots":{"index":"index","follow":"follow","max-snippet":"max-snippet:-1","max-image-preview":"max-image-preview:large","max-video-preview":"max-video-preview:-1"},"canonical":"https:\/\/www.p31noticias.com.br\/?p=51440","og_locale":"pt_BR","og_type":"article","og_title":"Servi\u00e7os de Sa\u00fade para a popula\u00e7\u00e3o do Jardim Bot\u00e2nico s\u00e3o ampliados","og_description":"Moradores do Jardim Bot\u00e2nico \u30fc regi\u00e3o administrativa com cerca de 67 mil habitantes \u30fc contam com uma nova organiza\u00e7\u00e3o dos servi\u00e7os de sa\u00fade. Agora, cinco Unidades B\u00e1sicas de Sa\u00fade (UBSs) d\u00e3o assist\u00eancia, conforme o endere\u00e7o residencial. Ao todo, s\u00e3o 11 equipes de Sa\u00fade da Fam\u00edlia (eSF), sendo tr\u00eas novas. \u201cEm di\u00e1logo com a Administra\u00e7\u00e3o Regional [&hellip;]","og_url":"https:\/\/www.p31noticias.com.br\/?p=51440","og_site_name":"P31","article_published_time":"2024-05-22T23:30:21+00:00","og_image":[{"width":150,"height":150,"url":"https:\/\/www.p31noticias.com.br\/wp-content\/uploads\/2024\/05\/Foto-3-UBS_2_Sao_Sebastiao._Foto_Ualisson_Noronha_-_Agencia_Saude-DF_2-HpVhqh-150x150-ertdku.jpeg","type":"image\/jpeg"}],"twitter_card":"summary_large_image","schema":{"@context":"https:\/\/schema.org","@graph":[{"@type":"Article","@id":"https:\/\/www.p31noticias.com.br\/?p=51440#article","isPartOf":{"@id":"https:\/\/www.p31noticias.com.br\/?p=51440"},"author":{"name":"","@id":""},"headline":"Servi\u00e7os de Sa\u00fade para a popula\u00e7\u00e3o do Jardim Bot\u00e2nico s\u00e3o ampliados","datePublished":"2024-05-22T23:30:21+00:00","mainEntityOfPage":{"@id":"https:\/\/www.p31noticias.com.br\/?p=51440"},"wordCount":109,"commentCount":0,"image":{"@id":"https:\/\/www.p31noticias.com.br\/?p=51440#primaryimage"},"thumbnailUrl":"https:\/\/www.p31noticias.com.br\/wp-content\/uploads\/2024\/05\/Foto-3-UBS_2_Sao_Sebastiao._Foto_Ualisson_Noronha_-_Agencia_Saude-DF_2-HpVhqh-150x150-ertdku.jpeg","articleSection":["Bras\u00edlia"],"inLanguage":"pt-BR","potentialAction":[{"@type":"CommentAction","name":"Comment","target":["https:\/\/www.p31noticias.com.br\/?p=51440#respond"]}],"copyrightYear":"2024","copyrightHolder":{"@id":"https:\/\/www.p31noticias.com.br\/#organization"}},{"@type":"WebPage","@id":"https:\/\/www.p31noticias.com.br\/?p=51440","url":"https:\/\/www.p31noticias.com.br\/?p=51440","name":"Servi\u00e7os de Sa\u00fade para a popula\u00e7\u00e3o do Jardim Bot\u00e2nico s\u00e3o ampliados - P31","isPartOf":{"@id":"https:\/\/www.p31noticias.com.br\/#website"},"primaryImageOfPage":{"@id":"https:\/\/www.p31noticias.com.br\/?p=51440#primaryimage"},"image":{"@id":"https:\/\/www.p31noticias.com.br\/?p=51440#primaryimage"},"thumbnailUrl":"https:\/\/www.p31noticias.com.br\/wp-content\/uploads\/2024\/05\/Foto-3-UBS_2_Sao_Sebastiao._Foto_Ualisson_Noronha_-_Agencia_Saude-DF_2-HpVhqh-150x150-ertdku.jpeg","datePublished":"2024-05-22T23:30:21+00:00","author":{"@id":""},"breadcrumb":{"@id":"https:\/\/www.p31noticias.com.br\/?p=51440#breadcrumb"},"inLanguage":"pt-BR","potentialAction":[{"@type":"ReadAction","target":["https:\/\/www.p31noticias.com.br\/?p=51440"]}]},{"@type":"ImageObject","inLanguage":"pt-BR","@id":"https:\/\/www.p31noticias.com.br\/?p=51440#primaryimage","url":"https:\/\/www.p31noticias.com.br\/wp-content\/uploads\/2024\/05\/Foto-3-UBS_2_Sao_Sebastiao._Foto_Ualisson_Noronha_-_Agencia_Saude-DF_2-HpVhqh-150x150-ertdku.jpeg","contentUrl":"https:\/\/www.p31noticias.com.br\/wp-content\/uploads\/2024\/05\/Foto-3-UBS_2_Sao_Sebastiao._Foto_Ualisson_Noronha_-_Agencia_Saude-DF_2-HpVhqh-150x150-ertdku.jpeg","width":150,"height":150},{"@type":"BreadcrumbList","@id":"https:\/\/www.p31noticias.com.br\/?p=51440#breadcrumb","itemListElement":[{"@type":"ListItem","position":1,"name":"In\u00edcio","item":"https:\/\/www.p31noticias.com.br\/"},{"@type":"ListItem","position":2,"name":"Servi\u00e7os de Sa\u00fade para a popula\u00e7\u00e3o do Jardim Bot\u00e2nico s\u00e3o ampliados"}]},{"@type":"WebSite","@id":"https:\/\/www.p31noticias.com.br\/#website","url":"https:\/\/www.p31noticias.com.br\/","name":"P31","description":"NOT\u00cdCIAS","potentialAction":[{"@type":"SearchAction","target":{"@type":"EntryPoint","urlTemplate":"https:\/\/www.p31noticias.com.br\/?s={search_term_string}"},"query-input":{"@type":"PropertyValueSpecification","valueRequired":true,"valueName":"search_term_string"}}],"inLanguage":"pt-BR"}]}},"amp_enabled":true,"_links":{"self":[{"href":"https:\/\/www.p31noticias.com.br\/index.php?rest_route=\/wp\/v2\/posts\/51440","targetHints":{"allow":["GET"]}}],"collection":[{"href":"https:\/\/www.p31noticias.com.br\/index.php?rest_route=\/wp\/v2\/posts"}],"about":[{"href":"https:\/\/www.p31noticias.com.br\/index.php?rest_route=\/wp\/v2\/types\/post"}],"replies":[{"embeddable":true,"href":"https:\/\/www.p31noticias.com.br\/index.php?rest_route=%2Fwp%2Fv2%2Fcomments&post=51440"}],"version-history":[{"count":0,"href":"https:\/\/www.p31noticias.com.br\/index.php?rest_route=\/wp\/v2\/posts\/51440\/revisions"}],"wp:featuredmedia":[{"embeddable":true,"href":"https:\/\/www.p31noticias.com.br\/index.php?rest_route=\/wp\/v2\/media\/51441"}],"wp:attachment":[{"href":"https:\/\/www.p31noticias.com.br\/index.php?rest_route=%2Fwp%2Fv2%2Fmedia&parent=51440"}],"wp:term":[{"taxonomy":"category","embeddable":true,"href":"https:\/\/www.p31noticias.com.br\/index.php?rest_route=%2Fwp%2Fv2%2Fcategories&post=51440"},{"taxonomy":"post_tag","embeddable":true,"href":"https:\/\/www.p31noticias.com.br\/index.php?rest_route=%2Fwp%2Fv2%2Ftags&post=51440"}],"curies":[{"name":"wp","href":"https:\/\/api.w.org\/{rel}","templated":true}]}}