{"id":51436,"date":"2024-05-22T19:30:50","date_gmt":"2024-05-22T22:30:50","guid":{"rendered":"https:\/\/p31noticias.com.br\/familiares-de-mortos-e-desaparecidos-vao-denunciar-estado-brasileiro-a-corte-da-oea\/"},"modified":"2024-05-22T19:30:50","modified_gmt":"2024-05-22T22:30:50","slug":"familiares-de-mortos-e-desaparecidos-vao-denunciar-estado-brasileiro-a-corte-da-oea","status":"publish","type":"post","link":"https:\/\/www.p31noticias.com.br\/?p=51436","title":{"rendered":"Familiares de mortos e desaparecidos v\u00e3o denunciar Estado brasileiro \u00e0 Corte da OEA"},"content":{"rendered":"<p>Organiza\u00e7\u00f5es n\u00e3o governamentais de direitos humanos e de familiares mortos e desaparecidos na ditadura civil militar (1964-1985) dever\u00e3o denunciar nesta quinta-feira (23) o Estado brasileiro por descumprimento de senten\u00e7a da Corte Interamericana de Direitos Humanos da OEA (Organiza\u00e7\u00e3o dos Estados Americanos). As entidades v\u00e3o participar de uma audi\u00eancia fechada em Bras\u00edlia com ju\u00edzes do tribunal, [\u2026]<\/p>\n<p>O post <a href=\"https:\/\/www.delioandrade.com.br\/familiares-de-mortos-e-desaparecidos-vao-denunciar-estado-brasileiro-a-corte-da-oea\/\">Familiares de mortos e desaparecidos v\u00e3o denunciar Estado brasileiro \u00e0 Corte da OEA<\/a> apareceu primeiro em <a href=\"https:\/\/www.delioandrade.com.br\/\">Blog do D\u00c9LIO ANDRADE<\/a>.<\/p>\n","protected":false},"excerpt":{"rendered":"<p>Organiza\u00e7\u00f5es n\u00e3o governamentais de direitos humanos e de familiares mortos e desaparecidos na ditadura civil militar (1964-1985) dever\u00e3o denunciar nesta quinta-feira (23) o Estado brasileiro por descumprimento de senten\u00e7a da Corte Interamericana de Direitos Humanos da OEA (Organiza\u00e7\u00e3o dos Estados Americanos). As entidades v\u00e3o participar de uma audi\u00eancia fechada em Bras\u00edlia com ju\u00edzes do tribunal, [&hellip;]<\/p>\n","protected":false},"author":0,"featured_media":51437,"comment_status":"open","ping_status":"open","sticky":false,"template":"","format":"standard","meta":{"footnotes":""},"categories":[21],"tags":[],"class_list":{"0":"post-51436","1":"post","2":"type-post","3":"status-publish","4":"format-standard","5":"has-post-thumbnail","7":"category-brasilia"},"yoast_head":"<!-- This site is optimized with the Yoast SEO Premium plugin v24.5 (Yoast SEO v27.5) - https:\/\/yoast.com\/product\/yoast-seo-premium-wordpress\/ -->\n<title>Familiares de mortos e desaparecidos v\u00e3o denunciar Estado brasileiro \u00e0 Corte da OEA - P31<\/title>\n<meta name=\"robots\" content=\"index, follow, max-snippet:-1, max-image-preview:large, max-video-preview:-1\" \/>\n<link rel=\"canonical\" href=\"https:\/\/www.p31noticias.com.br\/?p=51436\" \/>\n<meta property=\"og:locale\" content=\"pt_BR\" \/>\n<meta property=\"og:type\" content=\"article\" \/>\n<meta property=\"og:title\" content=\"Familiares de mortos e desaparecidos v\u00e3o denunciar Estado brasileiro \u00e0 Corte da OEA\" \/>\n<meta property=\"og:description\" content=\"Organiza\u00e7\u00f5es n\u00e3o governamentais de direitos humanos e de familiares mortos e desaparecidos na ditadura civil militar (1964-1985) dever\u00e3o denunciar nesta quinta-feira (23) o Estado brasileiro por descumprimento de senten\u00e7a da Corte Interamericana de Direitos Humanos da OEA (Organiza\u00e7\u00e3o dos Estados Americanos). As entidades v\u00e3o participar de uma audi\u00eancia fechada em Bras\u00edlia com ju\u00edzes do tribunal, [&hellip;]\" \/>\n<meta property=\"og:url\" content=\"https:\/\/www.p31noticias.com.br\/?p=51436\" \/>\n<meta property=\"og:site_name\" content=\"P31\" \/>\n<meta property=\"article:published_time\" content=\"2024-05-22T22:30:50+00:00\" \/>\n<meta property=\"og:image\" content=\"https:\/\/www.p31noticias.com.br\/wp-content\/uploads\/2024\/05\/2-CAPA-SITE-ENTRELINHAS-DO-PODER-Familiares-de-mortos-e-desaparecidos-vao-denunciar-Estado-brasileiro-a-Corte-da-OEA-d0dtRE-150x150-WbrpbK.jpeg\" \/>\n\t<meta property=\"og:image:width\" content=\"150\" \/>\n\t<meta property=\"og:image:height\" content=\"150\" \/>\n\t<meta property=\"og:image:type\" content=\"image\/jpeg\" \/>\n<meta name=\"twitter:card\" content=\"summary_large_image\" \/>\n<script type=\"application\/ld+json\" class=\"yoast-schema-graph\">{\"@context\":\"https:\\\/\\\/schema.org\",\"@graph\":[{\"@type\":\"Article\",\"@id\":\"https:\\\/\\\/www.p31noticias.com.br\\\/?p=51436#article\",\"isPartOf\":{\"@id\":\"https:\\\/\\\/www.p31noticias.com.br\\\/?p=51436\"},\"author\":{\"name\":\"\",\"@id\":\"\"},\"headline\":\"Familiares de mortos e desaparecidos v\u00e3o denunciar Estado brasileiro \u00e0 Corte da OEA\",\"datePublished\":\"2024-05-22T22:30:50+00:00\",\"mainEntityOfPage\":{\"@id\":\"https:\\\/\\\/www.p31noticias.com.br\\\/?p=51436\"},\"wordCount\":99,\"commentCount\":0,\"image\":{\"@id\":\"https:\\\/\\\/www.p31noticias.com.br\\\/?p=51436#primaryimage\"},\"thumbnailUrl\":\"https:\\\/\\\/www.p31noticias.com.br\\\/wp-content\\\/uploads\\\/2024\\\/05\\\/2-CAPA-SITE-ENTRELINHAS-DO-PODER-Familiares-de-mortos-e-desaparecidos-vao-denunciar-Estado-brasileiro-a-Corte-da-OEA-d0dtRE-150x150-WbrpbK.jpeg\",\"articleSection\":[\"Bras\u00edlia\"],\"inLanguage\":\"pt-BR\",\"potentialAction\":[{\"@type\":\"CommentAction\",\"name\":\"Comment\",\"target\":[\"https:\\\/\\\/www.p31noticias.com.br\\\/?p=51436#respond\"]}],\"copyrightYear\":\"2024\",\"copyrightHolder\":{\"@id\":\"https:\\\/\\\/www.p31noticias.com.br\\\/#organization\"}},{\"@type\":\"WebPage\",\"@id\":\"https:\\\/\\\/www.p31noticias.com.br\\\/?p=51436\",\"url\":\"https:\\\/\\\/www.p31noticias.com.br\\\/?p=51436\",\"name\":\"Familiares de mortos e desaparecidos v\u00e3o denunciar Estado brasileiro \u00e0 Corte da OEA - P31\",\"isPartOf\":{\"@id\":\"https:\\\/\\\/www.p31noticias.com.br\\\/#website\"},\"primaryImageOfPage\":{\"@id\":\"https:\\\/\\\/www.p31noticias.com.br\\\/?p=51436#primaryimage\"},\"image\":{\"@id\":\"https:\\\/\\\/www.p31noticias.com.br\\\/?p=51436#primaryimage\"},\"thumbnailUrl\":\"https:\\\/\\\/www.p31noticias.com.br\\\/wp-content\\\/uploads\\\/2024\\\/05\\\/2-CAPA-SITE-ENTRELINHAS-DO-PODER-Familiares-de-mortos-e-desaparecidos-vao-denunciar-Estado-brasileiro-a-Corte-da-OEA-d0dtRE-150x150-WbrpbK.jpeg\",\"datePublished\":\"2024-05-22T22:30:50+00:00\",\"author\":{\"@id\":\"\"},\"breadcrumb\":{\"@id\":\"https:\\\/\\\/www.p31noticias.com.br\\\/?p=51436#breadcrumb\"},\"inLanguage\":\"pt-BR\",\"potentialAction\":[{\"@type\":\"ReadAction\",\"target\":[\"https:\\\/\\\/www.p31noticias.com.br\\\/?p=51436\"]}]},{\"@type\":\"ImageObject\",\"inLanguage\":\"pt-BR\",\"@id\":\"https:\\\/\\\/www.p31noticias.com.br\\\/?p=51436#primaryimage\",\"url\":\"https:\\\/\\\/www.p31noticias.com.br\\\/wp-content\\\/uploads\\\/2024\\\/05\\\/2-CAPA-SITE-ENTRELINHAS-DO-PODER-Familiares-de-mortos-e-desaparecidos-vao-denunciar-Estado-brasileiro-a-Corte-da-OEA-d0dtRE-150x150-WbrpbK.jpeg\",\"contentUrl\":\"https:\\\/\\\/www.p31noticias.com.br\\\/wp-content\\\/uploads\\\/2024\\\/05\\\/2-CAPA-SITE-ENTRELINHAS-DO-PODER-Familiares-de-mortos-e-desaparecidos-vao-denunciar-Estado-brasileiro-a-Corte-da-OEA-d0dtRE-150x150-WbrpbK.jpeg\",\"width\":150,\"height\":150},{\"@type\":\"BreadcrumbList\",\"@id\":\"https:\\\/\\\/www.p31noticias.com.br\\\/?p=51436#breadcrumb\",\"itemListElement\":[{\"@type\":\"ListItem\",\"position\":1,\"name\":\"In\u00edcio\",\"item\":\"https:\\\/\\\/www.p31noticias.com.br\\\/\"},{\"@type\":\"ListItem\",\"position\":2,\"name\":\"Familiares de mortos e desaparecidos v\u00e3o denunciar Estado brasileiro \u00e0 Corte da OEA\"}]},{\"@type\":\"WebSite\",\"@id\":\"https:\\\/\\\/www.p31noticias.com.br\\\/#website\",\"url\":\"https:\\\/\\\/www.p31noticias.com.br\\\/\",\"name\":\"P31\",\"description\":\"NOT\u00cdCIAS\",\"potentialAction\":[{\"@type\":\"SearchAction\",\"target\":{\"@type\":\"EntryPoint\",\"urlTemplate\":\"https:\\\/\\\/www.p31noticias.com.br\\\/?s={search_term_string}\"},\"query-input\":{\"@type\":\"PropertyValueSpecification\",\"valueRequired\":true,\"valueName\":\"search_term_string\"}}],\"inLanguage\":\"pt-BR\"}]}<\/script>\n<!-- \/ Yoast SEO Premium plugin. -->","yoast_head_json":{"title":"Familiares de mortos e desaparecidos v\u00e3o denunciar Estado brasileiro \u00e0 Corte da OEA - P31","robots":{"index":"index","follow":"follow","max-snippet":"max-snippet:-1","max-image-preview":"max-image-preview:large","max-video-preview":"max-video-preview:-1"},"canonical":"https:\/\/www.p31noticias.com.br\/?p=51436","og_locale":"pt_BR","og_type":"article","og_title":"Familiares de mortos e desaparecidos v\u00e3o denunciar Estado brasileiro \u00e0 Corte da OEA","og_description":"Organiza\u00e7\u00f5es n\u00e3o governamentais de direitos humanos e de familiares mortos e desaparecidos na ditadura civil militar (1964-1985) dever\u00e3o denunciar nesta quinta-feira (23) o Estado brasileiro por descumprimento de senten\u00e7a da Corte Interamericana de Direitos Humanos da OEA (Organiza\u00e7\u00e3o dos Estados Americanos). As entidades v\u00e3o participar de uma audi\u00eancia fechada em Bras\u00edlia com ju\u00edzes do tribunal, [&hellip;]","og_url":"https:\/\/www.p31noticias.com.br\/?p=51436","og_site_name":"P31","article_published_time":"2024-05-22T22:30:50+00:00","og_image":[{"width":150,"height":150,"url":"https:\/\/www.p31noticias.com.br\/wp-content\/uploads\/2024\/05\/2-CAPA-SITE-ENTRELINHAS-DO-PODER-Familiares-de-mortos-e-desaparecidos-vao-denunciar-Estado-brasileiro-a-Corte-da-OEA-d0dtRE-150x150-WbrpbK.jpeg","type":"image\/jpeg"}],"twitter_card":"summary_large_image","schema":{"@context":"https:\/\/schema.org","@graph":[{"@type":"Article","@id":"https:\/\/www.p31noticias.com.br\/?p=51436#article","isPartOf":{"@id":"https:\/\/www.p31noticias.com.br\/?p=51436"},"author":{"name":"","@id":""},"headline":"Familiares de mortos e desaparecidos v\u00e3o denunciar Estado brasileiro \u00e0 Corte da OEA","datePublished":"2024-05-22T22:30:50+00:00","mainEntityOfPage":{"@id":"https:\/\/www.p31noticias.com.br\/?p=51436"},"wordCount":99,"commentCount":0,"image":{"@id":"https:\/\/www.p31noticias.com.br\/?p=51436#primaryimage"},"thumbnailUrl":"https:\/\/www.p31noticias.com.br\/wp-content\/uploads\/2024\/05\/2-CAPA-SITE-ENTRELINHAS-DO-PODER-Familiares-de-mortos-e-desaparecidos-vao-denunciar-Estado-brasileiro-a-Corte-da-OEA-d0dtRE-150x150-WbrpbK.jpeg","articleSection":["Bras\u00edlia"],"inLanguage":"pt-BR","potentialAction":[{"@type":"CommentAction","name":"Comment","target":["https:\/\/www.p31noticias.com.br\/?p=51436#respond"]}],"copyrightYear":"2024","copyrightHolder":{"@id":"https:\/\/www.p31noticias.com.br\/#organization"}},{"@type":"WebPage","@id":"https:\/\/www.p31noticias.com.br\/?p=51436","url":"https:\/\/www.p31noticias.com.br\/?p=51436","name":"Familiares de mortos e desaparecidos v\u00e3o denunciar Estado brasileiro \u00e0 Corte da OEA - P31","isPartOf":{"@id":"https:\/\/www.p31noticias.com.br\/#website"},"primaryImageOfPage":{"@id":"https:\/\/www.p31noticias.com.br\/?p=51436#primaryimage"},"image":{"@id":"https:\/\/www.p31noticias.com.br\/?p=51436#primaryimage"},"thumbnailUrl":"https:\/\/www.p31noticias.com.br\/wp-content\/uploads\/2024\/05\/2-CAPA-SITE-ENTRELINHAS-DO-PODER-Familiares-de-mortos-e-desaparecidos-vao-denunciar-Estado-brasileiro-a-Corte-da-OEA-d0dtRE-150x150-WbrpbK.jpeg","datePublished":"2024-05-22T22:30:50+00:00","author":{"@id":""},"breadcrumb":{"@id":"https:\/\/www.p31noticias.com.br\/?p=51436#breadcrumb"},"inLanguage":"pt-BR","potentialAction":[{"@type":"ReadAction","target":["https:\/\/www.p31noticias.com.br\/?p=51436"]}]},{"@type":"ImageObject","inLanguage":"pt-BR","@id":"https:\/\/www.p31noticias.com.br\/?p=51436#primaryimage","url":"https:\/\/www.p31noticias.com.br\/wp-content\/uploads\/2024\/05\/2-CAPA-SITE-ENTRELINHAS-DO-PODER-Familiares-de-mortos-e-desaparecidos-vao-denunciar-Estado-brasileiro-a-Corte-da-OEA-d0dtRE-150x150-WbrpbK.jpeg","contentUrl":"https:\/\/www.p31noticias.com.br\/wp-content\/uploads\/2024\/05\/2-CAPA-SITE-ENTRELINHAS-DO-PODER-Familiares-de-mortos-e-desaparecidos-vao-denunciar-Estado-brasileiro-a-Corte-da-OEA-d0dtRE-150x150-WbrpbK.jpeg","width":150,"height":150},{"@type":"BreadcrumbList","@id":"https:\/\/www.p31noticias.com.br\/?p=51436#breadcrumb","itemListElement":[{"@type":"ListItem","position":1,"name":"In\u00edcio","item":"https:\/\/www.p31noticias.com.br\/"},{"@type":"ListItem","position":2,"name":"Familiares de mortos e desaparecidos v\u00e3o denunciar Estado brasileiro \u00e0 Corte da OEA"}]},{"@type":"WebSite","@id":"https:\/\/www.p31noticias.com.br\/#website","url":"https:\/\/www.p31noticias.com.br\/","name":"P31","description":"NOT\u00cdCIAS","potentialAction":[{"@type":"SearchAction","target":{"@type":"EntryPoint","urlTemplate":"https:\/\/www.p31noticias.com.br\/?s={search_term_string}"},"query-input":{"@type":"PropertyValueSpecification","valueRequired":true,"valueName":"search_term_string"}}],"inLanguage":"pt-BR"}]}},"amp_enabled":true,"_links":{"self":[{"href":"https:\/\/www.p31noticias.com.br\/index.php?rest_route=\/wp\/v2\/posts\/51436","targetHints":{"allow":["GET"]}}],"collection":[{"href":"https:\/\/www.p31noticias.com.br\/index.php?rest_route=\/wp\/v2\/posts"}],"about":[{"href":"https:\/\/www.p31noticias.com.br\/index.php?rest_route=\/wp\/v2\/types\/post"}],"replies":[{"embeddable":true,"href":"https:\/\/www.p31noticias.com.br\/index.php?rest_route=%2Fwp%2Fv2%2Fcomments&post=51436"}],"version-history":[{"count":0,"href":"https:\/\/www.p31noticias.com.br\/index.php?rest_route=\/wp\/v2\/posts\/51436\/revisions"}],"wp:featuredmedia":[{"embeddable":true,"href":"https:\/\/www.p31noticias.com.br\/index.php?rest_route=\/wp\/v2\/media\/51437"}],"wp:attachment":[{"href":"https:\/\/www.p31noticias.com.br\/index.php?rest_route=%2Fwp%2Fv2%2Fmedia&parent=51436"}],"wp:term":[{"taxonomy":"category","embeddable":true,"href":"https:\/\/www.p31noticias.com.br\/index.php?rest_route=%2Fwp%2Fv2%2Fcategories&post=51436"},{"taxonomy":"post_tag","embeddable":true,"href":"https:\/\/www.p31noticias.com.br\/index.php?rest_route=%2Fwp%2Fv2%2Ftags&post=51436"}],"curies":[{"name":"wp","href":"https:\/\/api.w.org\/{rel}","templated":true}]}}