{"id":51424,"date":"2024-05-22T18:30:16","date_gmt":"2024-05-22T21:30:16","guid":{"rendered":"https:\/\/p31noticias.com.br\/profissionais-da-saude-participam-de-acao-pela-paz-no-transito\/"},"modified":"2024-05-22T18:30:16","modified_gmt":"2024-05-22T21:30:16","slug":"profissionais-da-saude-participam-de-acao-pela-paz-no-transito","status":"publish","type":"post","link":"https:\/\/www.p31noticias.com.br\/?p=51424","title":{"rendered":"Profissionais da Sa\u00fade participam de a\u00e7\u00e3o pela paz no tr\u00e2nsito"},"content":{"rendered":"<p>Servidores da Secretaria de Sa\u00fade do Distrito Federal (SES) participaram, nessa ter\u00e7a-feira (21), de atividades do movimento Maio Amarelo, que busca chamar a aten\u00e7\u00e3o da sociedade para o alto \u00edndice de mortes e feridos no tr\u00e2nsito. Os acidentes configuram um grave problema de sa\u00fade p\u00fablica, provocando impacto na morbidade e na mortalidade da popula\u00e7\u00e3o, bem [\u2026]<\/p>\n<p>O post <a href=\"https:\/\/www.delioandrade.com.br\/profissionais-da-saude-participam-de-acao-pela-paz-no-transito\/\">Profissionais da Sa\u00fade participam de a\u00e7\u00e3o pela paz no tr\u00e2nsito<\/a> apareceu primeiro em <a href=\"https:\/\/www.delioandrade.com.br\/\">Blog do D\u00c9LIO ANDRADE<\/a>.<\/p>\n","protected":false},"excerpt":{"rendered":"<p>Servidores da Secretaria de Sa\u00fade do Distrito Federal (SES) participaram, nessa ter\u00e7a-feira (21), de atividades do movimento Maio Amarelo, que busca chamar a aten\u00e7\u00e3o da sociedade para o alto \u00edndice de mortes e feridos no tr\u00e2nsito. Os acidentes configuram um grave problema de sa\u00fade p\u00fablica, provocando impacto na morbidade e na mortalidade da popula\u00e7\u00e3o, bem [&hellip;]<\/p>\n","protected":false},"author":0,"featured_media":51425,"comment_status":"open","ping_status":"open","sticky":false,"template":"","format":"standard","meta":{"footnotes":""},"categories":[21],"tags":[],"class_list":{"0":"post-51424","1":"post","2":"type-post","3":"status-publish","4":"format-standard","5":"has-post-thumbnail","7":"category-brasilia"},"yoast_head":"<!-- This site is optimized with the Yoast SEO Premium plugin v24.5 (Yoast SEO v27.5) - https:\/\/yoast.com\/product\/yoast-seo-premium-wordpress\/ -->\n<title>Profissionais da Sa\u00fade participam de a\u00e7\u00e3o pela paz no tr\u00e2nsito - P31<\/title>\n<meta name=\"robots\" content=\"index, follow, max-snippet:-1, max-image-preview:large, max-video-preview:-1\" \/>\n<link rel=\"canonical\" href=\"https:\/\/www.p31noticias.com.br\/?p=51424\" \/>\n<meta property=\"og:locale\" content=\"pt_BR\" \/>\n<meta property=\"og:type\" content=\"article\" \/>\n<meta property=\"og:title\" content=\"Profissionais da Sa\u00fade participam de a\u00e7\u00e3o pela paz no tr\u00e2nsito\" \/>\n<meta property=\"og:description\" content=\"Servidores da Secretaria de Sa\u00fade do Distrito Federal (SES) participaram, nessa ter\u00e7a-feira (21), de atividades do movimento Maio Amarelo, que busca chamar a aten\u00e7\u00e3o da sociedade para o alto \u00edndice de mortes e feridos no tr\u00e2nsito. Os acidentes configuram um grave problema de sa\u00fade p\u00fablica, provocando impacto na morbidade e na mortalidade da popula\u00e7\u00e3o, bem [&hellip;]\" \/>\n<meta property=\"og:url\" content=\"https:\/\/www.p31noticias.com.br\/?p=51424\" \/>\n<meta property=\"og:site_name\" content=\"P31\" \/>\n<meta property=\"article:published_time\" content=\"2024-05-22T21:30:16+00:00\" \/>\n<meta property=\"og:image\" content=\"https:\/\/www.p31noticias.com.br\/wp-content\/uploads\/2024\/05\/Foto-3-Foto_Sandro-Araujo_Agencia-Saude-DF-va5rKH-150x150-hUeLqJ.jpeg\" \/>\n\t<meta property=\"og:image:width\" content=\"150\" \/>\n\t<meta property=\"og:image:height\" content=\"150\" \/>\n\t<meta property=\"og:image:type\" content=\"image\/jpeg\" \/>\n<meta name=\"twitter:card\" content=\"summary_large_image\" \/>\n<script type=\"application\/ld+json\" class=\"yoast-schema-graph\">{\"@context\":\"https:\\\/\\\/schema.org\",\"@graph\":[{\"@type\":\"Article\",\"@id\":\"https:\\\/\\\/www.p31noticias.com.br\\\/?p=51424#article\",\"isPartOf\":{\"@id\":\"https:\\\/\\\/www.p31noticias.com.br\\\/?p=51424\"},\"author\":{\"name\":\"\",\"@id\":\"\"},\"headline\":\"Profissionais da Sa\u00fade participam de a\u00e7\u00e3o pela paz no tr\u00e2nsito\",\"datePublished\":\"2024-05-22T21:30:16+00:00\",\"mainEntityOfPage\":{\"@id\":\"https:\\\/\\\/www.p31noticias.com.br\\\/?p=51424\"},\"wordCount\":97,\"commentCount\":0,\"image\":{\"@id\":\"https:\\\/\\\/www.p31noticias.com.br\\\/?p=51424#primaryimage\"},\"thumbnailUrl\":\"https:\\\/\\\/www.p31noticias.com.br\\\/wp-content\\\/uploads\\\/2024\\\/05\\\/Foto-3-Foto_Sandro-Araujo_Agencia-Saude-DF-va5rKH-150x150-hUeLqJ.jpeg\",\"articleSection\":[\"Bras\u00edlia\"],\"inLanguage\":\"pt-BR\",\"potentialAction\":[{\"@type\":\"CommentAction\",\"name\":\"Comment\",\"target\":[\"https:\\\/\\\/www.p31noticias.com.br\\\/?p=51424#respond\"]}],\"copyrightYear\":\"2024\",\"copyrightHolder\":{\"@id\":\"https:\\\/\\\/www.p31noticias.com.br\\\/#organization\"}},{\"@type\":\"WebPage\",\"@id\":\"https:\\\/\\\/www.p31noticias.com.br\\\/?p=51424\",\"url\":\"https:\\\/\\\/www.p31noticias.com.br\\\/?p=51424\",\"name\":\"Profissionais da Sa\u00fade participam de a\u00e7\u00e3o pela paz no tr\u00e2nsito - P31\",\"isPartOf\":{\"@id\":\"https:\\\/\\\/www.p31noticias.com.br\\\/#website\"},\"primaryImageOfPage\":{\"@id\":\"https:\\\/\\\/www.p31noticias.com.br\\\/?p=51424#primaryimage\"},\"image\":{\"@id\":\"https:\\\/\\\/www.p31noticias.com.br\\\/?p=51424#primaryimage\"},\"thumbnailUrl\":\"https:\\\/\\\/www.p31noticias.com.br\\\/wp-content\\\/uploads\\\/2024\\\/05\\\/Foto-3-Foto_Sandro-Araujo_Agencia-Saude-DF-va5rKH-150x150-hUeLqJ.jpeg\",\"datePublished\":\"2024-05-22T21:30:16+00:00\",\"author\":{\"@id\":\"\"},\"breadcrumb\":{\"@id\":\"https:\\\/\\\/www.p31noticias.com.br\\\/?p=51424#breadcrumb\"},\"inLanguage\":\"pt-BR\",\"potentialAction\":[{\"@type\":\"ReadAction\",\"target\":[\"https:\\\/\\\/www.p31noticias.com.br\\\/?p=51424\"]}]},{\"@type\":\"ImageObject\",\"inLanguage\":\"pt-BR\",\"@id\":\"https:\\\/\\\/www.p31noticias.com.br\\\/?p=51424#primaryimage\",\"url\":\"https:\\\/\\\/www.p31noticias.com.br\\\/wp-content\\\/uploads\\\/2024\\\/05\\\/Foto-3-Foto_Sandro-Araujo_Agencia-Saude-DF-va5rKH-150x150-hUeLqJ.jpeg\",\"contentUrl\":\"https:\\\/\\\/www.p31noticias.com.br\\\/wp-content\\\/uploads\\\/2024\\\/05\\\/Foto-3-Foto_Sandro-Araujo_Agencia-Saude-DF-va5rKH-150x150-hUeLqJ.jpeg\",\"width\":150,\"height\":150},{\"@type\":\"BreadcrumbList\",\"@id\":\"https:\\\/\\\/www.p31noticias.com.br\\\/?p=51424#breadcrumb\",\"itemListElement\":[{\"@type\":\"ListItem\",\"position\":1,\"name\":\"In\u00edcio\",\"item\":\"https:\\\/\\\/www.p31noticias.com.br\\\/\"},{\"@type\":\"ListItem\",\"position\":2,\"name\":\"Profissionais da Sa\u00fade participam de a\u00e7\u00e3o pela paz no tr\u00e2nsito\"}]},{\"@type\":\"WebSite\",\"@id\":\"https:\\\/\\\/www.p31noticias.com.br\\\/#website\",\"url\":\"https:\\\/\\\/www.p31noticias.com.br\\\/\",\"name\":\"P31\",\"description\":\"NOT\u00cdCIAS\",\"potentialAction\":[{\"@type\":\"SearchAction\",\"target\":{\"@type\":\"EntryPoint\",\"urlTemplate\":\"https:\\\/\\\/www.p31noticias.com.br\\\/?s={search_term_string}\"},\"query-input\":{\"@type\":\"PropertyValueSpecification\",\"valueRequired\":true,\"valueName\":\"search_term_string\"}}],\"inLanguage\":\"pt-BR\"}]}<\/script>\n<!-- \/ Yoast SEO Premium plugin. -->","yoast_head_json":{"title":"Profissionais da Sa\u00fade participam de a\u00e7\u00e3o pela paz no tr\u00e2nsito - P31","robots":{"index":"index","follow":"follow","max-snippet":"max-snippet:-1","max-image-preview":"max-image-preview:large","max-video-preview":"max-video-preview:-1"},"canonical":"https:\/\/www.p31noticias.com.br\/?p=51424","og_locale":"pt_BR","og_type":"article","og_title":"Profissionais da Sa\u00fade participam de a\u00e7\u00e3o pela paz no tr\u00e2nsito","og_description":"Servidores da Secretaria de Sa\u00fade do Distrito Federal (SES) participaram, nessa ter\u00e7a-feira (21), de atividades do movimento Maio Amarelo, que busca chamar a aten\u00e7\u00e3o da sociedade para o alto \u00edndice de mortes e feridos no tr\u00e2nsito. Os acidentes configuram um grave problema de sa\u00fade p\u00fablica, provocando impacto na morbidade e na mortalidade da popula\u00e7\u00e3o, bem [&hellip;]","og_url":"https:\/\/www.p31noticias.com.br\/?p=51424","og_site_name":"P31","article_published_time":"2024-05-22T21:30:16+00:00","og_image":[{"width":150,"height":150,"url":"https:\/\/www.p31noticias.com.br\/wp-content\/uploads\/2024\/05\/Foto-3-Foto_Sandro-Araujo_Agencia-Saude-DF-va5rKH-150x150-hUeLqJ.jpeg","type":"image\/jpeg"}],"twitter_card":"summary_large_image","schema":{"@context":"https:\/\/schema.org","@graph":[{"@type":"Article","@id":"https:\/\/www.p31noticias.com.br\/?p=51424#article","isPartOf":{"@id":"https:\/\/www.p31noticias.com.br\/?p=51424"},"author":{"name":"","@id":""},"headline":"Profissionais da Sa\u00fade participam de a\u00e7\u00e3o pela paz no tr\u00e2nsito","datePublished":"2024-05-22T21:30:16+00:00","mainEntityOfPage":{"@id":"https:\/\/www.p31noticias.com.br\/?p=51424"},"wordCount":97,"commentCount":0,"image":{"@id":"https:\/\/www.p31noticias.com.br\/?p=51424#primaryimage"},"thumbnailUrl":"https:\/\/www.p31noticias.com.br\/wp-content\/uploads\/2024\/05\/Foto-3-Foto_Sandro-Araujo_Agencia-Saude-DF-va5rKH-150x150-hUeLqJ.jpeg","articleSection":["Bras\u00edlia"],"inLanguage":"pt-BR","potentialAction":[{"@type":"CommentAction","name":"Comment","target":["https:\/\/www.p31noticias.com.br\/?p=51424#respond"]}],"copyrightYear":"2024","copyrightHolder":{"@id":"https:\/\/www.p31noticias.com.br\/#organization"}},{"@type":"WebPage","@id":"https:\/\/www.p31noticias.com.br\/?p=51424","url":"https:\/\/www.p31noticias.com.br\/?p=51424","name":"Profissionais da Sa\u00fade participam de a\u00e7\u00e3o pela paz no tr\u00e2nsito - P31","isPartOf":{"@id":"https:\/\/www.p31noticias.com.br\/#website"},"primaryImageOfPage":{"@id":"https:\/\/www.p31noticias.com.br\/?p=51424#primaryimage"},"image":{"@id":"https:\/\/www.p31noticias.com.br\/?p=51424#primaryimage"},"thumbnailUrl":"https:\/\/www.p31noticias.com.br\/wp-content\/uploads\/2024\/05\/Foto-3-Foto_Sandro-Araujo_Agencia-Saude-DF-va5rKH-150x150-hUeLqJ.jpeg","datePublished":"2024-05-22T21:30:16+00:00","author":{"@id":""},"breadcrumb":{"@id":"https:\/\/www.p31noticias.com.br\/?p=51424#breadcrumb"},"inLanguage":"pt-BR","potentialAction":[{"@type":"ReadAction","target":["https:\/\/www.p31noticias.com.br\/?p=51424"]}]},{"@type":"ImageObject","inLanguage":"pt-BR","@id":"https:\/\/www.p31noticias.com.br\/?p=51424#primaryimage","url":"https:\/\/www.p31noticias.com.br\/wp-content\/uploads\/2024\/05\/Foto-3-Foto_Sandro-Araujo_Agencia-Saude-DF-va5rKH-150x150-hUeLqJ.jpeg","contentUrl":"https:\/\/www.p31noticias.com.br\/wp-content\/uploads\/2024\/05\/Foto-3-Foto_Sandro-Araujo_Agencia-Saude-DF-va5rKH-150x150-hUeLqJ.jpeg","width":150,"height":150},{"@type":"BreadcrumbList","@id":"https:\/\/www.p31noticias.com.br\/?p=51424#breadcrumb","itemListElement":[{"@type":"ListItem","position":1,"name":"In\u00edcio","item":"https:\/\/www.p31noticias.com.br\/"},{"@type":"ListItem","position":2,"name":"Profissionais da Sa\u00fade participam de a\u00e7\u00e3o pela paz no tr\u00e2nsito"}]},{"@type":"WebSite","@id":"https:\/\/www.p31noticias.com.br\/#website","url":"https:\/\/www.p31noticias.com.br\/","name":"P31","description":"NOT\u00cdCIAS","potentialAction":[{"@type":"SearchAction","target":{"@type":"EntryPoint","urlTemplate":"https:\/\/www.p31noticias.com.br\/?s={search_term_string}"},"query-input":{"@type":"PropertyValueSpecification","valueRequired":true,"valueName":"search_term_string"}}],"inLanguage":"pt-BR"}]}},"amp_enabled":true,"_links":{"self":[{"href":"https:\/\/www.p31noticias.com.br\/index.php?rest_route=\/wp\/v2\/posts\/51424","targetHints":{"allow":["GET"]}}],"collection":[{"href":"https:\/\/www.p31noticias.com.br\/index.php?rest_route=\/wp\/v2\/posts"}],"about":[{"href":"https:\/\/www.p31noticias.com.br\/index.php?rest_route=\/wp\/v2\/types\/post"}],"replies":[{"embeddable":true,"href":"https:\/\/www.p31noticias.com.br\/index.php?rest_route=%2Fwp%2Fv2%2Fcomments&post=51424"}],"version-history":[{"count":0,"href":"https:\/\/www.p31noticias.com.br\/index.php?rest_route=\/wp\/v2\/posts\/51424\/revisions"}],"wp:featuredmedia":[{"embeddable":true,"href":"https:\/\/www.p31noticias.com.br\/index.php?rest_route=\/wp\/v2\/media\/51425"}],"wp:attachment":[{"href":"https:\/\/www.p31noticias.com.br\/index.php?rest_route=%2Fwp%2Fv2%2Fmedia&parent=51424"}],"wp:term":[{"taxonomy":"category","embeddable":true,"href":"https:\/\/www.p31noticias.com.br\/index.php?rest_route=%2Fwp%2Fv2%2Fcategories&post=51424"},{"taxonomy":"post_tag","embeddable":true,"href":"https:\/\/www.p31noticias.com.br\/index.php?rest_route=%2Fwp%2Fv2%2Ftags&post=51424"}],"curies":[{"name":"wp","href":"https:\/\/api.w.org\/{rel}","templated":true}]}}