{"id":51409,"date":"2024-05-22T17:30:10","date_gmt":"2024-05-22T20:30:10","guid":{"rendered":"https:\/\/p31noticias.com.br\/simposio-de-analises-clinicas-aproxima-estudantes-do-mercado-de-trabalho\/"},"modified":"2024-05-22T17:30:10","modified_gmt":"2024-05-22T20:30:10","slug":"simposio-de-analises-clinicas-aproxima-estudantes-do-mercado-de-trabalho","status":"publish","type":"post","link":"https:\/\/www.p31noticias.com.br\/?p=51409","title":{"rendered":"Simp\u00f3sio de An\u00e1lises Cl\u00ednicas aproxima estudantes do mercado de trabalho"},"content":{"rendered":"<p>Para preparar os futuros profissionais do curso de T\u00e9cnico em An\u00e1lises Cl\u00ednicas (TAC), a Escola T\u00e9cnica de Sa\u00fade de Bras\u00edlia (Etesb), vinculada \u00e0 Secretaria de Sa\u00fade do Distrito Federal (SES), realiza, nesta quarta-feira (22), o I Simp\u00f3sio de An\u00e1lises Cl\u00ednicas. O intuito \u00e9 apresentar para os estudantes do primeiro ciclo de 2024 as in\u00fameras possibilidades [\u2026]<\/p>\n<p>O post <a href=\"https:\/\/www.delioandrade.com.br\/simposio-de-analises-clinicas-aproxima-estudantes-do-mercado-de-trabalho\/\">Simp\u00f3sio de An\u00e1lises Cl\u00ednicas aproxima estudantes do mercado de trabalho<\/a> apareceu primeiro em <a href=\"https:\/\/www.delioandrade.com.br\/\">Blog do D\u00c9LIO ANDRADE<\/a>.<\/p>\n","protected":false},"excerpt":{"rendered":"<p>Para preparar os futuros profissionais do curso de T\u00e9cnico em An\u00e1lises Cl\u00ednicas (TAC), a Escola T\u00e9cnica de Sa\u00fade de Bras\u00edlia (Etesb), vinculada \u00e0 Secretaria de Sa\u00fade do Distrito Federal (SES), realiza, nesta quarta-feira (22), o I Simp\u00f3sio de An\u00e1lises Cl\u00ednicas. O intuito \u00e9 apresentar para os estudantes do primeiro ciclo de 2024 as in\u00fameras possibilidades [&hellip;]<\/p>\n","protected":false},"author":0,"featured_media":51410,"comment_status":"open","ping_status":"open","sticky":false,"template":"","format":"standard","meta":{"footnotes":""},"categories":[21],"tags":[],"class_list":{"0":"post-51409","1":"post","2":"type-post","3":"status-publish","4":"format-standard","5":"has-post-thumbnail","7":"category-brasilia"},"yoast_head":"<!-- This site is optimized with the Yoast SEO Premium plugin v24.5 (Yoast SEO v27.5) - https:\/\/yoast.com\/product\/yoast-seo-premium-wordpress\/ -->\n<title>Simp\u00f3sio de An\u00e1lises Cl\u00ednicas aproxima estudantes do mercado de trabalho - P31<\/title>\n<meta name=\"robots\" content=\"index, follow, max-snippet:-1, max-image-preview:large, max-video-preview:-1\" \/>\n<link rel=\"canonical\" href=\"https:\/\/www.p31noticias.com.br\/?p=51409\" \/>\n<meta property=\"og:locale\" content=\"pt_BR\" \/>\n<meta property=\"og:type\" content=\"article\" \/>\n<meta property=\"og:title\" content=\"Simp\u00f3sio de An\u00e1lises Cl\u00ednicas aproxima estudantes do mercado de trabalho\" \/>\n<meta property=\"og:description\" content=\"Para preparar os futuros profissionais do curso de T\u00e9cnico em An\u00e1lises Cl\u00ednicas (TAC), a Escola T\u00e9cnica de Sa\u00fade de Bras\u00edlia (Etesb), vinculada \u00e0 Secretaria de Sa\u00fade do Distrito Federal (SES), realiza, nesta quarta-feira (22), o I Simp\u00f3sio de An\u00e1lises Cl\u00ednicas. O intuito \u00e9 apresentar para os estudantes do primeiro ciclo de 2024 as in\u00fameras possibilidades [&hellip;]\" \/>\n<meta property=\"og:url\" content=\"https:\/\/www.p31noticias.com.br\/?p=51409\" \/>\n<meta property=\"og:site_name\" content=\"P31\" \/>\n<meta property=\"article:published_time\" content=\"2024-05-22T20:30:10+00:00\" \/>\n<meta property=\"og:image\" content=\"https:\/\/www.p31noticias.com.br\/wp-content\/uploads\/2024\/05\/Capa-24-fyFpc6-150x150-rTGuq6.jpeg\" \/>\n\t<meta property=\"og:image:width\" content=\"150\" \/>\n\t<meta property=\"og:image:height\" content=\"150\" \/>\n\t<meta property=\"og:image:type\" content=\"image\/jpeg\" \/>\n<meta name=\"twitter:card\" content=\"summary_large_image\" \/>\n<script type=\"application\/ld+json\" class=\"yoast-schema-graph\">{\"@context\":\"https:\\\/\\\/schema.org\",\"@graph\":[{\"@type\":\"Article\",\"@id\":\"https:\\\/\\\/www.p31noticias.com.br\\\/?p=51409#article\",\"isPartOf\":{\"@id\":\"https:\\\/\\\/www.p31noticias.com.br\\\/?p=51409\"},\"author\":{\"name\":\"\",\"@id\":\"\"},\"headline\":\"Simp\u00f3sio de An\u00e1lises Cl\u00ednicas aproxima estudantes do mercado de trabalho\",\"datePublished\":\"2024-05-22T20:30:10+00:00\",\"mainEntityOfPage\":{\"@id\":\"https:\\\/\\\/www.p31noticias.com.br\\\/?p=51409\"},\"wordCount\":98,\"commentCount\":0,\"image\":{\"@id\":\"https:\\\/\\\/www.p31noticias.com.br\\\/?p=51409#primaryimage\"},\"thumbnailUrl\":\"https:\\\/\\\/www.p31noticias.com.br\\\/wp-content\\\/uploads\\\/2024\\\/05\\\/Capa-24-fyFpc6-150x150-rTGuq6.jpeg\",\"articleSection\":[\"Bras\u00edlia\"],\"inLanguage\":\"pt-BR\",\"potentialAction\":[{\"@type\":\"CommentAction\",\"name\":\"Comment\",\"target\":[\"https:\\\/\\\/www.p31noticias.com.br\\\/?p=51409#respond\"]}],\"copyrightYear\":\"2024\",\"copyrightHolder\":{\"@id\":\"https:\\\/\\\/www.p31noticias.com.br\\\/#organization\"}},{\"@type\":\"WebPage\",\"@id\":\"https:\\\/\\\/www.p31noticias.com.br\\\/?p=51409\",\"url\":\"https:\\\/\\\/www.p31noticias.com.br\\\/?p=51409\",\"name\":\"Simp\u00f3sio de An\u00e1lises Cl\u00ednicas aproxima estudantes do mercado de trabalho - P31\",\"isPartOf\":{\"@id\":\"https:\\\/\\\/www.p31noticias.com.br\\\/#website\"},\"primaryImageOfPage\":{\"@id\":\"https:\\\/\\\/www.p31noticias.com.br\\\/?p=51409#primaryimage\"},\"image\":{\"@id\":\"https:\\\/\\\/www.p31noticias.com.br\\\/?p=51409#primaryimage\"},\"thumbnailUrl\":\"https:\\\/\\\/www.p31noticias.com.br\\\/wp-content\\\/uploads\\\/2024\\\/05\\\/Capa-24-fyFpc6-150x150-rTGuq6.jpeg\",\"datePublished\":\"2024-05-22T20:30:10+00:00\",\"author\":{\"@id\":\"\"},\"breadcrumb\":{\"@id\":\"https:\\\/\\\/www.p31noticias.com.br\\\/?p=51409#breadcrumb\"},\"inLanguage\":\"pt-BR\",\"potentialAction\":[{\"@type\":\"ReadAction\",\"target\":[\"https:\\\/\\\/www.p31noticias.com.br\\\/?p=51409\"]}]},{\"@type\":\"ImageObject\",\"inLanguage\":\"pt-BR\",\"@id\":\"https:\\\/\\\/www.p31noticias.com.br\\\/?p=51409#primaryimage\",\"url\":\"https:\\\/\\\/www.p31noticias.com.br\\\/wp-content\\\/uploads\\\/2024\\\/05\\\/Capa-24-fyFpc6-150x150-rTGuq6.jpeg\",\"contentUrl\":\"https:\\\/\\\/www.p31noticias.com.br\\\/wp-content\\\/uploads\\\/2024\\\/05\\\/Capa-24-fyFpc6-150x150-rTGuq6.jpeg\",\"width\":150,\"height\":150},{\"@type\":\"BreadcrumbList\",\"@id\":\"https:\\\/\\\/www.p31noticias.com.br\\\/?p=51409#breadcrumb\",\"itemListElement\":[{\"@type\":\"ListItem\",\"position\":1,\"name\":\"In\u00edcio\",\"item\":\"https:\\\/\\\/www.p31noticias.com.br\\\/\"},{\"@type\":\"ListItem\",\"position\":2,\"name\":\"Simp\u00f3sio de An\u00e1lises Cl\u00ednicas aproxima estudantes do mercado de trabalho\"}]},{\"@type\":\"WebSite\",\"@id\":\"https:\\\/\\\/www.p31noticias.com.br\\\/#website\",\"url\":\"https:\\\/\\\/www.p31noticias.com.br\\\/\",\"name\":\"P31\",\"description\":\"NOT\u00cdCIAS\",\"potentialAction\":[{\"@type\":\"SearchAction\",\"target\":{\"@type\":\"EntryPoint\",\"urlTemplate\":\"https:\\\/\\\/www.p31noticias.com.br\\\/?s={search_term_string}\"},\"query-input\":{\"@type\":\"PropertyValueSpecification\",\"valueRequired\":true,\"valueName\":\"search_term_string\"}}],\"inLanguage\":\"pt-BR\"}]}<\/script>\n<!-- \/ Yoast SEO Premium plugin. -->","yoast_head_json":{"title":"Simp\u00f3sio de An\u00e1lises Cl\u00ednicas aproxima estudantes do mercado de trabalho - P31","robots":{"index":"index","follow":"follow","max-snippet":"max-snippet:-1","max-image-preview":"max-image-preview:large","max-video-preview":"max-video-preview:-1"},"canonical":"https:\/\/www.p31noticias.com.br\/?p=51409","og_locale":"pt_BR","og_type":"article","og_title":"Simp\u00f3sio de An\u00e1lises Cl\u00ednicas aproxima estudantes do mercado de trabalho","og_description":"Para preparar os futuros profissionais do curso de T\u00e9cnico em An\u00e1lises Cl\u00ednicas (TAC), a Escola T\u00e9cnica de Sa\u00fade de Bras\u00edlia (Etesb), vinculada \u00e0 Secretaria de Sa\u00fade do Distrito Federal (SES), realiza, nesta quarta-feira (22), o I Simp\u00f3sio de An\u00e1lises Cl\u00ednicas. O intuito \u00e9 apresentar para os estudantes do primeiro ciclo de 2024 as in\u00fameras possibilidades [&hellip;]","og_url":"https:\/\/www.p31noticias.com.br\/?p=51409","og_site_name":"P31","article_published_time":"2024-05-22T20:30:10+00:00","og_image":[{"width":150,"height":150,"url":"https:\/\/www.p31noticias.com.br\/wp-content\/uploads\/2024\/05\/Capa-24-fyFpc6-150x150-rTGuq6.jpeg","type":"image\/jpeg"}],"twitter_card":"summary_large_image","schema":{"@context":"https:\/\/schema.org","@graph":[{"@type":"Article","@id":"https:\/\/www.p31noticias.com.br\/?p=51409#article","isPartOf":{"@id":"https:\/\/www.p31noticias.com.br\/?p=51409"},"author":{"name":"","@id":""},"headline":"Simp\u00f3sio de An\u00e1lises Cl\u00ednicas aproxima estudantes do mercado de trabalho","datePublished":"2024-05-22T20:30:10+00:00","mainEntityOfPage":{"@id":"https:\/\/www.p31noticias.com.br\/?p=51409"},"wordCount":98,"commentCount":0,"image":{"@id":"https:\/\/www.p31noticias.com.br\/?p=51409#primaryimage"},"thumbnailUrl":"https:\/\/www.p31noticias.com.br\/wp-content\/uploads\/2024\/05\/Capa-24-fyFpc6-150x150-rTGuq6.jpeg","articleSection":["Bras\u00edlia"],"inLanguage":"pt-BR","potentialAction":[{"@type":"CommentAction","name":"Comment","target":["https:\/\/www.p31noticias.com.br\/?p=51409#respond"]}],"copyrightYear":"2024","copyrightHolder":{"@id":"https:\/\/www.p31noticias.com.br\/#organization"}},{"@type":"WebPage","@id":"https:\/\/www.p31noticias.com.br\/?p=51409","url":"https:\/\/www.p31noticias.com.br\/?p=51409","name":"Simp\u00f3sio de An\u00e1lises Cl\u00ednicas aproxima estudantes do mercado de trabalho - P31","isPartOf":{"@id":"https:\/\/www.p31noticias.com.br\/#website"},"primaryImageOfPage":{"@id":"https:\/\/www.p31noticias.com.br\/?p=51409#primaryimage"},"image":{"@id":"https:\/\/www.p31noticias.com.br\/?p=51409#primaryimage"},"thumbnailUrl":"https:\/\/www.p31noticias.com.br\/wp-content\/uploads\/2024\/05\/Capa-24-fyFpc6-150x150-rTGuq6.jpeg","datePublished":"2024-05-22T20:30:10+00:00","author":{"@id":""},"breadcrumb":{"@id":"https:\/\/www.p31noticias.com.br\/?p=51409#breadcrumb"},"inLanguage":"pt-BR","potentialAction":[{"@type":"ReadAction","target":["https:\/\/www.p31noticias.com.br\/?p=51409"]}]},{"@type":"ImageObject","inLanguage":"pt-BR","@id":"https:\/\/www.p31noticias.com.br\/?p=51409#primaryimage","url":"https:\/\/www.p31noticias.com.br\/wp-content\/uploads\/2024\/05\/Capa-24-fyFpc6-150x150-rTGuq6.jpeg","contentUrl":"https:\/\/www.p31noticias.com.br\/wp-content\/uploads\/2024\/05\/Capa-24-fyFpc6-150x150-rTGuq6.jpeg","width":150,"height":150},{"@type":"BreadcrumbList","@id":"https:\/\/www.p31noticias.com.br\/?p=51409#breadcrumb","itemListElement":[{"@type":"ListItem","position":1,"name":"In\u00edcio","item":"https:\/\/www.p31noticias.com.br\/"},{"@type":"ListItem","position":2,"name":"Simp\u00f3sio de An\u00e1lises Cl\u00ednicas aproxima estudantes do mercado de trabalho"}]},{"@type":"WebSite","@id":"https:\/\/www.p31noticias.com.br\/#website","url":"https:\/\/www.p31noticias.com.br\/","name":"P31","description":"NOT\u00cdCIAS","potentialAction":[{"@type":"SearchAction","target":{"@type":"EntryPoint","urlTemplate":"https:\/\/www.p31noticias.com.br\/?s={search_term_string}"},"query-input":{"@type":"PropertyValueSpecification","valueRequired":true,"valueName":"search_term_string"}}],"inLanguage":"pt-BR"}]}},"amp_enabled":true,"_links":{"self":[{"href":"https:\/\/www.p31noticias.com.br\/index.php?rest_route=\/wp\/v2\/posts\/51409","targetHints":{"allow":["GET"]}}],"collection":[{"href":"https:\/\/www.p31noticias.com.br\/index.php?rest_route=\/wp\/v2\/posts"}],"about":[{"href":"https:\/\/www.p31noticias.com.br\/index.php?rest_route=\/wp\/v2\/types\/post"}],"replies":[{"embeddable":true,"href":"https:\/\/www.p31noticias.com.br\/index.php?rest_route=%2Fwp%2Fv2%2Fcomments&post=51409"}],"version-history":[{"count":0,"href":"https:\/\/www.p31noticias.com.br\/index.php?rest_route=\/wp\/v2\/posts\/51409\/revisions"}],"wp:featuredmedia":[{"embeddable":true,"href":"https:\/\/www.p31noticias.com.br\/index.php?rest_route=\/wp\/v2\/media\/51410"}],"wp:attachment":[{"href":"https:\/\/www.p31noticias.com.br\/index.php?rest_route=%2Fwp%2Fv2%2Fmedia&parent=51409"}],"wp:term":[{"taxonomy":"category","embeddable":true,"href":"https:\/\/www.p31noticias.com.br\/index.php?rest_route=%2Fwp%2Fv2%2Fcategories&post=51409"},{"taxonomy":"post_tag","embeddable":true,"href":"https:\/\/www.p31noticias.com.br\/index.php?rest_route=%2Fwp%2Fv2%2Ftags&post=51409"}],"curies":[{"name":"wp","href":"https:\/\/api.w.org\/{rel}","templated":true}]}}