{"id":51405,"date":"2024-05-22T16:30:35","date_gmt":"2024-05-22T19:30:35","guid":{"rendered":"https:\/\/p31noticias.com.br\/quem-e-o-pm-que-chorou-e-explicou-mensagem-que-ligava-moraes-a-faccao\/"},"modified":"2024-05-22T16:30:35","modified_gmt":"2024-05-22T19:30:35","slug":"quem-e-o-pm-que-chorou-e-explicou-mensagem-que-ligava-moraes-a-faccao","status":"publish","type":"post","link":"https:\/\/www.p31noticias.com.br\/?p=51405","title":{"rendered":"Quem \u00e9 o PM que chorou e explicou mensagem que ligava Moraes a fac\u00e7\u00e3o"},"content":{"rendered":"<p>Klepter Rosa Gon\u00e7alves, ex-comandante da Pol\u00edcia Militar do Distrito Federal (PMDF), prestou explica\u00e7\u00f5es \u00e0 Justi\u00e7a durante um depoimento de mais de tr\u00eas horas, na audi\u00eancia de instru\u00e7\u00e3o dos r\u00e9us pelos atos antidemocr\u00e1ticos de 8 de janeiro de 2023. A sess\u00e3o ocorreu nessa segunda-feira (20\/5), no Supremo Tribunal Federal\u00a0(STF). Preso em agosto de 2023, acusado de [\u2026]<\/p>\n<p>O post <a href=\"https:\/\/www.delioandrade.com.br\/quem-e-o-pm-que-chorou-e-explicou-mensagem-que-ligava-moraes-a-faccao\/\">Quem \u00e9 o PM que chorou e explicou mensagem que ligava Moraes a fac\u00e7\u00e3o<\/a> apareceu primeiro em <a href=\"https:\/\/www.delioandrade.com.br\/\">Blog do D\u00c9LIO ANDRADE<\/a>.<\/p>\n","protected":false},"excerpt":{"rendered":"<p>Klepter Rosa Gon\u00e7alves, ex-comandante da Pol\u00edcia Militar do Distrito Federal (PMDF), prestou explica\u00e7\u00f5es \u00e0 Justi\u00e7a durante um depoimento de mais de tr\u00eas horas, na audi\u00eancia de instru\u00e7\u00e3o dos r\u00e9us pelos atos antidemocr\u00e1ticos de 8 de janeiro de 2023. A sess\u00e3o ocorreu nessa segunda-feira (20\/5), no Supremo Tribunal Federal\u00a0(STF). Preso em agosto de 2023, acusado de [&hellip;]<\/p>\n","protected":false},"author":0,"featured_media":0,"comment_status":"open","ping_status":"open","sticky":false,"template":"","format":"standard","meta":{"footnotes":""},"categories":[21],"tags":[],"class_list":{"0":"post-51405","1":"post","2":"type-post","3":"status-publish","4":"format-standard","6":"category-brasilia"},"yoast_head":"<!-- This site is optimized with the Yoast SEO Premium plugin v24.5 (Yoast SEO v27.5) - https:\/\/yoast.com\/product\/yoast-seo-premium-wordpress\/ -->\n<title>Quem \u00e9 o PM que chorou e explicou mensagem que ligava Moraes a fac\u00e7\u00e3o - P31<\/title>\n<meta name=\"robots\" content=\"index, follow, max-snippet:-1, max-image-preview:large, max-video-preview:-1\" \/>\n<link rel=\"canonical\" href=\"https:\/\/www.p31noticias.com.br\/?p=51405\" \/>\n<meta property=\"og:locale\" content=\"pt_BR\" \/>\n<meta property=\"og:type\" content=\"article\" \/>\n<meta property=\"og:title\" content=\"Quem \u00e9 o PM que chorou e explicou mensagem que ligava Moraes a fac\u00e7\u00e3o\" \/>\n<meta property=\"og:description\" content=\"Klepter Rosa Gon\u00e7alves, ex-comandante da Pol\u00edcia Militar do Distrito Federal (PMDF), prestou explica\u00e7\u00f5es \u00e0 Justi\u00e7a durante um depoimento de mais de tr\u00eas horas, na audi\u00eancia de instru\u00e7\u00e3o dos r\u00e9us pelos atos antidemocr\u00e1ticos de 8 de janeiro de 2023. A sess\u00e3o ocorreu nessa segunda-feira (20\/5), no Supremo Tribunal Federal\u00a0(STF). Preso em agosto de 2023, acusado de [&hellip;]\" \/>\n<meta property=\"og:url\" content=\"https:\/\/www.p31noticias.com.br\/?p=51405\" \/>\n<meta property=\"og:site_name\" content=\"P31\" \/>\n<meta property=\"article:published_time\" content=\"2024-05-22T19:30:35+00:00\" \/>\n<meta name=\"twitter:card\" content=\"summary_large_image\" \/>\n<script type=\"application\/ld+json\" class=\"yoast-schema-graph\">{\"@context\":\"https:\\\/\\\/schema.org\",\"@graph\":[{\"@type\":\"Article\",\"@id\":\"https:\\\/\\\/www.p31noticias.com.br\\\/?p=51405#article\",\"isPartOf\":{\"@id\":\"https:\\\/\\\/www.p31noticias.com.br\\\/?p=51405\"},\"author\":{\"name\":\"\",\"@id\":\"\"},\"headline\":\"Quem \u00e9 o PM que chorou e explicou mensagem que ligava Moraes a fac\u00e7\u00e3o\",\"datePublished\":\"2024-05-22T19:30:35+00:00\",\"mainEntityOfPage\":{\"@id\":\"https:\\\/\\\/www.p31noticias.com.br\\\/?p=51405\"},\"wordCount\":99,\"commentCount\":0,\"articleSection\":[\"Bras\u00edlia\"],\"inLanguage\":\"pt-BR\",\"potentialAction\":[{\"@type\":\"CommentAction\",\"name\":\"Comment\",\"target\":[\"https:\\\/\\\/www.p31noticias.com.br\\\/?p=51405#respond\"]}],\"copyrightYear\":\"2024\",\"copyrightHolder\":{\"@id\":\"https:\\\/\\\/www.p31noticias.com.br\\\/#organization\"}},{\"@type\":\"WebPage\",\"@id\":\"https:\\\/\\\/www.p31noticias.com.br\\\/?p=51405\",\"url\":\"https:\\\/\\\/www.p31noticias.com.br\\\/?p=51405\",\"name\":\"Quem \u00e9 o PM que chorou e explicou mensagem que ligava Moraes a fac\u00e7\u00e3o - P31\",\"isPartOf\":{\"@id\":\"https:\\\/\\\/www.p31noticias.com.br\\\/#website\"},\"datePublished\":\"2024-05-22T19:30:35+00:00\",\"author\":{\"@id\":\"\"},\"breadcrumb\":{\"@id\":\"https:\\\/\\\/www.p31noticias.com.br\\\/?p=51405#breadcrumb\"},\"inLanguage\":\"pt-BR\",\"potentialAction\":[{\"@type\":\"ReadAction\",\"target\":[\"https:\\\/\\\/www.p31noticias.com.br\\\/?p=51405\"]}]},{\"@type\":\"BreadcrumbList\",\"@id\":\"https:\\\/\\\/www.p31noticias.com.br\\\/?p=51405#breadcrumb\",\"itemListElement\":[{\"@type\":\"ListItem\",\"position\":1,\"name\":\"In\u00edcio\",\"item\":\"https:\\\/\\\/www.p31noticias.com.br\\\/\"},{\"@type\":\"ListItem\",\"position\":2,\"name\":\"Quem \u00e9 o PM que chorou e explicou mensagem que ligava Moraes a fac\u00e7\u00e3o\"}]},{\"@type\":\"WebSite\",\"@id\":\"https:\\\/\\\/www.p31noticias.com.br\\\/#website\",\"url\":\"https:\\\/\\\/www.p31noticias.com.br\\\/\",\"name\":\"P31\",\"description\":\"NOT\u00cdCIAS\",\"potentialAction\":[{\"@type\":\"SearchAction\",\"target\":{\"@type\":\"EntryPoint\",\"urlTemplate\":\"https:\\\/\\\/www.p31noticias.com.br\\\/?s={search_term_string}\"},\"query-input\":{\"@type\":\"PropertyValueSpecification\",\"valueRequired\":true,\"valueName\":\"search_term_string\"}}],\"inLanguage\":\"pt-BR\"}]}<\/script>\n<!-- \/ Yoast SEO Premium plugin. -->","yoast_head_json":{"title":"Quem \u00e9 o PM que chorou e explicou mensagem que ligava Moraes a fac\u00e7\u00e3o - P31","robots":{"index":"index","follow":"follow","max-snippet":"max-snippet:-1","max-image-preview":"max-image-preview:large","max-video-preview":"max-video-preview:-1"},"canonical":"https:\/\/www.p31noticias.com.br\/?p=51405","og_locale":"pt_BR","og_type":"article","og_title":"Quem \u00e9 o PM que chorou e explicou mensagem que ligava Moraes a fac\u00e7\u00e3o","og_description":"Klepter Rosa Gon\u00e7alves, ex-comandante da Pol\u00edcia Militar do Distrito Federal (PMDF), prestou explica\u00e7\u00f5es \u00e0 Justi\u00e7a durante um depoimento de mais de tr\u00eas horas, na audi\u00eancia de instru\u00e7\u00e3o dos r\u00e9us pelos atos antidemocr\u00e1ticos de 8 de janeiro de 2023. A sess\u00e3o ocorreu nessa segunda-feira (20\/5), no Supremo Tribunal Federal\u00a0(STF). Preso em agosto de 2023, acusado de [&hellip;]","og_url":"https:\/\/www.p31noticias.com.br\/?p=51405","og_site_name":"P31","article_published_time":"2024-05-22T19:30:35+00:00","twitter_card":"summary_large_image","schema":{"@context":"https:\/\/schema.org","@graph":[{"@type":"Article","@id":"https:\/\/www.p31noticias.com.br\/?p=51405#article","isPartOf":{"@id":"https:\/\/www.p31noticias.com.br\/?p=51405"},"author":{"name":"","@id":""},"headline":"Quem \u00e9 o PM que chorou e explicou mensagem que ligava Moraes a fac\u00e7\u00e3o","datePublished":"2024-05-22T19:30:35+00:00","mainEntityOfPage":{"@id":"https:\/\/www.p31noticias.com.br\/?p=51405"},"wordCount":99,"commentCount":0,"articleSection":["Bras\u00edlia"],"inLanguage":"pt-BR","potentialAction":[{"@type":"CommentAction","name":"Comment","target":["https:\/\/www.p31noticias.com.br\/?p=51405#respond"]}],"copyrightYear":"2024","copyrightHolder":{"@id":"https:\/\/www.p31noticias.com.br\/#organization"}},{"@type":"WebPage","@id":"https:\/\/www.p31noticias.com.br\/?p=51405","url":"https:\/\/www.p31noticias.com.br\/?p=51405","name":"Quem \u00e9 o PM que chorou e explicou mensagem que ligava Moraes a fac\u00e7\u00e3o - P31","isPartOf":{"@id":"https:\/\/www.p31noticias.com.br\/#website"},"datePublished":"2024-05-22T19:30:35+00:00","author":{"@id":""},"breadcrumb":{"@id":"https:\/\/www.p31noticias.com.br\/?p=51405#breadcrumb"},"inLanguage":"pt-BR","potentialAction":[{"@type":"ReadAction","target":["https:\/\/www.p31noticias.com.br\/?p=51405"]}]},{"@type":"BreadcrumbList","@id":"https:\/\/www.p31noticias.com.br\/?p=51405#breadcrumb","itemListElement":[{"@type":"ListItem","position":1,"name":"In\u00edcio","item":"https:\/\/www.p31noticias.com.br\/"},{"@type":"ListItem","position":2,"name":"Quem \u00e9 o PM que chorou e explicou mensagem que ligava Moraes a fac\u00e7\u00e3o"}]},{"@type":"WebSite","@id":"https:\/\/www.p31noticias.com.br\/#website","url":"https:\/\/www.p31noticias.com.br\/","name":"P31","description":"NOT\u00cdCIAS","potentialAction":[{"@type":"SearchAction","target":{"@type":"EntryPoint","urlTemplate":"https:\/\/www.p31noticias.com.br\/?s={search_term_string}"},"query-input":{"@type":"PropertyValueSpecification","valueRequired":true,"valueName":"search_term_string"}}],"inLanguage":"pt-BR"}]}},"amp_enabled":true,"_links":{"self":[{"href":"https:\/\/www.p31noticias.com.br\/index.php?rest_route=\/wp\/v2\/posts\/51405","targetHints":{"allow":["GET"]}}],"collection":[{"href":"https:\/\/www.p31noticias.com.br\/index.php?rest_route=\/wp\/v2\/posts"}],"about":[{"href":"https:\/\/www.p31noticias.com.br\/index.php?rest_route=\/wp\/v2\/types\/post"}],"replies":[{"embeddable":true,"href":"https:\/\/www.p31noticias.com.br\/index.php?rest_route=%2Fwp%2Fv2%2Fcomments&post=51405"}],"version-history":[{"count":0,"href":"https:\/\/www.p31noticias.com.br\/index.php?rest_route=\/wp\/v2\/posts\/51405\/revisions"}],"wp:attachment":[{"href":"https:\/\/www.p31noticias.com.br\/index.php?rest_route=%2Fwp%2Fv2%2Fmedia&parent=51405"}],"wp:term":[{"taxonomy":"category","embeddable":true,"href":"https:\/\/www.p31noticias.com.br\/index.php?rest_route=%2Fwp%2Fv2%2Fcategories&post=51405"},{"taxonomy":"post_tag","embeddable":true,"href":"https:\/\/www.p31noticias.com.br\/index.php?rest_route=%2Fwp%2Fv2%2Ftags&post=51405"}],"curies":[{"name":"wp","href":"https:\/\/api.w.org\/{rel}","templated":true}]}}