{"id":51399,"date":"2024-05-22T16:30:34","date_gmt":"2024-05-22T19:30:34","guid":{"rendered":"https:\/\/p31noticias.com.br\/leilao-de-490-veiculos-e-648-sucatas-comeca-no-dia-27\/"},"modified":"2024-05-22T16:30:34","modified_gmt":"2024-05-22T19:30:34","slug":"leilao-de-490-veiculos-e-648-sucatas-comeca-no-dia-27","status":"publish","type":"post","link":"https:\/\/www.p31noticias.com.br\/?p=51399","title":{"rendered":"Leil\u00e3o de 490 ve\u00edculos e 648 sucatas come\u00e7a no dia 27"},"content":{"rendered":"<p>O Departamento de Tr\u00e2nsito do Distrito Federal vai realizar, nos dias 27, 28 e 29 deste m\u00eas, o terceiro leil\u00e3o do ano de ve\u00edculos recolhidos ao dep\u00f3sito da autarquia em opera\u00e7\u00f5es de fiscaliza\u00e7\u00e3o de tr\u00e2nsito. Os ve\u00edculos classificados como sucata ser\u00e3o leiloados no dia 27, enquanto os autom\u00f3veis aptos a circular ser\u00e3o leiloados no dia [\u2026]<\/p>\n<p>O post <a href=\"https:\/\/www.delioandrade.com.br\/leilao-de-490-veiculos-e-648-sucatas-comeca-no-dia-27\/\">Leil\u00e3o de 490 ve\u00edculos e 648 sucatas come\u00e7a no dia 27<\/a> apareceu primeiro em <a href=\"https:\/\/www.delioandrade.com.br\/\">Blog do D\u00c9LIO ANDRADE<\/a>.<\/p>\n","protected":false},"excerpt":{"rendered":"<p>O Departamento de Tr\u00e2nsito do Distrito Federal vai realizar, nos dias 27, 28 e 29 deste m\u00eas, o terceiro leil\u00e3o do ano de ve\u00edculos recolhidos ao dep\u00f3sito da autarquia em opera\u00e7\u00f5es de fiscaliza\u00e7\u00e3o de tr\u00e2nsito. Os ve\u00edculos classificados como sucata ser\u00e3o leiloados no dia 27, enquanto os autom\u00f3veis aptos a circular ser\u00e3o leiloados no dia [&hellip;]<\/p>\n","protected":false},"author":0,"featured_media":51400,"comment_status":"open","ping_status":"open","sticky":false,"template":"","format":"standard","meta":{"footnotes":""},"categories":[21],"tags":[],"class_list":{"0":"post-51399","1":"post","2":"type-post","3":"status-publish","4":"format-standard","5":"has-post-thumbnail","7":"category-brasilia"},"yoast_head":"<!-- This site is optimized with the Yoast SEO Premium plugin v24.5 (Yoast SEO v27.5) - https:\/\/yoast.com\/product\/yoast-seo-premium-wordpress\/ -->\n<title>Leil\u00e3o de 490 ve\u00edculos e 648 sucatas come\u00e7a no dia 27 - P31<\/title>\n<meta name=\"robots\" content=\"index, follow, max-snippet:-1, max-image-preview:large, max-video-preview:-1\" \/>\n<link rel=\"canonical\" href=\"https:\/\/www.p31noticias.com.br\/?p=51399\" \/>\n<meta property=\"og:locale\" content=\"pt_BR\" \/>\n<meta property=\"og:type\" content=\"article\" \/>\n<meta property=\"og:title\" content=\"Leil\u00e3o de 490 ve\u00edculos e 648 sucatas come\u00e7a no dia 27\" \/>\n<meta property=\"og:description\" content=\"O Departamento de Tr\u00e2nsito do Distrito Federal vai realizar, nos dias 27, 28 e 29 deste m\u00eas, o terceiro leil\u00e3o do ano de ve\u00edculos recolhidos ao dep\u00f3sito da autarquia em opera\u00e7\u00f5es de fiscaliza\u00e7\u00e3o de tr\u00e2nsito. Os ve\u00edculos classificados como sucata ser\u00e3o leiloados no dia 27, enquanto os autom\u00f3veis aptos a circular ser\u00e3o leiloados no dia [&hellip;]\" \/>\n<meta property=\"og:url\" content=\"https:\/\/www.p31noticias.com.br\/?p=51399\" \/>\n<meta property=\"og:site_name\" content=\"P31\" \/>\n<meta property=\"article:published_time\" content=\"2024-05-22T19:30:34+00:00\" \/>\n<meta property=\"og:image\" content=\"https:\/\/www.p31noticias.com.br\/wp-content\/uploads\/2024\/05\/22.5.-Leilao.-Foto-Detran-DF2-6gQjcK-150x150-fieDH7.jpeg\" \/>\n\t<meta property=\"og:image:width\" content=\"150\" \/>\n\t<meta property=\"og:image:height\" content=\"150\" \/>\n\t<meta property=\"og:image:type\" content=\"image\/jpeg\" \/>\n<meta name=\"twitter:card\" content=\"summary_large_image\" \/>\n<script type=\"application\/ld+json\" class=\"yoast-schema-graph\">{\"@context\":\"https:\\\/\\\/schema.org\",\"@graph\":[{\"@type\":\"Article\",\"@id\":\"https:\\\/\\\/www.p31noticias.com.br\\\/?p=51399#article\",\"isPartOf\":{\"@id\":\"https:\\\/\\\/www.p31noticias.com.br\\\/?p=51399\"},\"author\":{\"name\":\"\",\"@id\":\"\"},\"headline\":\"Leil\u00e3o de 490 ve\u00edculos e 648 sucatas come\u00e7a no dia 27\",\"datePublished\":\"2024-05-22T19:30:34+00:00\",\"mainEntityOfPage\":{\"@id\":\"https:\\\/\\\/www.p31noticias.com.br\\\/?p=51399\"},\"wordCount\":95,\"commentCount\":0,\"image\":{\"@id\":\"https:\\\/\\\/www.p31noticias.com.br\\\/?p=51399#primaryimage\"},\"thumbnailUrl\":\"https:\\\/\\\/www.p31noticias.com.br\\\/wp-content\\\/uploads\\\/2024\\\/05\\\/22.5.-Leilao.-Foto-Detran-DF2-6gQjcK-150x150-fieDH7.jpeg\",\"articleSection\":[\"Bras\u00edlia\"],\"inLanguage\":\"pt-BR\",\"potentialAction\":[{\"@type\":\"CommentAction\",\"name\":\"Comment\",\"target\":[\"https:\\\/\\\/www.p31noticias.com.br\\\/?p=51399#respond\"]}],\"copyrightYear\":\"2024\",\"copyrightHolder\":{\"@id\":\"https:\\\/\\\/www.p31noticias.com.br\\\/#organization\"}},{\"@type\":\"WebPage\",\"@id\":\"https:\\\/\\\/www.p31noticias.com.br\\\/?p=51399\",\"url\":\"https:\\\/\\\/www.p31noticias.com.br\\\/?p=51399\",\"name\":\"Leil\u00e3o de 490 ve\u00edculos e 648 sucatas come\u00e7a no dia 27 - P31\",\"isPartOf\":{\"@id\":\"https:\\\/\\\/www.p31noticias.com.br\\\/#website\"},\"primaryImageOfPage\":{\"@id\":\"https:\\\/\\\/www.p31noticias.com.br\\\/?p=51399#primaryimage\"},\"image\":{\"@id\":\"https:\\\/\\\/www.p31noticias.com.br\\\/?p=51399#primaryimage\"},\"thumbnailUrl\":\"https:\\\/\\\/www.p31noticias.com.br\\\/wp-content\\\/uploads\\\/2024\\\/05\\\/22.5.-Leilao.-Foto-Detran-DF2-6gQjcK-150x150-fieDH7.jpeg\",\"datePublished\":\"2024-05-22T19:30:34+00:00\",\"author\":{\"@id\":\"\"},\"breadcrumb\":{\"@id\":\"https:\\\/\\\/www.p31noticias.com.br\\\/?p=51399#breadcrumb\"},\"inLanguage\":\"pt-BR\",\"potentialAction\":[{\"@type\":\"ReadAction\",\"target\":[\"https:\\\/\\\/www.p31noticias.com.br\\\/?p=51399\"]}]},{\"@type\":\"ImageObject\",\"inLanguage\":\"pt-BR\",\"@id\":\"https:\\\/\\\/www.p31noticias.com.br\\\/?p=51399#primaryimage\",\"url\":\"https:\\\/\\\/www.p31noticias.com.br\\\/wp-content\\\/uploads\\\/2024\\\/05\\\/22.5.-Leilao.-Foto-Detran-DF2-6gQjcK-150x150-fieDH7.jpeg\",\"contentUrl\":\"https:\\\/\\\/www.p31noticias.com.br\\\/wp-content\\\/uploads\\\/2024\\\/05\\\/22.5.-Leilao.-Foto-Detran-DF2-6gQjcK-150x150-fieDH7.jpeg\",\"width\":150,\"height\":150},{\"@type\":\"BreadcrumbList\",\"@id\":\"https:\\\/\\\/www.p31noticias.com.br\\\/?p=51399#breadcrumb\",\"itemListElement\":[{\"@type\":\"ListItem\",\"position\":1,\"name\":\"In\u00edcio\",\"item\":\"https:\\\/\\\/www.p31noticias.com.br\\\/\"},{\"@type\":\"ListItem\",\"position\":2,\"name\":\"Leil\u00e3o de 490 ve\u00edculos e 648 sucatas come\u00e7a no dia 27\"}]},{\"@type\":\"WebSite\",\"@id\":\"https:\\\/\\\/www.p31noticias.com.br\\\/#website\",\"url\":\"https:\\\/\\\/www.p31noticias.com.br\\\/\",\"name\":\"P31\",\"description\":\"NOT\u00cdCIAS\",\"potentialAction\":[{\"@type\":\"SearchAction\",\"target\":{\"@type\":\"EntryPoint\",\"urlTemplate\":\"https:\\\/\\\/www.p31noticias.com.br\\\/?s={search_term_string}\"},\"query-input\":{\"@type\":\"PropertyValueSpecification\",\"valueRequired\":true,\"valueName\":\"search_term_string\"}}],\"inLanguage\":\"pt-BR\"}]}<\/script>\n<!-- \/ Yoast SEO Premium plugin. -->","yoast_head_json":{"title":"Leil\u00e3o de 490 ve\u00edculos e 648 sucatas come\u00e7a no dia 27 - P31","robots":{"index":"index","follow":"follow","max-snippet":"max-snippet:-1","max-image-preview":"max-image-preview:large","max-video-preview":"max-video-preview:-1"},"canonical":"https:\/\/www.p31noticias.com.br\/?p=51399","og_locale":"pt_BR","og_type":"article","og_title":"Leil\u00e3o de 490 ve\u00edculos e 648 sucatas come\u00e7a no dia 27","og_description":"O Departamento de Tr\u00e2nsito do Distrito Federal vai realizar, nos dias 27, 28 e 29 deste m\u00eas, o terceiro leil\u00e3o do ano de ve\u00edculos recolhidos ao dep\u00f3sito da autarquia em opera\u00e7\u00f5es de fiscaliza\u00e7\u00e3o de tr\u00e2nsito. Os ve\u00edculos classificados como sucata ser\u00e3o leiloados no dia 27, enquanto os autom\u00f3veis aptos a circular ser\u00e3o leiloados no dia [&hellip;]","og_url":"https:\/\/www.p31noticias.com.br\/?p=51399","og_site_name":"P31","article_published_time":"2024-05-22T19:30:34+00:00","og_image":[{"width":150,"height":150,"url":"https:\/\/www.p31noticias.com.br\/wp-content\/uploads\/2024\/05\/22.5.-Leilao.-Foto-Detran-DF2-6gQjcK-150x150-fieDH7.jpeg","type":"image\/jpeg"}],"twitter_card":"summary_large_image","schema":{"@context":"https:\/\/schema.org","@graph":[{"@type":"Article","@id":"https:\/\/www.p31noticias.com.br\/?p=51399#article","isPartOf":{"@id":"https:\/\/www.p31noticias.com.br\/?p=51399"},"author":{"name":"","@id":""},"headline":"Leil\u00e3o de 490 ve\u00edculos e 648 sucatas come\u00e7a no dia 27","datePublished":"2024-05-22T19:30:34+00:00","mainEntityOfPage":{"@id":"https:\/\/www.p31noticias.com.br\/?p=51399"},"wordCount":95,"commentCount":0,"image":{"@id":"https:\/\/www.p31noticias.com.br\/?p=51399#primaryimage"},"thumbnailUrl":"https:\/\/www.p31noticias.com.br\/wp-content\/uploads\/2024\/05\/22.5.-Leilao.-Foto-Detran-DF2-6gQjcK-150x150-fieDH7.jpeg","articleSection":["Bras\u00edlia"],"inLanguage":"pt-BR","potentialAction":[{"@type":"CommentAction","name":"Comment","target":["https:\/\/www.p31noticias.com.br\/?p=51399#respond"]}],"copyrightYear":"2024","copyrightHolder":{"@id":"https:\/\/www.p31noticias.com.br\/#organization"}},{"@type":"WebPage","@id":"https:\/\/www.p31noticias.com.br\/?p=51399","url":"https:\/\/www.p31noticias.com.br\/?p=51399","name":"Leil\u00e3o de 490 ve\u00edculos e 648 sucatas come\u00e7a no dia 27 - P31","isPartOf":{"@id":"https:\/\/www.p31noticias.com.br\/#website"},"primaryImageOfPage":{"@id":"https:\/\/www.p31noticias.com.br\/?p=51399#primaryimage"},"image":{"@id":"https:\/\/www.p31noticias.com.br\/?p=51399#primaryimage"},"thumbnailUrl":"https:\/\/www.p31noticias.com.br\/wp-content\/uploads\/2024\/05\/22.5.-Leilao.-Foto-Detran-DF2-6gQjcK-150x150-fieDH7.jpeg","datePublished":"2024-05-22T19:30:34+00:00","author":{"@id":""},"breadcrumb":{"@id":"https:\/\/www.p31noticias.com.br\/?p=51399#breadcrumb"},"inLanguage":"pt-BR","potentialAction":[{"@type":"ReadAction","target":["https:\/\/www.p31noticias.com.br\/?p=51399"]}]},{"@type":"ImageObject","inLanguage":"pt-BR","@id":"https:\/\/www.p31noticias.com.br\/?p=51399#primaryimage","url":"https:\/\/www.p31noticias.com.br\/wp-content\/uploads\/2024\/05\/22.5.-Leilao.-Foto-Detran-DF2-6gQjcK-150x150-fieDH7.jpeg","contentUrl":"https:\/\/www.p31noticias.com.br\/wp-content\/uploads\/2024\/05\/22.5.-Leilao.-Foto-Detran-DF2-6gQjcK-150x150-fieDH7.jpeg","width":150,"height":150},{"@type":"BreadcrumbList","@id":"https:\/\/www.p31noticias.com.br\/?p=51399#breadcrumb","itemListElement":[{"@type":"ListItem","position":1,"name":"In\u00edcio","item":"https:\/\/www.p31noticias.com.br\/"},{"@type":"ListItem","position":2,"name":"Leil\u00e3o de 490 ve\u00edculos e 648 sucatas come\u00e7a no dia 27"}]},{"@type":"WebSite","@id":"https:\/\/www.p31noticias.com.br\/#website","url":"https:\/\/www.p31noticias.com.br\/","name":"P31","description":"NOT\u00cdCIAS","potentialAction":[{"@type":"SearchAction","target":{"@type":"EntryPoint","urlTemplate":"https:\/\/www.p31noticias.com.br\/?s={search_term_string}"},"query-input":{"@type":"PropertyValueSpecification","valueRequired":true,"valueName":"search_term_string"}}],"inLanguage":"pt-BR"}]}},"amp_enabled":true,"_links":{"self":[{"href":"https:\/\/www.p31noticias.com.br\/index.php?rest_route=\/wp\/v2\/posts\/51399","targetHints":{"allow":["GET"]}}],"collection":[{"href":"https:\/\/www.p31noticias.com.br\/index.php?rest_route=\/wp\/v2\/posts"}],"about":[{"href":"https:\/\/www.p31noticias.com.br\/index.php?rest_route=\/wp\/v2\/types\/post"}],"replies":[{"embeddable":true,"href":"https:\/\/www.p31noticias.com.br\/index.php?rest_route=%2Fwp%2Fv2%2Fcomments&post=51399"}],"version-history":[{"count":0,"href":"https:\/\/www.p31noticias.com.br\/index.php?rest_route=\/wp\/v2\/posts\/51399\/revisions"}],"wp:featuredmedia":[{"embeddable":true,"href":"https:\/\/www.p31noticias.com.br\/index.php?rest_route=\/wp\/v2\/media\/51400"}],"wp:attachment":[{"href":"https:\/\/www.p31noticias.com.br\/index.php?rest_route=%2Fwp%2Fv2%2Fmedia&parent=51399"}],"wp:term":[{"taxonomy":"category","embeddable":true,"href":"https:\/\/www.p31noticias.com.br\/index.php?rest_route=%2Fwp%2Fv2%2Fcategories&post=51399"},{"taxonomy":"post_tag","embeddable":true,"href":"https:\/\/www.p31noticias.com.br\/index.php?rest_route=%2Fwp%2Fv2%2Ftags&post=51399"}],"curies":[{"name":"wp","href":"https:\/\/api.w.org\/{rel}","templated":true}]}}