{"id":51263,"date":"2024-05-21T19:30:18","date_gmt":"2024-05-21T22:30:18","guid":{"rendered":"https:\/\/p31noticias.com.br\/minc-realiza-atendimento-especializado-aos-gestores-municipais-em-sua-sede-e-tambem-no-local-do-evento\/"},"modified":"2024-05-21T19:30:18","modified_gmt":"2024-05-21T22:30:18","slug":"minc-realiza-atendimento-especializado-aos-gestores-municipais-em-sua-sede-e-tambem-no-local-do-evento","status":"publish","type":"post","link":"https:\/\/www.p31noticias.com.br\/?p=51263","title":{"rendered":"MinC realiza atendimento especializado aos gestores municipais em sua sede e tamb\u00e9m no local do evento"},"content":{"rendered":"<p>\u00a0 Entre os dias 20 e 23 de maio, representantes dos governos municipais de cidades de todo o pa\u00eds estar\u00e3o reunidos em Bras\u00edlia para mais uma edi\u00e7\u00e3o da Marcha dos Prefeitos. A abertura oficial do evento ser\u00e1 realizada na manh\u00e3 desta ter\u00e7a-feira (21), com a presen\u00e7a confirmada do presidente Luiz In\u00e1cio Lula da Silva, e [\u2026]<\/p>\n<p>O post <a href=\"https:\/\/www.delioandrade.com.br\/minc-realiza-atendimento-especializado-aos-gestores-municipais-em-sua-sede-e-tambem-no-local-do-evento\/\">MinC realiza atendimento especializado aos gestores municipais em sua sede e tamb\u00e9m no local do evento<\/a> apareceu primeiro em <a href=\"https:\/\/www.delioandrade.com.br\/\">Blog do D\u00c9LIO ANDRADE<\/a>.<\/p>\n","protected":false},"excerpt":{"rendered":"<p>\u00a0 Entre os dias 20 e 23 de maio, representantes dos governos municipais de cidades de todo o pa\u00eds estar\u00e3o reunidos em Bras\u00edlia para mais uma edi\u00e7\u00e3o da Marcha dos Prefeitos. A abertura oficial do evento ser\u00e1 realizada na manh\u00e3 desta ter\u00e7a-feira (21), com a presen\u00e7a confirmada do presidente Luiz In\u00e1cio Lula da Silva, e [&hellip;]<\/p>\n","protected":false},"author":0,"featured_media":51264,"comment_status":"open","ping_status":"open","sticky":false,"template":"","format":"standard","meta":{"footnotes":""},"categories":[21],"tags":[],"class_list":{"0":"post-51263","1":"post","2":"type-post","3":"status-publish","4":"format-standard","5":"has-post-thumbnail","7":"category-brasilia"},"yoast_head":"<!-- This site is optimized with the Yoast SEO Premium plugin v24.5 (Yoast SEO v27.5) - https:\/\/yoast.com\/product\/yoast-seo-premium-wordpress\/ -->\n<title>MinC realiza atendimento especializado aos gestores municipais em sua sede e tamb\u00e9m no local do evento - P31<\/title>\n<meta name=\"robots\" content=\"index, follow, max-snippet:-1, max-image-preview:large, max-video-preview:-1\" \/>\n<link rel=\"canonical\" href=\"https:\/\/www.p31noticias.com.br\/?p=51263\" \/>\n<meta property=\"og:locale\" content=\"pt_BR\" \/>\n<meta property=\"og:type\" content=\"article\" \/>\n<meta property=\"og:title\" content=\"MinC realiza atendimento especializado aos gestores municipais em sua sede e tamb\u00e9m no local do evento\" \/>\n<meta property=\"og:description\" content=\"\u00a0 Entre os dias 20 e 23 de maio, representantes dos governos municipais de cidades de todo o pa\u00eds estar\u00e3o reunidos em Bras\u00edlia para mais uma edi\u00e7\u00e3o da Marcha dos Prefeitos. A abertura oficial do evento ser\u00e1 realizada na manh\u00e3 desta ter\u00e7a-feira (21), com a presen\u00e7a confirmada do presidente Luiz In\u00e1cio Lula da Silva, e [&hellip;]\" \/>\n<meta property=\"og:url\" content=\"https:\/\/www.p31noticias.com.br\/?p=51263\" \/>\n<meta property=\"og:site_name\" content=\"P31\" \/>\n<meta property=\"article:published_time\" content=\"2024-05-21T22:30:18+00:00\" \/>\n<meta property=\"og:image\" content=\"https:\/\/www.p31noticias.com.br\/wp-content\/uploads\/2024\/05\/marchadosprefeitos24-150x150-gSkIEe-oYbOwW.png\" \/>\n\t<meta property=\"og:image:width\" content=\"150\" \/>\n\t<meta property=\"og:image:height\" content=\"150\" \/>\n\t<meta property=\"og:image:type\" content=\"image\/png\" \/>\n<meta name=\"twitter:card\" content=\"summary_large_image\" \/>\n<script type=\"application\/ld+json\" class=\"yoast-schema-graph\">{\"@context\":\"https:\\\/\\\/schema.org\",\"@graph\":[{\"@type\":\"Article\",\"@id\":\"https:\\\/\\\/www.p31noticias.com.br\\\/?p=51263#article\",\"isPartOf\":{\"@id\":\"https:\\\/\\\/www.p31noticias.com.br\\\/?p=51263\"},\"author\":{\"name\":\"\",\"@id\":\"\"},\"headline\":\"MinC realiza atendimento especializado aos gestores municipais em sua sede e tamb\u00e9m no local do evento\",\"datePublished\":\"2024-05-21T22:30:18+00:00\",\"mainEntityOfPage\":{\"@id\":\"https:\\\/\\\/www.p31noticias.com.br\\\/?p=51263\"},\"wordCount\":102,\"commentCount\":0,\"image\":{\"@id\":\"https:\\\/\\\/www.p31noticias.com.br\\\/?p=51263#primaryimage\"},\"thumbnailUrl\":\"https:\\\/\\\/www.p31noticias.com.br\\\/wp-content\\\/uploads\\\/2024\\\/05\\\/marchadosprefeitos24-150x150-gSkIEe-oYbOwW.png\",\"articleSection\":[\"Bras\u00edlia\"],\"inLanguage\":\"pt-BR\",\"potentialAction\":[{\"@type\":\"CommentAction\",\"name\":\"Comment\",\"target\":[\"https:\\\/\\\/www.p31noticias.com.br\\\/?p=51263#respond\"]}],\"copyrightYear\":\"2024\",\"copyrightHolder\":{\"@id\":\"https:\\\/\\\/www.p31noticias.com.br\\\/#organization\"}},{\"@type\":\"WebPage\",\"@id\":\"https:\\\/\\\/www.p31noticias.com.br\\\/?p=51263\",\"url\":\"https:\\\/\\\/www.p31noticias.com.br\\\/?p=51263\",\"name\":\"MinC realiza atendimento especializado aos gestores municipais em sua sede e tamb\u00e9m no local do evento - P31\",\"isPartOf\":{\"@id\":\"https:\\\/\\\/www.p31noticias.com.br\\\/#website\"},\"primaryImageOfPage\":{\"@id\":\"https:\\\/\\\/www.p31noticias.com.br\\\/?p=51263#primaryimage\"},\"image\":{\"@id\":\"https:\\\/\\\/www.p31noticias.com.br\\\/?p=51263#primaryimage\"},\"thumbnailUrl\":\"https:\\\/\\\/www.p31noticias.com.br\\\/wp-content\\\/uploads\\\/2024\\\/05\\\/marchadosprefeitos24-150x150-gSkIEe-oYbOwW.png\",\"datePublished\":\"2024-05-21T22:30:18+00:00\",\"author\":{\"@id\":\"\"},\"breadcrumb\":{\"@id\":\"https:\\\/\\\/www.p31noticias.com.br\\\/?p=51263#breadcrumb\"},\"inLanguage\":\"pt-BR\",\"potentialAction\":[{\"@type\":\"ReadAction\",\"target\":[\"https:\\\/\\\/www.p31noticias.com.br\\\/?p=51263\"]}]},{\"@type\":\"ImageObject\",\"inLanguage\":\"pt-BR\",\"@id\":\"https:\\\/\\\/www.p31noticias.com.br\\\/?p=51263#primaryimage\",\"url\":\"https:\\\/\\\/www.p31noticias.com.br\\\/wp-content\\\/uploads\\\/2024\\\/05\\\/marchadosprefeitos24-150x150-gSkIEe-oYbOwW.png\",\"contentUrl\":\"https:\\\/\\\/www.p31noticias.com.br\\\/wp-content\\\/uploads\\\/2024\\\/05\\\/marchadosprefeitos24-150x150-gSkIEe-oYbOwW.png\",\"width\":150,\"height\":150},{\"@type\":\"BreadcrumbList\",\"@id\":\"https:\\\/\\\/www.p31noticias.com.br\\\/?p=51263#breadcrumb\",\"itemListElement\":[{\"@type\":\"ListItem\",\"position\":1,\"name\":\"In\u00edcio\",\"item\":\"https:\\\/\\\/www.p31noticias.com.br\\\/\"},{\"@type\":\"ListItem\",\"position\":2,\"name\":\"MinC realiza atendimento especializado aos gestores municipais em sua sede e tamb\u00e9m no local do evento\"}]},{\"@type\":\"WebSite\",\"@id\":\"https:\\\/\\\/www.p31noticias.com.br\\\/#website\",\"url\":\"https:\\\/\\\/www.p31noticias.com.br\\\/\",\"name\":\"P31\",\"description\":\"NOT\u00cdCIAS\",\"potentialAction\":[{\"@type\":\"SearchAction\",\"target\":{\"@type\":\"EntryPoint\",\"urlTemplate\":\"https:\\\/\\\/www.p31noticias.com.br\\\/?s={search_term_string}\"},\"query-input\":{\"@type\":\"PropertyValueSpecification\",\"valueRequired\":true,\"valueName\":\"search_term_string\"}}],\"inLanguage\":\"pt-BR\"}]}<\/script>\n<!-- \/ Yoast SEO Premium plugin. -->","yoast_head_json":{"title":"MinC realiza atendimento especializado aos gestores municipais em sua sede e tamb\u00e9m no local do evento - P31","robots":{"index":"index","follow":"follow","max-snippet":"max-snippet:-1","max-image-preview":"max-image-preview:large","max-video-preview":"max-video-preview:-1"},"canonical":"https:\/\/www.p31noticias.com.br\/?p=51263","og_locale":"pt_BR","og_type":"article","og_title":"MinC realiza atendimento especializado aos gestores municipais em sua sede e tamb\u00e9m no local do evento","og_description":"\u00a0 Entre os dias 20 e 23 de maio, representantes dos governos municipais de cidades de todo o pa\u00eds estar\u00e3o reunidos em Bras\u00edlia para mais uma edi\u00e7\u00e3o da Marcha dos Prefeitos. A abertura oficial do evento ser\u00e1 realizada na manh\u00e3 desta ter\u00e7a-feira (21), com a presen\u00e7a confirmada do presidente Luiz In\u00e1cio Lula da Silva, e [&hellip;]","og_url":"https:\/\/www.p31noticias.com.br\/?p=51263","og_site_name":"P31","article_published_time":"2024-05-21T22:30:18+00:00","og_image":[{"width":150,"height":150,"url":"https:\/\/www.p31noticias.com.br\/wp-content\/uploads\/2024\/05\/marchadosprefeitos24-150x150-gSkIEe-oYbOwW.png","type":"image\/png"}],"twitter_card":"summary_large_image","schema":{"@context":"https:\/\/schema.org","@graph":[{"@type":"Article","@id":"https:\/\/www.p31noticias.com.br\/?p=51263#article","isPartOf":{"@id":"https:\/\/www.p31noticias.com.br\/?p=51263"},"author":{"name":"","@id":""},"headline":"MinC realiza atendimento especializado aos gestores municipais em sua sede e tamb\u00e9m no local do evento","datePublished":"2024-05-21T22:30:18+00:00","mainEntityOfPage":{"@id":"https:\/\/www.p31noticias.com.br\/?p=51263"},"wordCount":102,"commentCount":0,"image":{"@id":"https:\/\/www.p31noticias.com.br\/?p=51263#primaryimage"},"thumbnailUrl":"https:\/\/www.p31noticias.com.br\/wp-content\/uploads\/2024\/05\/marchadosprefeitos24-150x150-gSkIEe-oYbOwW.png","articleSection":["Bras\u00edlia"],"inLanguage":"pt-BR","potentialAction":[{"@type":"CommentAction","name":"Comment","target":["https:\/\/www.p31noticias.com.br\/?p=51263#respond"]}],"copyrightYear":"2024","copyrightHolder":{"@id":"https:\/\/www.p31noticias.com.br\/#organization"}},{"@type":"WebPage","@id":"https:\/\/www.p31noticias.com.br\/?p=51263","url":"https:\/\/www.p31noticias.com.br\/?p=51263","name":"MinC realiza atendimento especializado aos gestores municipais em sua sede e tamb\u00e9m no local do evento - P31","isPartOf":{"@id":"https:\/\/www.p31noticias.com.br\/#website"},"primaryImageOfPage":{"@id":"https:\/\/www.p31noticias.com.br\/?p=51263#primaryimage"},"image":{"@id":"https:\/\/www.p31noticias.com.br\/?p=51263#primaryimage"},"thumbnailUrl":"https:\/\/www.p31noticias.com.br\/wp-content\/uploads\/2024\/05\/marchadosprefeitos24-150x150-gSkIEe-oYbOwW.png","datePublished":"2024-05-21T22:30:18+00:00","author":{"@id":""},"breadcrumb":{"@id":"https:\/\/www.p31noticias.com.br\/?p=51263#breadcrumb"},"inLanguage":"pt-BR","potentialAction":[{"@type":"ReadAction","target":["https:\/\/www.p31noticias.com.br\/?p=51263"]}]},{"@type":"ImageObject","inLanguage":"pt-BR","@id":"https:\/\/www.p31noticias.com.br\/?p=51263#primaryimage","url":"https:\/\/www.p31noticias.com.br\/wp-content\/uploads\/2024\/05\/marchadosprefeitos24-150x150-gSkIEe-oYbOwW.png","contentUrl":"https:\/\/www.p31noticias.com.br\/wp-content\/uploads\/2024\/05\/marchadosprefeitos24-150x150-gSkIEe-oYbOwW.png","width":150,"height":150},{"@type":"BreadcrumbList","@id":"https:\/\/www.p31noticias.com.br\/?p=51263#breadcrumb","itemListElement":[{"@type":"ListItem","position":1,"name":"In\u00edcio","item":"https:\/\/www.p31noticias.com.br\/"},{"@type":"ListItem","position":2,"name":"MinC realiza atendimento especializado aos gestores municipais em sua sede e tamb\u00e9m no local do evento"}]},{"@type":"WebSite","@id":"https:\/\/www.p31noticias.com.br\/#website","url":"https:\/\/www.p31noticias.com.br\/","name":"P31","description":"NOT\u00cdCIAS","potentialAction":[{"@type":"SearchAction","target":{"@type":"EntryPoint","urlTemplate":"https:\/\/www.p31noticias.com.br\/?s={search_term_string}"},"query-input":{"@type":"PropertyValueSpecification","valueRequired":true,"valueName":"search_term_string"}}],"inLanguage":"pt-BR"}]}},"amp_enabled":true,"_links":{"self":[{"href":"https:\/\/www.p31noticias.com.br\/index.php?rest_route=\/wp\/v2\/posts\/51263","targetHints":{"allow":["GET"]}}],"collection":[{"href":"https:\/\/www.p31noticias.com.br\/index.php?rest_route=\/wp\/v2\/posts"}],"about":[{"href":"https:\/\/www.p31noticias.com.br\/index.php?rest_route=\/wp\/v2\/types\/post"}],"replies":[{"embeddable":true,"href":"https:\/\/www.p31noticias.com.br\/index.php?rest_route=%2Fwp%2Fv2%2Fcomments&post=51263"}],"version-history":[{"count":0,"href":"https:\/\/www.p31noticias.com.br\/index.php?rest_route=\/wp\/v2\/posts\/51263\/revisions"}],"wp:featuredmedia":[{"embeddable":true,"href":"https:\/\/www.p31noticias.com.br\/index.php?rest_route=\/wp\/v2\/media\/51264"}],"wp:attachment":[{"href":"https:\/\/www.p31noticias.com.br\/index.php?rest_route=%2Fwp%2Fv2%2Fmedia&parent=51263"}],"wp:term":[{"taxonomy":"category","embeddable":true,"href":"https:\/\/www.p31noticias.com.br\/index.php?rest_route=%2Fwp%2Fv2%2Fcategories&post=51263"},{"taxonomy":"post_tag","embeddable":true,"href":"https:\/\/www.p31noticias.com.br\/index.php?rest_route=%2Fwp%2Fv2%2Ftags&post=51263"}],"curies":[{"name":"wp","href":"https:\/\/api.w.org\/{rel}","templated":true}]}}