{"id":51216,"date":"2024-05-21T14:30:21","date_gmt":"2024-05-21T17:30:21","guid":{"rendered":"https:\/\/p31noticias.com.br\/leilao-de-suinos-esta-agendado-para-o-dia-29\/"},"modified":"2024-05-21T14:30:21","modified_gmt":"2024-05-21T17:30:21","slug":"leilao-de-suinos-esta-agendado-para-o-dia-29","status":"publish","type":"post","link":"https:\/\/www.p31noticias.com.br\/?p=51216","title":{"rendered":"Leil\u00e3o de su\u00ednos est\u00e1 agendado para o dia 29"},"content":{"rendered":"<p>A Funda\u00e7\u00e3o de Amparo ao Trabalhador Preso do Distrito Federal (Funap), \u00f3rg\u00e3o vinculado \u00e0 Secretaria de Justi\u00e7a e Cidadania do DF (Sejus), promover\u00e1 um leil\u00e3o de bens semoventes na modalidade de maior lance. S\u00e3o considerados semoventes os bens m\u00f3veis com movimento pr\u00f3prio \u2013 especialmente animais selvagens ou dom\u00e9sticos pertencentes a alguma associa\u00e7\u00e3o ou pessoa. O [\u2026]<\/p>\n<p>O post <a href=\"https:\/\/www.delioandrade.com.br\/leilao-de-suinos-esta-agendado-para-o-dia-29\/\">Leil\u00e3o de su\u00ednos est\u00e1 agendado para o dia 29<\/a> apareceu primeiro em <a href=\"https:\/\/www.delioandrade.com.br\/\">Blog do D\u00c9LIO ANDRADE<\/a>.<\/p>\n","protected":false},"excerpt":{"rendered":"<p>A Funda\u00e7\u00e3o de Amparo ao Trabalhador Preso do Distrito Federal (Funap), \u00f3rg\u00e3o vinculado \u00e0 Secretaria de Justi\u00e7a e Cidadania do DF (Sejus), promover\u00e1 um leil\u00e3o de bens semoventes na modalidade de maior lance. S\u00e3o considerados semoventes os bens m\u00f3veis com movimento pr\u00f3prio \u2013 especialmente animais selvagens ou dom\u00e9sticos pertencentes a alguma associa\u00e7\u00e3o ou pessoa. O [&hellip;]<\/p>\n","protected":false},"author":0,"featured_media":51217,"comment_status":"open","ping_status":"open","sticky":false,"template":"","format":"standard","meta":{"footnotes":""},"categories":[21],"tags":[],"class_list":{"0":"post-51216","1":"post","2":"type-post","3":"status-publish","4":"format-standard","5":"has-post-thumbnail","7":"category-brasilia"},"yoast_head":"<!-- This site is optimized with the Yoast SEO Premium plugin v24.5 (Yoast SEO v27.5) - https:\/\/yoast.com\/product\/yoast-seo-premium-wordpress\/ -->\n<title>Leil\u00e3o de su\u00ednos est\u00e1 agendado para o dia 29 - P31<\/title>\n<meta name=\"robots\" content=\"index, follow, max-snippet:-1, max-image-preview:large, max-video-preview:-1\" \/>\n<link rel=\"canonical\" href=\"https:\/\/www.p31noticias.com.br\/?p=51216\" \/>\n<meta property=\"og:locale\" content=\"pt_BR\" \/>\n<meta property=\"og:type\" content=\"article\" \/>\n<meta property=\"og:title\" content=\"Leil\u00e3o de su\u00ednos est\u00e1 agendado para o dia 29\" \/>\n<meta property=\"og:description\" content=\"A Funda\u00e7\u00e3o de Amparo ao Trabalhador Preso do Distrito Federal (Funap), \u00f3rg\u00e3o vinculado \u00e0 Secretaria de Justi\u00e7a e Cidadania do DF (Sejus), promover\u00e1 um leil\u00e3o de bens semoventes na modalidade de maior lance. S\u00e3o considerados semoventes os bens m\u00f3veis com movimento pr\u00f3prio \u2013 especialmente animais selvagens ou dom\u00e9sticos pertencentes a alguma associa\u00e7\u00e3o ou pessoa. O [&hellip;]\" \/>\n<meta property=\"og:url\" content=\"https:\/\/www.p31noticias.com.br\/?p=51216\" \/>\n<meta property=\"og:site_name\" content=\"P31\" \/>\n<meta property=\"article:published_time\" content=\"2024-05-21T17:30:21+00:00\" \/>\n<meta property=\"og:image\" content=\"https:\/\/www.p31noticias.com.br\/wp-content\/uploads\/2024\/05\/21.5.-Leitoezinhos-em-leilao.-scaled-qX8rNV-150x150-Fyh4Wu.jpeg\" \/>\n\t<meta property=\"og:image:width\" content=\"150\" \/>\n\t<meta property=\"og:image:height\" content=\"150\" \/>\n\t<meta property=\"og:image:type\" content=\"image\/jpeg\" \/>\n<meta name=\"twitter:card\" content=\"summary_large_image\" \/>\n<script type=\"application\/ld+json\" class=\"yoast-schema-graph\">{\"@context\":\"https:\\\/\\\/schema.org\",\"@graph\":[{\"@type\":\"Article\",\"@id\":\"https:\\\/\\\/www.p31noticias.com.br\\\/?p=51216#article\",\"isPartOf\":{\"@id\":\"https:\\\/\\\/www.p31noticias.com.br\\\/?p=51216\"},\"author\":{\"name\":\"\",\"@id\":\"\"},\"headline\":\"Leil\u00e3o de su\u00ednos est\u00e1 agendado para o dia 29\",\"datePublished\":\"2024-05-21T17:30:21+00:00\",\"mainEntityOfPage\":{\"@id\":\"https:\\\/\\\/www.p31noticias.com.br\\\/?p=51216\"},\"wordCount\":92,\"commentCount\":0,\"image\":{\"@id\":\"https:\\\/\\\/www.p31noticias.com.br\\\/?p=51216#primaryimage\"},\"thumbnailUrl\":\"https:\\\/\\\/www.p31noticias.com.br\\\/wp-content\\\/uploads\\\/2024\\\/05\\\/21.5.-Leitoezinhos-em-leilao.-scaled-qX8rNV-150x150-Fyh4Wu.jpeg\",\"articleSection\":[\"Bras\u00edlia\"],\"inLanguage\":\"pt-BR\",\"potentialAction\":[{\"@type\":\"CommentAction\",\"name\":\"Comment\",\"target\":[\"https:\\\/\\\/www.p31noticias.com.br\\\/?p=51216#respond\"]}],\"copyrightYear\":\"2024\",\"copyrightHolder\":{\"@id\":\"https:\\\/\\\/www.p31noticias.com.br\\\/#organization\"}},{\"@type\":\"WebPage\",\"@id\":\"https:\\\/\\\/www.p31noticias.com.br\\\/?p=51216\",\"url\":\"https:\\\/\\\/www.p31noticias.com.br\\\/?p=51216\",\"name\":\"Leil\u00e3o de su\u00ednos est\u00e1 agendado para o dia 29 - P31\",\"isPartOf\":{\"@id\":\"https:\\\/\\\/www.p31noticias.com.br\\\/#website\"},\"primaryImageOfPage\":{\"@id\":\"https:\\\/\\\/www.p31noticias.com.br\\\/?p=51216#primaryimage\"},\"image\":{\"@id\":\"https:\\\/\\\/www.p31noticias.com.br\\\/?p=51216#primaryimage\"},\"thumbnailUrl\":\"https:\\\/\\\/www.p31noticias.com.br\\\/wp-content\\\/uploads\\\/2024\\\/05\\\/21.5.-Leitoezinhos-em-leilao.-scaled-qX8rNV-150x150-Fyh4Wu.jpeg\",\"datePublished\":\"2024-05-21T17:30:21+00:00\",\"author\":{\"@id\":\"\"},\"breadcrumb\":{\"@id\":\"https:\\\/\\\/www.p31noticias.com.br\\\/?p=51216#breadcrumb\"},\"inLanguage\":\"pt-BR\",\"potentialAction\":[{\"@type\":\"ReadAction\",\"target\":[\"https:\\\/\\\/www.p31noticias.com.br\\\/?p=51216\"]}]},{\"@type\":\"ImageObject\",\"inLanguage\":\"pt-BR\",\"@id\":\"https:\\\/\\\/www.p31noticias.com.br\\\/?p=51216#primaryimage\",\"url\":\"https:\\\/\\\/www.p31noticias.com.br\\\/wp-content\\\/uploads\\\/2024\\\/05\\\/21.5.-Leitoezinhos-em-leilao.-scaled-qX8rNV-150x150-Fyh4Wu.jpeg\",\"contentUrl\":\"https:\\\/\\\/www.p31noticias.com.br\\\/wp-content\\\/uploads\\\/2024\\\/05\\\/21.5.-Leitoezinhos-em-leilao.-scaled-qX8rNV-150x150-Fyh4Wu.jpeg\",\"width\":150,\"height\":150},{\"@type\":\"BreadcrumbList\",\"@id\":\"https:\\\/\\\/www.p31noticias.com.br\\\/?p=51216#breadcrumb\",\"itemListElement\":[{\"@type\":\"ListItem\",\"position\":1,\"name\":\"In\u00edcio\",\"item\":\"https:\\\/\\\/www.p31noticias.com.br\\\/\"},{\"@type\":\"ListItem\",\"position\":2,\"name\":\"Leil\u00e3o de su\u00ednos est\u00e1 agendado para o dia 29\"}]},{\"@type\":\"WebSite\",\"@id\":\"https:\\\/\\\/www.p31noticias.com.br\\\/#website\",\"url\":\"https:\\\/\\\/www.p31noticias.com.br\\\/\",\"name\":\"P31\",\"description\":\"NOT\u00cdCIAS\",\"potentialAction\":[{\"@type\":\"SearchAction\",\"target\":{\"@type\":\"EntryPoint\",\"urlTemplate\":\"https:\\\/\\\/www.p31noticias.com.br\\\/?s={search_term_string}\"},\"query-input\":{\"@type\":\"PropertyValueSpecification\",\"valueRequired\":true,\"valueName\":\"search_term_string\"}}],\"inLanguage\":\"pt-BR\"}]}<\/script>\n<!-- \/ Yoast SEO Premium plugin. -->","yoast_head_json":{"title":"Leil\u00e3o de su\u00ednos est\u00e1 agendado para o dia 29 - P31","robots":{"index":"index","follow":"follow","max-snippet":"max-snippet:-1","max-image-preview":"max-image-preview:large","max-video-preview":"max-video-preview:-1"},"canonical":"https:\/\/www.p31noticias.com.br\/?p=51216","og_locale":"pt_BR","og_type":"article","og_title":"Leil\u00e3o de su\u00ednos est\u00e1 agendado para o dia 29","og_description":"A Funda\u00e7\u00e3o de Amparo ao Trabalhador Preso do Distrito Federal (Funap), \u00f3rg\u00e3o vinculado \u00e0 Secretaria de Justi\u00e7a e Cidadania do DF (Sejus), promover\u00e1 um leil\u00e3o de bens semoventes na modalidade de maior lance. S\u00e3o considerados semoventes os bens m\u00f3veis com movimento pr\u00f3prio \u2013 especialmente animais selvagens ou dom\u00e9sticos pertencentes a alguma associa\u00e7\u00e3o ou pessoa. O [&hellip;]","og_url":"https:\/\/www.p31noticias.com.br\/?p=51216","og_site_name":"P31","article_published_time":"2024-05-21T17:30:21+00:00","og_image":[{"width":150,"height":150,"url":"https:\/\/www.p31noticias.com.br\/wp-content\/uploads\/2024\/05\/21.5.-Leitoezinhos-em-leilao.-scaled-qX8rNV-150x150-Fyh4Wu.jpeg","type":"image\/jpeg"}],"twitter_card":"summary_large_image","schema":{"@context":"https:\/\/schema.org","@graph":[{"@type":"Article","@id":"https:\/\/www.p31noticias.com.br\/?p=51216#article","isPartOf":{"@id":"https:\/\/www.p31noticias.com.br\/?p=51216"},"author":{"name":"","@id":""},"headline":"Leil\u00e3o de su\u00ednos est\u00e1 agendado para o dia 29","datePublished":"2024-05-21T17:30:21+00:00","mainEntityOfPage":{"@id":"https:\/\/www.p31noticias.com.br\/?p=51216"},"wordCount":92,"commentCount":0,"image":{"@id":"https:\/\/www.p31noticias.com.br\/?p=51216#primaryimage"},"thumbnailUrl":"https:\/\/www.p31noticias.com.br\/wp-content\/uploads\/2024\/05\/21.5.-Leitoezinhos-em-leilao.-scaled-qX8rNV-150x150-Fyh4Wu.jpeg","articleSection":["Bras\u00edlia"],"inLanguage":"pt-BR","potentialAction":[{"@type":"CommentAction","name":"Comment","target":["https:\/\/www.p31noticias.com.br\/?p=51216#respond"]}],"copyrightYear":"2024","copyrightHolder":{"@id":"https:\/\/www.p31noticias.com.br\/#organization"}},{"@type":"WebPage","@id":"https:\/\/www.p31noticias.com.br\/?p=51216","url":"https:\/\/www.p31noticias.com.br\/?p=51216","name":"Leil\u00e3o de su\u00ednos est\u00e1 agendado para o dia 29 - P31","isPartOf":{"@id":"https:\/\/www.p31noticias.com.br\/#website"},"primaryImageOfPage":{"@id":"https:\/\/www.p31noticias.com.br\/?p=51216#primaryimage"},"image":{"@id":"https:\/\/www.p31noticias.com.br\/?p=51216#primaryimage"},"thumbnailUrl":"https:\/\/www.p31noticias.com.br\/wp-content\/uploads\/2024\/05\/21.5.-Leitoezinhos-em-leilao.-scaled-qX8rNV-150x150-Fyh4Wu.jpeg","datePublished":"2024-05-21T17:30:21+00:00","author":{"@id":""},"breadcrumb":{"@id":"https:\/\/www.p31noticias.com.br\/?p=51216#breadcrumb"},"inLanguage":"pt-BR","potentialAction":[{"@type":"ReadAction","target":["https:\/\/www.p31noticias.com.br\/?p=51216"]}]},{"@type":"ImageObject","inLanguage":"pt-BR","@id":"https:\/\/www.p31noticias.com.br\/?p=51216#primaryimage","url":"https:\/\/www.p31noticias.com.br\/wp-content\/uploads\/2024\/05\/21.5.-Leitoezinhos-em-leilao.-scaled-qX8rNV-150x150-Fyh4Wu.jpeg","contentUrl":"https:\/\/www.p31noticias.com.br\/wp-content\/uploads\/2024\/05\/21.5.-Leitoezinhos-em-leilao.-scaled-qX8rNV-150x150-Fyh4Wu.jpeg","width":150,"height":150},{"@type":"BreadcrumbList","@id":"https:\/\/www.p31noticias.com.br\/?p=51216#breadcrumb","itemListElement":[{"@type":"ListItem","position":1,"name":"In\u00edcio","item":"https:\/\/www.p31noticias.com.br\/"},{"@type":"ListItem","position":2,"name":"Leil\u00e3o de su\u00ednos est\u00e1 agendado para o dia 29"}]},{"@type":"WebSite","@id":"https:\/\/www.p31noticias.com.br\/#website","url":"https:\/\/www.p31noticias.com.br\/","name":"P31","description":"NOT\u00cdCIAS","potentialAction":[{"@type":"SearchAction","target":{"@type":"EntryPoint","urlTemplate":"https:\/\/www.p31noticias.com.br\/?s={search_term_string}"},"query-input":{"@type":"PropertyValueSpecification","valueRequired":true,"valueName":"search_term_string"}}],"inLanguage":"pt-BR"}]}},"amp_enabled":true,"_links":{"self":[{"href":"https:\/\/www.p31noticias.com.br\/index.php?rest_route=\/wp\/v2\/posts\/51216","targetHints":{"allow":["GET"]}}],"collection":[{"href":"https:\/\/www.p31noticias.com.br\/index.php?rest_route=\/wp\/v2\/posts"}],"about":[{"href":"https:\/\/www.p31noticias.com.br\/index.php?rest_route=\/wp\/v2\/types\/post"}],"replies":[{"embeddable":true,"href":"https:\/\/www.p31noticias.com.br\/index.php?rest_route=%2Fwp%2Fv2%2Fcomments&post=51216"}],"version-history":[{"count":0,"href":"https:\/\/www.p31noticias.com.br\/index.php?rest_route=\/wp\/v2\/posts\/51216\/revisions"}],"wp:featuredmedia":[{"embeddable":true,"href":"https:\/\/www.p31noticias.com.br\/index.php?rest_route=\/wp\/v2\/media\/51217"}],"wp:attachment":[{"href":"https:\/\/www.p31noticias.com.br\/index.php?rest_route=%2Fwp%2Fv2%2Fmedia&parent=51216"}],"wp:term":[{"taxonomy":"category","embeddable":true,"href":"https:\/\/www.p31noticias.com.br\/index.php?rest_route=%2Fwp%2Fv2%2Fcategories&post=51216"},{"taxonomy":"post_tag","embeddable":true,"href":"https:\/\/www.p31noticias.com.br\/index.php?rest_route=%2Fwp%2Fv2%2Ftags&post=51216"}],"curies":[{"name":"wp","href":"https:\/\/api.w.org\/{rel}","templated":true}]}}