{"id":51203,"date":"2024-05-21T13:30:15","date_gmt":"2024-05-21T16:30:15","guid":{"rendered":"https:\/\/p31noticias.com.br\/em-julgamento-do-8-1-pm-compara-extremistas-e-torcida-organizada\/"},"modified":"2024-05-21T13:30:15","modified_gmt":"2024-05-21T16:30:15","slug":"em-julgamento-do-8-1-pm-compara-extremistas-e-torcida-organizada","status":"publish","type":"post","link":"https:\/\/www.p31noticias.com.br\/?p=51203","title":{"rendered":"Em julgamento do 8\/1, PM compara extremistas: \u201c\u00c9 torcida organizada\u201d"},"content":{"rendered":"<p>Um dos policiais militares que viu extremistas rompendo a linha de seguran\u00e7a antes da invas\u00e3o aos pr\u00e9dios da Pra\u00e7a dos Tr\u00eas Poderes, em 8 de janeiro de 2023, afastou a tese de que o movimento foi espont\u00e2neo. Durante depoimento em julgamento no Supremo Tribunal Federal (STF) nesta ter\u00e7a-feira (21\/5), o major Fl\u00e1vio Silvestre de Alencar [\u2026]<\/p>\n<p>O post <a href=\"https:\/\/www.delioandrade.com.br\/em-julgamento-do-8-1-pm-compara-extremistas-e-torcida-organizada\/\">Em julgamento do 8\/1, PM compara extremistas: \u201c\u00c9 torcida organizada\u201d<\/a> apareceu primeiro em <a href=\"https:\/\/www.delioandrade.com.br\/\">Blog do D\u00c9LIO ANDRADE<\/a>.<\/p>\n","protected":false},"excerpt":{"rendered":"<p>Um dos policiais militares que viu extremistas rompendo a linha de seguran\u00e7a antes da invas\u00e3o aos pr\u00e9dios da Pra\u00e7a dos Tr\u00eas Poderes, em 8 de janeiro de 2023, afastou a tese de que o movimento foi espont\u00e2neo. Durante depoimento em julgamento no Supremo Tribunal Federal (STF) nesta ter\u00e7a-feira (21\/5), o major Fl\u00e1vio Silvestre de Alencar [&hellip;]<\/p>\n","protected":false},"author":0,"featured_media":51204,"comment_status":"open","ping_status":"open","sticky":false,"template":"","format":"standard","meta":{"footnotes":""},"categories":[21],"tags":[],"class_list":{"0":"post-51203","1":"post","2":"type-post","3":"status-publish","4":"format-standard","5":"has-post-thumbnail","7":"category-brasilia"},"yoast_head":"<!-- This site is optimized with the Yoast SEO Premium plugin v24.5 (Yoast SEO v27.5) - https:\/\/yoast.com\/product\/yoast-seo-premium-wordpress\/ -->\n<title>Em julgamento do 8\/1, PM compara extremistas: \u201c\u00c9 torcida organizada\u201d - P31<\/title>\n<meta name=\"robots\" content=\"index, follow, max-snippet:-1, max-image-preview:large, max-video-preview:-1\" \/>\n<link rel=\"canonical\" href=\"https:\/\/www.p31noticias.com.br\/?p=51203\" \/>\n<meta property=\"og:locale\" content=\"pt_BR\" \/>\n<meta property=\"og:type\" content=\"article\" \/>\n<meta property=\"og:title\" content=\"Em julgamento do 8\/1, PM compara extremistas: \u201c\u00c9 torcida organizada\u201d\" \/>\n<meta property=\"og:description\" content=\"Um dos policiais militares que viu extremistas rompendo a linha de seguran\u00e7a antes da invas\u00e3o aos pr\u00e9dios da Pra\u00e7a dos Tr\u00eas Poderes, em 8 de janeiro de 2023, afastou a tese de que o movimento foi espont\u00e2neo. Durante depoimento em julgamento no Supremo Tribunal Federal (STF) nesta ter\u00e7a-feira (21\/5), o major Fl\u00e1vio Silvestre de Alencar [&hellip;]\" \/>\n<meta property=\"og:url\" content=\"https:\/\/www.p31noticias.com.br\/?p=51203\" \/>\n<meta property=\"og:site_name\" content=\"P31\" \/>\n<meta property=\"article:published_time\" content=\"2024-05-21T16:30:15+00:00\" \/>\n<meta property=\"og:image\" content=\"https:\/\/www.p31noticias.com.br\/wp-content\/uploads\/2024\/05\/manifestantes-bolsonaristas-terrorismo-invadem-e-destroem-as-instalacoes-do-Congresso-nacional-8-w43gjO-150x150-opnRaO.jpeg\" \/>\n\t<meta property=\"og:image:width\" content=\"150\" \/>\n\t<meta property=\"og:image:height\" content=\"150\" \/>\n\t<meta property=\"og:image:type\" content=\"image\/jpeg\" \/>\n<meta name=\"twitter:card\" content=\"summary_large_image\" \/>\n<script type=\"application\/ld+json\" class=\"yoast-schema-graph\">{\"@context\":\"https:\\\/\\\/schema.org\",\"@graph\":[{\"@type\":\"Article\",\"@id\":\"https:\\\/\\\/www.p31noticias.com.br\\\/?p=51203#article\",\"isPartOf\":{\"@id\":\"https:\\\/\\\/www.p31noticias.com.br\\\/?p=51203\"},\"author\":{\"name\":\"\",\"@id\":\"\"},\"headline\":\"Em julgamento do 8\\\/1, PM compara extremistas: \u201c\u00c9 torcida organizada\u201d\",\"datePublished\":\"2024-05-21T16:30:15+00:00\",\"mainEntityOfPage\":{\"@id\":\"https:\\\/\\\/www.p31noticias.com.br\\\/?p=51203\"},\"wordCount\":86,\"commentCount\":0,\"image\":{\"@id\":\"https:\\\/\\\/www.p31noticias.com.br\\\/?p=51203#primaryimage\"},\"thumbnailUrl\":\"https:\\\/\\\/www.p31noticias.com.br\\\/wp-content\\\/uploads\\\/2024\\\/05\\\/manifestantes-bolsonaristas-terrorismo-invadem-e-destroem-as-instalacoes-do-Congresso-nacional-8-w43gjO-150x150-opnRaO.jpeg\",\"articleSection\":[\"Bras\u00edlia\"],\"inLanguage\":\"pt-BR\",\"potentialAction\":[{\"@type\":\"CommentAction\",\"name\":\"Comment\",\"target\":[\"https:\\\/\\\/www.p31noticias.com.br\\\/?p=51203#respond\"]}],\"copyrightYear\":\"2024\",\"copyrightHolder\":{\"@id\":\"https:\\\/\\\/www.p31noticias.com.br\\\/#organization\"}},{\"@type\":\"WebPage\",\"@id\":\"https:\\\/\\\/www.p31noticias.com.br\\\/?p=51203\",\"url\":\"https:\\\/\\\/www.p31noticias.com.br\\\/?p=51203\",\"name\":\"Em julgamento do 8\\\/1, PM compara extremistas: \u201c\u00c9 torcida organizada\u201d - P31\",\"isPartOf\":{\"@id\":\"https:\\\/\\\/www.p31noticias.com.br\\\/#website\"},\"primaryImageOfPage\":{\"@id\":\"https:\\\/\\\/www.p31noticias.com.br\\\/?p=51203#primaryimage\"},\"image\":{\"@id\":\"https:\\\/\\\/www.p31noticias.com.br\\\/?p=51203#primaryimage\"},\"thumbnailUrl\":\"https:\\\/\\\/www.p31noticias.com.br\\\/wp-content\\\/uploads\\\/2024\\\/05\\\/manifestantes-bolsonaristas-terrorismo-invadem-e-destroem-as-instalacoes-do-Congresso-nacional-8-w43gjO-150x150-opnRaO.jpeg\",\"datePublished\":\"2024-05-21T16:30:15+00:00\",\"author\":{\"@id\":\"\"},\"breadcrumb\":{\"@id\":\"https:\\\/\\\/www.p31noticias.com.br\\\/?p=51203#breadcrumb\"},\"inLanguage\":\"pt-BR\",\"potentialAction\":[{\"@type\":\"ReadAction\",\"target\":[\"https:\\\/\\\/www.p31noticias.com.br\\\/?p=51203\"]}]},{\"@type\":\"ImageObject\",\"inLanguage\":\"pt-BR\",\"@id\":\"https:\\\/\\\/www.p31noticias.com.br\\\/?p=51203#primaryimage\",\"url\":\"https:\\\/\\\/www.p31noticias.com.br\\\/wp-content\\\/uploads\\\/2024\\\/05\\\/manifestantes-bolsonaristas-terrorismo-invadem-e-destroem-as-instalacoes-do-Congresso-nacional-8-w43gjO-150x150-opnRaO.jpeg\",\"contentUrl\":\"https:\\\/\\\/www.p31noticias.com.br\\\/wp-content\\\/uploads\\\/2024\\\/05\\\/manifestantes-bolsonaristas-terrorismo-invadem-e-destroem-as-instalacoes-do-Congresso-nacional-8-w43gjO-150x150-opnRaO.jpeg\",\"width\":150,\"height\":150},{\"@type\":\"BreadcrumbList\",\"@id\":\"https:\\\/\\\/www.p31noticias.com.br\\\/?p=51203#breadcrumb\",\"itemListElement\":[{\"@type\":\"ListItem\",\"position\":1,\"name\":\"In\u00edcio\",\"item\":\"https:\\\/\\\/www.p31noticias.com.br\\\/\"},{\"@type\":\"ListItem\",\"position\":2,\"name\":\"Em julgamento do 8\\\/1, PM compara extremistas: \u201c\u00c9 torcida organizada\u201d\"}]},{\"@type\":\"WebSite\",\"@id\":\"https:\\\/\\\/www.p31noticias.com.br\\\/#website\",\"url\":\"https:\\\/\\\/www.p31noticias.com.br\\\/\",\"name\":\"P31\",\"description\":\"NOT\u00cdCIAS\",\"potentialAction\":[{\"@type\":\"SearchAction\",\"target\":{\"@type\":\"EntryPoint\",\"urlTemplate\":\"https:\\\/\\\/www.p31noticias.com.br\\\/?s={search_term_string}\"},\"query-input\":{\"@type\":\"PropertyValueSpecification\",\"valueRequired\":true,\"valueName\":\"search_term_string\"}}],\"inLanguage\":\"pt-BR\"}]}<\/script>\n<!-- \/ Yoast SEO Premium plugin. -->","yoast_head_json":{"title":"Em julgamento do 8\/1, PM compara extremistas: \u201c\u00c9 torcida organizada\u201d - P31","robots":{"index":"index","follow":"follow","max-snippet":"max-snippet:-1","max-image-preview":"max-image-preview:large","max-video-preview":"max-video-preview:-1"},"canonical":"https:\/\/www.p31noticias.com.br\/?p=51203","og_locale":"pt_BR","og_type":"article","og_title":"Em julgamento do 8\/1, PM compara extremistas: \u201c\u00c9 torcida organizada\u201d","og_description":"Um dos policiais militares que viu extremistas rompendo a linha de seguran\u00e7a antes da invas\u00e3o aos pr\u00e9dios da Pra\u00e7a dos Tr\u00eas Poderes, em 8 de janeiro de 2023, afastou a tese de que o movimento foi espont\u00e2neo. Durante depoimento em julgamento no Supremo Tribunal Federal (STF) nesta ter\u00e7a-feira (21\/5), o major Fl\u00e1vio Silvestre de Alencar [&hellip;]","og_url":"https:\/\/www.p31noticias.com.br\/?p=51203","og_site_name":"P31","article_published_time":"2024-05-21T16:30:15+00:00","og_image":[{"width":150,"height":150,"url":"https:\/\/www.p31noticias.com.br\/wp-content\/uploads\/2024\/05\/manifestantes-bolsonaristas-terrorismo-invadem-e-destroem-as-instalacoes-do-Congresso-nacional-8-w43gjO-150x150-opnRaO.jpeg","type":"image\/jpeg"}],"twitter_card":"summary_large_image","schema":{"@context":"https:\/\/schema.org","@graph":[{"@type":"Article","@id":"https:\/\/www.p31noticias.com.br\/?p=51203#article","isPartOf":{"@id":"https:\/\/www.p31noticias.com.br\/?p=51203"},"author":{"name":"","@id":""},"headline":"Em julgamento do 8\/1, PM compara extremistas: \u201c\u00c9 torcida organizada\u201d","datePublished":"2024-05-21T16:30:15+00:00","mainEntityOfPage":{"@id":"https:\/\/www.p31noticias.com.br\/?p=51203"},"wordCount":86,"commentCount":0,"image":{"@id":"https:\/\/www.p31noticias.com.br\/?p=51203#primaryimage"},"thumbnailUrl":"https:\/\/www.p31noticias.com.br\/wp-content\/uploads\/2024\/05\/manifestantes-bolsonaristas-terrorismo-invadem-e-destroem-as-instalacoes-do-Congresso-nacional-8-w43gjO-150x150-opnRaO.jpeg","articleSection":["Bras\u00edlia"],"inLanguage":"pt-BR","potentialAction":[{"@type":"CommentAction","name":"Comment","target":["https:\/\/www.p31noticias.com.br\/?p=51203#respond"]}],"copyrightYear":"2024","copyrightHolder":{"@id":"https:\/\/www.p31noticias.com.br\/#organization"}},{"@type":"WebPage","@id":"https:\/\/www.p31noticias.com.br\/?p=51203","url":"https:\/\/www.p31noticias.com.br\/?p=51203","name":"Em julgamento do 8\/1, PM compara extremistas: \u201c\u00c9 torcida organizada\u201d - P31","isPartOf":{"@id":"https:\/\/www.p31noticias.com.br\/#website"},"primaryImageOfPage":{"@id":"https:\/\/www.p31noticias.com.br\/?p=51203#primaryimage"},"image":{"@id":"https:\/\/www.p31noticias.com.br\/?p=51203#primaryimage"},"thumbnailUrl":"https:\/\/www.p31noticias.com.br\/wp-content\/uploads\/2024\/05\/manifestantes-bolsonaristas-terrorismo-invadem-e-destroem-as-instalacoes-do-Congresso-nacional-8-w43gjO-150x150-opnRaO.jpeg","datePublished":"2024-05-21T16:30:15+00:00","author":{"@id":""},"breadcrumb":{"@id":"https:\/\/www.p31noticias.com.br\/?p=51203#breadcrumb"},"inLanguage":"pt-BR","potentialAction":[{"@type":"ReadAction","target":["https:\/\/www.p31noticias.com.br\/?p=51203"]}]},{"@type":"ImageObject","inLanguage":"pt-BR","@id":"https:\/\/www.p31noticias.com.br\/?p=51203#primaryimage","url":"https:\/\/www.p31noticias.com.br\/wp-content\/uploads\/2024\/05\/manifestantes-bolsonaristas-terrorismo-invadem-e-destroem-as-instalacoes-do-Congresso-nacional-8-w43gjO-150x150-opnRaO.jpeg","contentUrl":"https:\/\/www.p31noticias.com.br\/wp-content\/uploads\/2024\/05\/manifestantes-bolsonaristas-terrorismo-invadem-e-destroem-as-instalacoes-do-Congresso-nacional-8-w43gjO-150x150-opnRaO.jpeg","width":150,"height":150},{"@type":"BreadcrumbList","@id":"https:\/\/www.p31noticias.com.br\/?p=51203#breadcrumb","itemListElement":[{"@type":"ListItem","position":1,"name":"In\u00edcio","item":"https:\/\/www.p31noticias.com.br\/"},{"@type":"ListItem","position":2,"name":"Em julgamento do 8\/1, PM compara extremistas: \u201c\u00c9 torcida organizada\u201d"}]},{"@type":"WebSite","@id":"https:\/\/www.p31noticias.com.br\/#website","url":"https:\/\/www.p31noticias.com.br\/","name":"P31","description":"NOT\u00cdCIAS","potentialAction":[{"@type":"SearchAction","target":{"@type":"EntryPoint","urlTemplate":"https:\/\/www.p31noticias.com.br\/?s={search_term_string}"},"query-input":{"@type":"PropertyValueSpecification","valueRequired":true,"valueName":"search_term_string"}}],"inLanguage":"pt-BR"}]}},"amp_enabled":true,"_links":{"self":[{"href":"https:\/\/www.p31noticias.com.br\/index.php?rest_route=\/wp\/v2\/posts\/51203","targetHints":{"allow":["GET"]}}],"collection":[{"href":"https:\/\/www.p31noticias.com.br\/index.php?rest_route=\/wp\/v2\/posts"}],"about":[{"href":"https:\/\/www.p31noticias.com.br\/index.php?rest_route=\/wp\/v2\/types\/post"}],"replies":[{"embeddable":true,"href":"https:\/\/www.p31noticias.com.br\/index.php?rest_route=%2Fwp%2Fv2%2Fcomments&post=51203"}],"version-history":[{"count":0,"href":"https:\/\/www.p31noticias.com.br\/index.php?rest_route=\/wp\/v2\/posts\/51203\/revisions"}],"wp:featuredmedia":[{"embeddable":true,"href":"https:\/\/www.p31noticias.com.br\/index.php?rest_route=\/wp\/v2\/media\/51204"}],"wp:attachment":[{"href":"https:\/\/www.p31noticias.com.br\/index.php?rest_route=%2Fwp%2Fv2%2Fmedia&parent=51203"}],"wp:term":[{"taxonomy":"category","embeddable":true,"href":"https:\/\/www.p31noticias.com.br\/index.php?rest_route=%2Fwp%2Fv2%2Fcategories&post=51203"},{"taxonomy":"post_tag","embeddable":true,"href":"https:\/\/www.p31noticias.com.br\/index.php?rest_route=%2Fwp%2Fv2%2Ftags&post=51203"}],"curies":[{"name":"wp","href":"https:\/\/api.w.org\/{rel}","templated":true}]}}