{"id":51195,"date":"2024-05-21T11:31:18","date_gmt":"2024-05-21T14:31:18","guid":{"rendered":"https:\/\/p31noticias.com.br\/corrida-infantil-no-dia-26-de-maio\/"},"modified":"2024-05-21T11:31:18","modified_gmt":"2024-05-21T14:31:18","slug":"corrida-infantil-no-dia-26-de-maio","status":"publish","type":"post","link":"https:\/\/www.p31noticias.com.br\/?p=51195","title":{"rendered":"Corrida infantil  no dia 26 de maio"},"content":{"rendered":"<p>A quarta edi\u00e7\u00e3o da Corrida Kids acontece neste fim de semana. Al\u00e9m disso, os Guaraenses poder\u00e3o se divertir na rua do lazer e comemorar os 55 anos da Cidade. Ao todo s\u00e3o esperados cerca de 2 mil fam\u00edlias, com 950 crian\u00e7as e adolescentes inscritos para participar da corrida gratuita. A primeira largada ser\u00e1 \u00e0s 9h [\u2026]<\/p>\n<p>O post <a href=\"https:\/\/www.delioandrade.com.br\/corrida-infantil-no-dia-26-de-maio\/\">Corrida infantil  no dia 26 de maio<\/a> apareceu primeiro em <a href=\"https:\/\/www.delioandrade.com.br\/\">Blog do D\u00c9LIO ANDRADE<\/a>.<\/p>\n","protected":false},"excerpt":{"rendered":"<p>A quarta edi\u00e7\u00e3o da Corrida Kids acontece neste fim de semana. Al\u00e9m disso, os Guaraenses poder\u00e3o se divertir na rua do lazer e comemorar os 55 anos da Cidade. Ao todo s\u00e3o esperados cerca de 2 mil fam\u00edlias, com 950 crian\u00e7as e adolescentes inscritos para participar da corrida gratuita. A primeira largada ser\u00e1 \u00e0s 9h [&hellip;]<\/p>\n","protected":false},"author":0,"featured_media":0,"comment_status":"open","ping_status":"open","sticky":false,"template":"","format":"standard","meta":{"footnotes":""},"categories":[21],"tags":[],"class_list":{"0":"post-51195","1":"post","2":"type-post","3":"status-publish","4":"format-standard","6":"category-brasilia"},"yoast_head":"<!-- This site is optimized with the Yoast SEO Premium plugin v24.5 (Yoast SEO v27.5) - https:\/\/yoast.com\/product\/yoast-seo-premium-wordpress\/ -->\n<title>Corrida infantil no dia 26 de maio - P31<\/title>\n<meta name=\"robots\" content=\"index, follow, max-snippet:-1, max-image-preview:large, max-video-preview:-1\" \/>\n<link rel=\"canonical\" href=\"https:\/\/www.p31noticias.com.br\/?p=51195\" \/>\n<meta property=\"og:locale\" content=\"pt_BR\" \/>\n<meta property=\"og:type\" content=\"article\" \/>\n<meta property=\"og:title\" content=\"Corrida infantil no dia 26 de maio\" \/>\n<meta property=\"og:description\" content=\"A quarta edi\u00e7\u00e3o da Corrida Kids acontece neste fim de semana. Al\u00e9m disso, os Guaraenses poder\u00e3o se divertir na rua do lazer e comemorar os 55 anos da Cidade. Ao todo s\u00e3o esperados cerca de 2 mil fam\u00edlias, com 950 crian\u00e7as e adolescentes inscritos para participar da corrida gratuita. A primeira largada ser\u00e1 \u00e0s 9h [&hellip;]\" \/>\n<meta property=\"og:url\" content=\"https:\/\/www.p31noticias.com.br\/?p=51195\" \/>\n<meta property=\"og:site_name\" content=\"P31\" \/>\n<meta property=\"article:published_time\" content=\"2024-05-21T14:31:18+00:00\" \/>\n<meta name=\"twitter:card\" content=\"summary_large_image\" \/>\n<script type=\"application\/ld+json\" class=\"yoast-schema-graph\">{\"@context\":\"https:\\\/\\\/schema.org\",\"@graph\":[{\"@type\":\"Article\",\"@id\":\"https:\\\/\\\/www.p31noticias.com.br\\\/?p=51195#article\",\"isPartOf\":{\"@id\":\"https:\\\/\\\/www.p31noticias.com.br\\\/?p=51195\"},\"author\":{\"name\":\"\",\"@id\":\"\"},\"headline\":\"Corrida infantil no dia 26 de maio\",\"datePublished\":\"2024-05-21T14:31:18+00:00\",\"mainEntityOfPage\":{\"@id\":\"https:\\\/\\\/www.p31noticias.com.br\\\/?p=51195\"},\"wordCount\":80,\"commentCount\":0,\"articleSection\":[\"Bras\u00edlia\"],\"inLanguage\":\"pt-BR\",\"potentialAction\":[{\"@type\":\"CommentAction\",\"name\":\"Comment\",\"target\":[\"https:\\\/\\\/www.p31noticias.com.br\\\/?p=51195#respond\"]}],\"copyrightYear\":\"2024\",\"copyrightHolder\":{\"@id\":\"https:\\\/\\\/www.p31noticias.com.br\\\/#organization\"}},{\"@type\":\"WebPage\",\"@id\":\"https:\\\/\\\/www.p31noticias.com.br\\\/?p=51195\",\"url\":\"https:\\\/\\\/www.p31noticias.com.br\\\/?p=51195\",\"name\":\"Corrida infantil no dia 26 de maio - P31\",\"isPartOf\":{\"@id\":\"https:\\\/\\\/www.p31noticias.com.br\\\/#website\"},\"datePublished\":\"2024-05-21T14:31:18+00:00\",\"author\":{\"@id\":\"\"},\"breadcrumb\":{\"@id\":\"https:\\\/\\\/www.p31noticias.com.br\\\/?p=51195#breadcrumb\"},\"inLanguage\":\"pt-BR\",\"potentialAction\":[{\"@type\":\"ReadAction\",\"target\":[\"https:\\\/\\\/www.p31noticias.com.br\\\/?p=51195\"]}]},{\"@type\":\"BreadcrumbList\",\"@id\":\"https:\\\/\\\/www.p31noticias.com.br\\\/?p=51195#breadcrumb\",\"itemListElement\":[{\"@type\":\"ListItem\",\"position\":1,\"name\":\"In\u00edcio\",\"item\":\"https:\\\/\\\/www.p31noticias.com.br\\\/\"},{\"@type\":\"ListItem\",\"position\":2,\"name\":\"Corrida infantil no dia 26 de maio\"}]},{\"@type\":\"WebSite\",\"@id\":\"https:\\\/\\\/www.p31noticias.com.br\\\/#website\",\"url\":\"https:\\\/\\\/www.p31noticias.com.br\\\/\",\"name\":\"P31\",\"description\":\"NOT\u00cdCIAS\",\"potentialAction\":[{\"@type\":\"SearchAction\",\"target\":{\"@type\":\"EntryPoint\",\"urlTemplate\":\"https:\\\/\\\/www.p31noticias.com.br\\\/?s={search_term_string}\"},\"query-input\":{\"@type\":\"PropertyValueSpecification\",\"valueRequired\":true,\"valueName\":\"search_term_string\"}}],\"inLanguage\":\"pt-BR\"}]}<\/script>\n<!-- \/ Yoast SEO Premium plugin. -->","yoast_head_json":{"title":"Corrida infantil no dia 26 de maio - P31","robots":{"index":"index","follow":"follow","max-snippet":"max-snippet:-1","max-image-preview":"max-image-preview:large","max-video-preview":"max-video-preview:-1"},"canonical":"https:\/\/www.p31noticias.com.br\/?p=51195","og_locale":"pt_BR","og_type":"article","og_title":"Corrida infantil no dia 26 de maio","og_description":"A quarta edi\u00e7\u00e3o da Corrida Kids acontece neste fim de semana. Al\u00e9m disso, os Guaraenses poder\u00e3o se divertir na rua do lazer e comemorar os 55 anos da Cidade. Ao todo s\u00e3o esperados cerca de 2 mil fam\u00edlias, com 950 crian\u00e7as e adolescentes inscritos para participar da corrida gratuita. A primeira largada ser\u00e1 \u00e0s 9h [&hellip;]","og_url":"https:\/\/www.p31noticias.com.br\/?p=51195","og_site_name":"P31","article_published_time":"2024-05-21T14:31:18+00:00","twitter_card":"summary_large_image","schema":{"@context":"https:\/\/schema.org","@graph":[{"@type":"Article","@id":"https:\/\/www.p31noticias.com.br\/?p=51195#article","isPartOf":{"@id":"https:\/\/www.p31noticias.com.br\/?p=51195"},"author":{"name":"","@id":""},"headline":"Corrida infantil no dia 26 de maio","datePublished":"2024-05-21T14:31:18+00:00","mainEntityOfPage":{"@id":"https:\/\/www.p31noticias.com.br\/?p=51195"},"wordCount":80,"commentCount":0,"articleSection":["Bras\u00edlia"],"inLanguage":"pt-BR","potentialAction":[{"@type":"CommentAction","name":"Comment","target":["https:\/\/www.p31noticias.com.br\/?p=51195#respond"]}],"copyrightYear":"2024","copyrightHolder":{"@id":"https:\/\/www.p31noticias.com.br\/#organization"}},{"@type":"WebPage","@id":"https:\/\/www.p31noticias.com.br\/?p=51195","url":"https:\/\/www.p31noticias.com.br\/?p=51195","name":"Corrida infantil no dia 26 de maio - P31","isPartOf":{"@id":"https:\/\/www.p31noticias.com.br\/#website"},"datePublished":"2024-05-21T14:31:18+00:00","author":{"@id":""},"breadcrumb":{"@id":"https:\/\/www.p31noticias.com.br\/?p=51195#breadcrumb"},"inLanguage":"pt-BR","potentialAction":[{"@type":"ReadAction","target":["https:\/\/www.p31noticias.com.br\/?p=51195"]}]},{"@type":"BreadcrumbList","@id":"https:\/\/www.p31noticias.com.br\/?p=51195#breadcrumb","itemListElement":[{"@type":"ListItem","position":1,"name":"In\u00edcio","item":"https:\/\/www.p31noticias.com.br\/"},{"@type":"ListItem","position":2,"name":"Corrida infantil no dia 26 de maio"}]},{"@type":"WebSite","@id":"https:\/\/www.p31noticias.com.br\/#website","url":"https:\/\/www.p31noticias.com.br\/","name":"P31","description":"NOT\u00cdCIAS","potentialAction":[{"@type":"SearchAction","target":{"@type":"EntryPoint","urlTemplate":"https:\/\/www.p31noticias.com.br\/?s={search_term_string}"},"query-input":{"@type":"PropertyValueSpecification","valueRequired":true,"valueName":"search_term_string"}}],"inLanguage":"pt-BR"}]}},"amp_enabled":true,"_links":{"self":[{"href":"https:\/\/www.p31noticias.com.br\/index.php?rest_route=\/wp\/v2\/posts\/51195","targetHints":{"allow":["GET"]}}],"collection":[{"href":"https:\/\/www.p31noticias.com.br\/index.php?rest_route=\/wp\/v2\/posts"}],"about":[{"href":"https:\/\/www.p31noticias.com.br\/index.php?rest_route=\/wp\/v2\/types\/post"}],"replies":[{"embeddable":true,"href":"https:\/\/www.p31noticias.com.br\/index.php?rest_route=%2Fwp%2Fv2%2Fcomments&post=51195"}],"version-history":[{"count":0,"href":"https:\/\/www.p31noticias.com.br\/index.php?rest_route=\/wp\/v2\/posts\/51195\/revisions"}],"wp:attachment":[{"href":"https:\/\/www.p31noticias.com.br\/index.php?rest_route=%2Fwp%2Fv2%2Fmedia&parent=51195"}],"wp:term":[{"taxonomy":"category","embeddable":true,"href":"https:\/\/www.p31noticias.com.br\/index.php?rest_route=%2Fwp%2Fv2%2Fcategories&post=51195"},{"taxonomy":"post_tag","embeddable":true,"href":"https:\/\/www.p31noticias.com.br\/index.php?rest_route=%2Fwp%2Fv2%2Ftags&post=51195"}],"curies":[{"name":"wp","href":"https:\/\/api.w.org\/{rel}","templated":true}]}}