{"id":51192,"date":"2024-05-21T11:31:17","date_gmt":"2024-05-21T14:31:17","guid":{"rendered":"https:\/\/p31noticias.com.br\/ultima-chamada-para-o-novo-ciclo-do-qualifica-df-saiba-como-se-inscrever\/"},"modified":"2024-05-21T11:31:17","modified_gmt":"2024-05-21T14:31:17","slug":"ultima-chamada-para-o-novo-ciclo-do-qualifica-df-saiba-como-se-inscrever","status":"publish","type":"post","link":"https:\/\/www.p31noticias.com.br\/?p=51192","title":{"rendered":"\u00daltima chamada para o novo ciclo do Qualifica DF. Saiba como se inscrever"},"content":{"rendered":"<p>Os interessados em participar da nova etapa do Qualifica DF t\u00eam at\u00e9 esta quarta-feira (22) para se inscrever. O programa de capacita\u00e7\u00e3o profissional oferece cursos profissionalizantes em \u00e1reas com alta demanda no mercado, integralmente gratuitos. Ser\u00e3o ofertados dez cursos, como design de sobrancelhas, maquiagem profissional, atendente de farm\u00e1cia, administra\u00e7\u00e3o de servi\u00e7os hospitalares e auxiliar de [\u2026]<\/p>\n<p>O post <a href=\"https:\/\/www.delioandrade.com.br\/ultima-chamada-para-o-novo-ciclo-do-qualifica-df-saiba-como-se-inscrever\/\">\u00daltima chamada para o novo ciclo do Qualifica DF. Saiba como se inscrever<\/a> apareceu primeiro em <a href=\"https:\/\/www.delioandrade.com.br\/\">Blog do D\u00c9LIO ANDRADE<\/a>.<\/p>\n","protected":false},"excerpt":{"rendered":"<p>Os interessados em participar da nova etapa do Qualifica DF t\u00eam at\u00e9 esta quarta-feira (22) para se inscrever. O programa de capacita\u00e7\u00e3o profissional oferece cursos profissionalizantes em \u00e1reas com alta demanda no mercado, integralmente gratuitos. Ser\u00e3o ofertados dez cursos, como design de sobrancelhas, maquiagem profissional, atendente de farm\u00e1cia, administra\u00e7\u00e3o de servi\u00e7os hospitalares e auxiliar de [&hellip;]<\/p>\n","protected":false},"author":0,"featured_media":51193,"comment_status":"open","ping_status":"open","sticky":false,"template":"","format":"standard","meta":{"footnotes":""},"categories":[21],"tags":[],"class_list":{"0":"post-51192","1":"post","2":"type-post","3":"status-publish","4":"format-standard","5":"has-post-thumbnail","7":"category-brasilia"},"yoast_head":"<!-- This site is optimized with the Yoast SEO Premium plugin v24.5 (Yoast SEO v27.5) - https:\/\/yoast.com\/product\/yoast-seo-premium-wordpress\/ -->\n<title>\u00daltima chamada para o novo ciclo do Qualifica DF. Saiba como se inscrever - P31<\/title>\n<meta name=\"robots\" content=\"index, follow, max-snippet:-1, max-image-preview:large, max-video-preview:-1\" \/>\n<link rel=\"canonical\" href=\"https:\/\/www.p31noticias.com.br\/?p=51192\" \/>\n<meta property=\"og:locale\" content=\"pt_BR\" \/>\n<meta property=\"og:type\" content=\"article\" \/>\n<meta property=\"og:title\" content=\"\u00daltima chamada para o novo ciclo do Qualifica DF. Saiba como se inscrever\" \/>\n<meta property=\"og:description\" content=\"Os interessados em participar da nova etapa do Qualifica DF t\u00eam at\u00e9 esta quarta-feira (22) para se inscrever. O programa de capacita\u00e7\u00e3o profissional oferece cursos profissionalizantes em \u00e1reas com alta demanda no mercado, integralmente gratuitos. Ser\u00e3o ofertados dez cursos, como design de sobrancelhas, maquiagem profissional, atendente de farm\u00e1cia, administra\u00e7\u00e3o de servi\u00e7os hospitalares e auxiliar de [&hellip;]\" \/>\n<meta property=\"og:url\" content=\"https:\/\/www.p31noticias.com.br\/?p=51192\" \/>\n<meta property=\"og:site_name\" content=\"P31\" \/>\n<meta property=\"article:published_time\" content=\"2024-05-21T14:31:17+00:00\" \/>\n<meta property=\"og:image\" content=\"https:\/\/www.p31noticias.com.br\/wp-content\/uploads\/2024\/05\/Foto-Geovana-Albuquerque-3-2-oJ0UWm-150x150-qgP7E4.jpeg\" \/>\n\t<meta property=\"og:image:width\" content=\"150\" \/>\n\t<meta property=\"og:image:height\" content=\"150\" \/>\n\t<meta property=\"og:image:type\" content=\"image\/jpeg\" \/>\n<meta name=\"twitter:card\" content=\"summary_large_image\" \/>\n<script type=\"application\/ld+json\" class=\"yoast-schema-graph\">{\"@context\":\"https:\\\/\\\/schema.org\",\"@graph\":[{\"@type\":\"Article\",\"@id\":\"https:\\\/\\\/www.p31noticias.com.br\\\/?p=51192#article\",\"isPartOf\":{\"@id\":\"https:\\\/\\\/www.p31noticias.com.br\\\/?p=51192\"},\"author\":{\"name\":\"\",\"@id\":\"\"},\"headline\":\"\u00daltima chamada para o novo ciclo do Qualifica DF. Saiba como se inscrever\",\"datePublished\":\"2024-05-21T14:31:17+00:00\",\"mainEntityOfPage\":{\"@id\":\"https:\\\/\\\/www.p31noticias.com.br\\\/?p=51192\"},\"wordCount\":96,\"commentCount\":0,\"image\":{\"@id\":\"https:\\\/\\\/www.p31noticias.com.br\\\/?p=51192#primaryimage\"},\"thumbnailUrl\":\"https:\\\/\\\/www.p31noticias.com.br\\\/wp-content\\\/uploads\\\/2024\\\/05\\\/Foto-Geovana-Albuquerque-3-2-oJ0UWm-150x150-qgP7E4.jpeg\",\"articleSection\":[\"Bras\u00edlia\"],\"inLanguage\":\"pt-BR\",\"potentialAction\":[{\"@type\":\"CommentAction\",\"name\":\"Comment\",\"target\":[\"https:\\\/\\\/www.p31noticias.com.br\\\/?p=51192#respond\"]}],\"copyrightYear\":\"2024\",\"copyrightHolder\":{\"@id\":\"https:\\\/\\\/www.p31noticias.com.br\\\/#organization\"}},{\"@type\":\"WebPage\",\"@id\":\"https:\\\/\\\/www.p31noticias.com.br\\\/?p=51192\",\"url\":\"https:\\\/\\\/www.p31noticias.com.br\\\/?p=51192\",\"name\":\"\u00daltima chamada para o novo ciclo do Qualifica DF. Saiba como se inscrever - P31\",\"isPartOf\":{\"@id\":\"https:\\\/\\\/www.p31noticias.com.br\\\/#website\"},\"primaryImageOfPage\":{\"@id\":\"https:\\\/\\\/www.p31noticias.com.br\\\/?p=51192#primaryimage\"},\"image\":{\"@id\":\"https:\\\/\\\/www.p31noticias.com.br\\\/?p=51192#primaryimage\"},\"thumbnailUrl\":\"https:\\\/\\\/www.p31noticias.com.br\\\/wp-content\\\/uploads\\\/2024\\\/05\\\/Foto-Geovana-Albuquerque-3-2-oJ0UWm-150x150-qgP7E4.jpeg\",\"datePublished\":\"2024-05-21T14:31:17+00:00\",\"author\":{\"@id\":\"\"},\"breadcrumb\":{\"@id\":\"https:\\\/\\\/www.p31noticias.com.br\\\/?p=51192#breadcrumb\"},\"inLanguage\":\"pt-BR\",\"potentialAction\":[{\"@type\":\"ReadAction\",\"target\":[\"https:\\\/\\\/www.p31noticias.com.br\\\/?p=51192\"]}]},{\"@type\":\"ImageObject\",\"inLanguage\":\"pt-BR\",\"@id\":\"https:\\\/\\\/www.p31noticias.com.br\\\/?p=51192#primaryimage\",\"url\":\"https:\\\/\\\/www.p31noticias.com.br\\\/wp-content\\\/uploads\\\/2024\\\/05\\\/Foto-Geovana-Albuquerque-3-2-oJ0UWm-150x150-qgP7E4.jpeg\",\"contentUrl\":\"https:\\\/\\\/www.p31noticias.com.br\\\/wp-content\\\/uploads\\\/2024\\\/05\\\/Foto-Geovana-Albuquerque-3-2-oJ0UWm-150x150-qgP7E4.jpeg\",\"width\":150,\"height\":150},{\"@type\":\"BreadcrumbList\",\"@id\":\"https:\\\/\\\/www.p31noticias.com.br\\\/?p=51192#breadcrumb\",\"itemListElement\":[{\"@type\":\"ListItem\",\"position\":1,\"name\":\"In\u00edcio\",\"item\":\"https:\\\/\\\/www.p31noticias.com.br\\\/\"},{\"@type\":\"ListItem\",\"position\":2,\"name\":\"\u00daltima chamada para o novo ciclo do Qualifica DF. Saiba como se inscrever\"}]},{\"@type\":\"WebSite\",\"@id\":\"https:\\\/\\\/www.p31noticias.com.br\\\/#website\",\"url\":\"https:\\\/\\\/www.p31noticias.com.br\\\/\",\"name\":\"P31\",\"description\":\"NOT\u00cdCIAS\",\"potentialAction\":[{\"@type\":\"SearchAction\",\"target\":{\"@type\":\"EntryPoint\",\"urlTemplate\":\"https:\\\/\\\/www.p31noticias.com.br\\\/?s={search_term_string}\"},\"query-input\":{\"@type\":\"PropertyValueSpecification\",\"valueRequired\":true,\"valueName\":\"search_term_string\"}}],\"inLanguage\":\"pt-BR\"}]}<\/script>\n<!-- \/ Yoast SEO Premium plugin. -->","yoast_head_json":{"title":"\u00daltima chamada para o novo ciclo do Qualifica DF. Saiba como se inscrever - P31","robots":{"index":"index","follow":"follow","max-snippet":"max-snippet:-1","max-image-preview":"max-image-preview:large","max-video-preview":"max-video-preview:-1"},"canonical":"https:\/\/www.p31noticias.com.br\/?p=51192","og_locale":"pt_BR","og_type":"article","og_title":"\u00daltima chamada para o novo ciclo do Qualifica DF. Saiba como se inscrever","og_description":"Os interessados em participar da nova etapa do Qualifica DF t\u00eam at\u00e9 esta quarta-feira (22) para se inscrever. O programa de capacita\u00e7\u00e3o profissional oferece cursos profissionalizantes em \u00e1reas com alta demanda no mercado, integralmente gratuitos. Ser\u00e3o ofertados dez cursos, como design de sobrancelhas, maquiagem profissional, atendente de farm\u00e1cia, administra\u00e7\u00e3o de servi\u00e7os hospitalares e auxiliar de [&hellip;]","og_url":"https:\/\/www.p31noticias.com.br\/?p=51192","og_site_name":"P31","article_published_time":"2024-05-21T14:31:17+00:00","og_image":[{"width":150,"height":150,"url":"https:\/\/www.p31noticias.com.br\/wp-content\/uploads\/2024\/05\/Foto-Geovana-Albuquerque-3-2-oJ0UWm-150x150-qgP7E4.jpeg","type":"image\/jpeg"}],"twitter_card":"summary_large_image","schema":{"@context":"https:\/\/schema.org","@graph":[{"@type":"Article","@id":"https:\/\/www.p31noticias.com.br\/?p=51192#article","isPartOf":{"@id":"https:\/\/www.p31noticias.com.br\/?p=51192"},"author":{"name":"","@id":""},"headline":"\u00daltima chamada para o novo ciclo do Qualifica DF. Saiba como se inscrever","datePublished":"2024-05-21T14:31:17+00:00","mainEntityOfPage":{"@id":"https:\/\/www.p31noticias.com.br\/?p=51192"},"wordCount":96,"commentCount":0,"image":{"@id":"https:\/\/www.p31noticias.com.br\/?p=51192#primaryimage"},"thumbnailUrl":"https:\/\/www.p31noticias.com.br\/wp-content\/uploads\/2024\/05\/Foto-Geovana-Albuquerque-3-2-oJ0UWm-150x150-qgP7E4.jpeg","articleSection":["Bras\u00edlia"],"inLanguage":"pt-BR","potentialAction":[{"@type":"CommentAction","name":"Comment","target":["https:\/\/www.p31noticias.com.br\/?p=51192#respond"]}],"copyrightYear":"2024","copyrightHolder":{"@id":"https:\/\/www.p31noticias.com.br\/#organization"}},{"@type":"WebPage","@id":"https:\/\/www.p31noticias.com.br\/?p=51192","url":"https:\/\/www.p31noticias.com.br\/?p=51192","name":"\u00daltima chamada para o novo ciclo do Qualifica DF. Saiba como se inscrever - P31","isPartOf":{"@id":"https:\/\/www.p31noticias.com.br\/#website"},"primaryImageOfPage":{"@id":"https:\/\/www.p31noticias.com.br\/?p=51192#primaryimage"},"image":{"@id":"https:\/\/www.p31noticias.com.br\/?p=51192#primaryimage"},"thumbnailUrl":"https:\/\/www.p31noticias.com.br\/wp-content\/uploads\/2024\/05\/Foto-Geovana-Albuquerque-3-2-oJ0UWm-150x150-qgP7E4.jpeg","datePublished":"2024-05-21T14:31:17+00:00","author":{"@id":""},"breadcrumb":{"@id":"https:\/\/www.p31noticias.com.br\/?p=51192#breadcrumb"},"inLanguage":"pt-BR","potentialAction":[{"@type":"ReadAction","target":["https:\/\/www.p31noticias.com.br\/?p=51192"]}]},{"@type":"ImageObject","inLanguage":"pt-BR","@id":"https:\/\/www.p31noticias.com.br\/?p=51192#primaryimage","url":"https:\/\/www.p31noticias.com.br\/wp-content\/uploads\/2024\/05\/Foto-Geovana-Albuquerque-3-2-oJ0UWm-150x150-qgP7E4.jpeg","contentUrl":"https:\/\/www.p31noticias.com.br\/wp-content\/uploads\/2024\/05\/Foto-Geovana-Albuquerque-3-2-oJ0UWm-150x150-qgP7E4.jpeg","width":150,"height":150},{"@type":"BreadcrumbList","@id":"https:\/\/www.p31noticias.com.br\/?p=51192#breadcrumb","itemListElement":[{"@type":"ListItem","position":1,"name":"In\u00edcio","item":"https:\/\/www.p31noticias.com.br\/"},{"@type":"ListItem","position":2,"name":"\u00daltima chamada para o novo ciclo do Qualifica DF. Saiba como se inscrever"}]},{"@type":"WebSite","@id":"https:\/\/www.p31noticias.com.br\/#website","url":"https:\/\/www.p31noticias.com.br\/","name":"P31","description":"NOT\u00cdCIAS","potentialAction":[{"@type":"SearchAction","target":{"@type":"EntryPoint","urlTemplate":"https:\/\/www.p31noticias.com.br\/?s={search_term_string}"},"query-input":{"@type":"PropertyValueSpecification","valueRequired":true,"valueName":"search_term_string"}}],"inLanguage":"pt-BR"}]}},"amp_enabled":true,"_links":{"self":[{"href":"https:\/\/www.p31noticias.com.br\/index.php?rest_route=\/wp\/v2\/posts\/51192","targetHints":{"allow":["GET"]}}],"collection":[{"href":"https:\/\/www.p31noticias.com.br\/index.php?rest_route=\/wp\/v2\/posts"}],"about":[{"href":"https:\/\/www.p31noticias.com.br\/index.php?rest_route=\/wp\/v2\/types\/post"}],"replies":[{"embeddable":true,"href":"https:\/\/www.p31noticias.com.br\/index.php?rest_route=%2Fwp%2Fv2%2Fcomments&post=51192"}],"version-history":[{"count":0,"href":"https:\/\/www.p31noticias.com.br\/index.php?rest_route=\/wp\/v2\/posts\/51192\/revisions"}],"wp:featuredmedia":[{"embeddable":true,"href":"https:\/\/www.p31noticias.com.br\/index.php?rest_route=\/wp\/v2\/media\/51193"}],"wp:attachment":[{"href":"https:\/\/www.p31noticias.com.br\/index.php?rest_route=%2Fwp%2Fv2%2Fmedia&parent=51192"}],"wp:term":[{"taxonomy":"category","embeddable":true,"href":"https:\/\/www.p31noticias.com.br\/index.php?rest_route=%2Fwp%2Fv2%2Fcategories&post=51192"},{"taxonomy":"post_tag","embeddable":true,"href":"https:\/\/www.p31noticias.com.br\/index.php?rest_route=%2Fwp%2Fv2%2Ftags&post=51192"}],"curies":[{"name":"wp","href":"https:\/\/api.w.org\/{rel}","templated":true}]}}