{"id":51157,"date":"2024-05-21T03:31:08","date_gmt":"2024-05-21T06:31:08","guid":{"rendered":"https:\/\/p31noticias.com.br\/deixa-os-melancias-se-virar-no-stf-pm-explica-frase-sobre-exercito\/"},"modified":"2024-05-21T03:31:08","modified_gmt":"2024-05-21T06:31:08","slug":"deixa-os-melancias-se-virar-no-stf-pm-explica-frase-sobre-exercito","status":"publish","type":"post","link":"https:\/\/www.p31noticias.com.br\/?p=51157","title":{"rendered":"\u201cDeixa os melancias se virar\u201d: no STF, PM explica frase sobre Ex\u00e9rcito"},"content":{"rendered":"<p>A Procuradoria-Geral da Rep\u00fablica (PGR) questionou, nessa segunda-feira (20\/5), quatro dos sete policiais militares do Distrito Federal denunciados por supostas omiss\u00f5es relacionadas aos atos antidemocr\u00e1ticos de 8 de janeiro de 2023. O grupo, que j\u00e1 \u00e9 r\u00e9u, presta depoimento no Supremo Tribunal Federal (STF) de forma virtual. Na oitiva do coronel Marcelo Casimiro, ent\u00e3o titular [\u2026]<\/p>\n<p>O post <a href=\"https:\/\/www.delioandrade.com.br\/deixa-os-melancias-se-virar-no-stf-pm-explica-frase-sobre-exercito\/\">\u201cDeixa os melancias se virar\u201d: no STF, PM explica frase sobre Ex\u00e9rcito<\/a> apareceu primeiro em <a href=\"https:\/\/www.delioandrade.com.br\/\">Blog do D\u00c9LIO ANDRADE<\/a>.<\/p>\n","protected":false},"excerpt":{"rendered":"<p>A Procuradoria-Geral da Rep\u00fablica (PGR) questionou, nessa segunda-feira (20\/5), quatro dos sete policiais militares do Distrito Federal denunciados por supostas omiss\u00f5es relacionadas aos atos antidemocr\u00e1ticos de 8 de janeiro de 2023. O grupo, que j\u00e1 \u00e9 r\u00e9u, presta depoimento no Supremo Tribunal Federal (STF) de forma virtual. Na oitiva do coronel Marcelo Casimiro, ent\u00e3o titular [&hellip;]<\/p>\n","protected":false},"author":0,"featured_media":51158,"comment_status":"open","ping_status":"open","sticky":false,"template":"","format":"standard","meta":{"footnotes":""},"categories":[21],"tags":[],"class_list":{"0":"post-51157","1":"post","2":"type-post","3":"status-publish","4":"format-standard","5":"has-post-thumbnail","7":"category-brasilia"},"yoast_head":"<!-- This site is optimized with the Yoast SEO Premium plugin v24.5 (Yoast SEO v27.4) - https:\/\/yoast.com\/product\/yoast-seo-premium-wordpress\/ -->\n<title>\u201cDeixa os melancias se virar\u201d: no STF, PM explica frase sobre Ex\u00e9rcito - P31<\/title>\n<meta name=\"robots\" content=\"index, follow, max-snippet:-1, max-image-preview:large, max-video-preview:-1\" \/>\n<link rel=\"canonical\" href=\"https:\/\/www.p31noticias.com.br\/?p=51157\" \/>\n<meta property=\"og:locale\" content=\"pt_BR\" \/>\n<meta property=\"og:type\" content=\"article\" \/>\n<meta property=\"og:title\" content=\"\u201cDeixa os melancias se virar\u201d: no STF, PM explica frase sobre Ex\u00e9rcito\" \/>\n<meta property=\"og:description\" content=\"A Procuradoria-Geral da Rep\u00fablica (PGR) questionou, nessa segunda-feira (20\/5), quatro dos sete policiais militares do Distrito Federal denunciados por supostas omiss\u00f5es relacionadas aos atos antidemocr\u00e1ticos de 8 de janeiro de 2023. O grupo, que j\u00e1 \u00e9 r\u00e9u, presta depoimento no Supremo Tribunal Federal (STF) de forma virtual. Na oitiva do coronel Marcelo Casimiro, ent\u00e3o titular [&hellip;]\" \/>\n<meta property=\"og:url\" content=\"https:\/\/www.p31noticias.com.br\/?p=51157\" \/>\n<meta property=\"og:site_name\" content=\"P31\" \/>\n<meta property=\"article:published_time\" content=\"2024-05-21T06:31:08+00:00\" \/>\n<meta property=\"og:image\" content=\"https:\/\/www.p31noticias.com.br\/wp-content\/uploads\/2024\/05\/conversa-entre-Naime-e-Casimiro-deixa-os-melancia-se-virar-MVKxkp-150x150-lNzowF.jpeg\" \/>\n\t<meta property=\"og:image:width\" content=\"150\" \/>\n\t<meta property=\"og:image:height\" content=\"150\" \/>\n\t<meta property=\"og:image:type\" content=\"image\/jpeg\" \/>\n<meta name=\"twitter:card\" content=\"summary_large_image\" \/>\n<script type=\"application\/ld+json\" class=\"yoast-schema-graph\">{\"@context\":\"https:\\\/\\\/schema.org\",\"@graph\":[{\"@type\":\"Article\",\"@id\":\"https:\\\/\\\/www.p31noticias.com.br\\\/?p=51157#article\",\"isPartOf\":{\"@id\":\"https:\\\/\\\/www.p31noticias.com.br\\\/?p=51157\"},\"author\":{\"name\":\"\",\"@id\":\"\"},\"headline\":\"\u201cDeixa os melancias se virar\u201d: no STF, PM explica frase sobre Ex\u00e9rcito\",\"datePublished\":\"2024-05-21T06:31:08+00:00\",\"mainEntityOfPage\":{\"@id\":\"https:\\\/\\\/www.p31noticias.com.br\\\/?p=51157\"},\"wordCount\":92,\"commentCount\":0,\"image\":{\"@id\":\"https:\\\/\\\/www.p31noticias.com.br\\\/?p=51157#primaryimage\"},\"thumbnailUrl\":\"https:\\\/\\\/www.p31noticias.com.br\\\/wp-content\\\/uploads\\\/2024\\\/05\\\/conversa-entre-Naime-e-Casimiro-deixa-os-melancia-se-virar-MVKxkp-150x150-lNzowF.jpeg\",\"articleSection\":[\"Bras\u00edlia\"],\"inLanguage\":\"pt-BR\",\"potentialAction\":[{\"@type\":\"CommentAction\",\"name\":\"Comment\",\"target\":[\"https:\\\/\\\/www.p31noticias.com.br\\\/?p=51157#respond\"]}],\"copyrightYear\":\"2024\",\"copyrightHolder\":{\"@id\":\"https:\\\/\\\/www.p31noticias.com.br\\\/#organization\"}},{\"@type\":\"WebPage\",\"@id\":\"https:\\\/\\\/www.p31noticias.com.br\\\/?p=51157\",\"url\":\"https:\\\/\\\/www.p31noticias.com.br\\\/?p=51157\",\"name\":\"\u201cDeixa os melancias se virar\u201d: no STF, PM explica frase sobre Ex\u00e9rcito - P31\",\"isPartOf\":{\"@id\":\"https:\\\/\\\/www.p31noticias.com.br\\\/#website\"},\"primaryImageOfPage\":{\"@id\":\"https:\\\/\\\/www.p31noticias.com.br\\\/?p=51157#primaryimage\"},\"image\":{\"@id\":\"https:\\\/\\\/www.p31noticias.com.br\\\/?p=51157#primaryimage\"},\"thumbnailUrl\":\"https:\\\/\\\/www.p31noticias.com.br\\\/wp-content\\\/uploads\\\/2024\\\/05\\\/conversa-entre-Naime-e-Casimiro-deixa-os-melancia-se-virar-MVKxkp-150x150-lNzowF.jpeg\",\"datePublished\":\"2024-05-21T06:31:08+00:00\",\"author\":{\"@id\":\"\"},\"breadcrumb\":{\"@id\":\"https:\\\/\\\/www.p31noticias.com.br\\\/?p=51157#breadcrumb\"},\"inLanguage\":\"pt-BR\",\"potentialAction\":[{\"@type\":\"ReadAction\",\"target\":[\"https:\\\/\\\/www.p31noticias.com.br\\\/?p=51157\"]}]},{\"@type\":\"ImageObject\",\"inLanguage\":\"pt-BR\",\"@id\":\"https:\\\/\\\/www.p31noticias.com.br\\\/?p=51157#primaryimage\",\"url\":\"https:\\\/\\\/www.p31noticias.com.br\\\/wp-content\\\/uploads\\\/2024\\\/05\\\/conversa-entre-Naime-e-Casimiro-deixa-os-melancia-se-virar-MVKxkp-150x150-lNzowF.jpeg\",\"contentUrl\":\"https:\\\/\\\/www.p31noticias.com.br\\\/wp-content\\\/uploads\\\/2024\\\/05\\\/conversa-entre-Naime-e-Casimiro-deixa-os-melancia-se-virar-MVKxkp-150x150-lNzowF.jpeg\",\"width\":150,\"height\":150},{\"@type\":\"BreadcrumbList\",\"@id\":\"https:\\\/\\\/www.p31noticias.com.br\\\/?p=51157#breadcrumb\",\"itemListElement\":[{\"@type\":\"ListItem\",\"position\":1,\"name\":\"In\u00edcio\",\"item\":\"https:\\\/\\\/www.p31noticias.com.br\\\/\"},{\"@type\":\"ListItem\",\"position\":2,\"name\":\"\u201cDeixa os melancias se virar\u201d: no STF, PM explica frase sobre Ex\u00e9rcito\"}]},{\"@type\":\"WebSite\",\"@id\":\"https:\\\/\\\/www.p31noticias.com.br\\\/#website\",\"url\":\"https:\\\/\\\/www.p31noticias.com.br\\\/\",\"name\":\"P31\",\"description\":\"NOT\u00cdCIAS\",\"potentialAction\":[{\"@type\":\"SearchAction\",\"target\":{\"@type\":\"EntryPoint\",\"urlTemplate\":\"https:\\\/\\\/www.p31noticias.com.br\\\/?s={search_term_string}\"},\"query-input\":{\"@type\":\"PropertyValueSpecification\",\"valueRequired\":true,\"valueName\":\"search_term_string\"}}],\"inLanguage\":\"pt-BR\"}]}<\/script>\n<!-- \/ Yoast SEO Premium plugin. -->","yoast_head_json":{"title":"\u201cDeixa os melancias se virar\u201d: no STF, PM explica frase sobre Ex\u00e9rcito - P31","robots":{"index":"index","follow":"follow","max-snippet":"max-snippet:-1","max-image-preview":"max-image-preview:large","max-video-preview":"max-video-preview:-1"},"canonical":"https:\/\/www.p31noticias.com.br\/?p=51157","og_locale":"pt_BR","og_type":"article","og_title":"\u201cDeixa os melancias se virar\u201d: no STF, PM explica frase sobre Ex\u00e9rcito","og_description":"A Procuradoria-Geral da Rep\u00fablica (PGR) questionou, nessa segunda-feira (20\/5), quatro dos sete policiais militares do Distrito Federal denunciados por supostas omiss\u00f5es relacionadas aos atos antidemocr\u00e1ticos de 8 de janeiro de 2023. O grupo, que j\u00e1 \u00e9 r\u00e9u, presta depoimento no Supremo Tribunal Federal (STF) de forma virtual. Na oitiva do coronel Marcelo Casimiro, ent\u00e3o titular [&hellip;]","og_url":"https:\/\/www.p31noticias.com.br\/?p=51157","og_site_name":"P31","article_published_time":"2024-05-21T06:31:08+00:00","og_image":[{"width":150,"height":150,"url":"https:\/\/www.p31noticias.com.br\/wp-content\/uploads\/2024\/05\/conversa-entre-Naime-e-Casimiro-deixa-os-melancia-se-virar-MVKxkp-150x150-lNzowF.jpeg","type":"image\/jpeg"}],"twitter_card":"summary_large_image","schema":{"@context":"https:\/\/schema.org","@graph":[{"@type":"Article","@id":"https:\/\/www.p31noticias.com.br\/?p=51157#article","isPartOf":{"@id":"https:\/\/www.p31noticias.com.br\/?p=51157"},"author":{"name":"","@id":""},"headline":"\u201cDeixa os melancias se virar\u201d: no STF, PM explica frase sobre Ex\u00e9rcito","datePublished":"2024-05-21T06:31:08+00:00","mainEntityOfPage":{"@id":"https:\/\/www.p31noticias.com.br\/?p=51157"},"wordCount":92,"commentCount":0,"image":{"@id":"https:\/\/www.p31noticias.com.br\/?p=51157#primaryimage"},"thumbnailUrl":"https:\/\/www.p31noticias.com.br\/wp-content\/uploads\/2024\/05\/conversa-entre-Naime-e-Casimiro-deixa-os-melancia-se-virar-MVKxkp-150x150-lNzowF.jpeg","articleSection":["Bras\u00edlia"],"inLanguage":"pt-BR","potentialAction":[{"@type":"CommentAction","name":"Comment","target":["https:\/\/www.p31noticias.com.br\/?p=51157#respond"]}],"copyrightYear":"2024","copyrightHolder":{"@id":"https:\/\/www.p31noticias.com.br\/#organization"}},{"@type":"WebPage","@id":"https:\/\/www.p31noticias.com.br\/?p=51157","url":"https:\/\/www.p31noticias.com.br\/?p=51157","name":"\u201cDeixa os melancias se virar\u201d: no STF, PM explica frase sobre Ex\u00e9rcito - P31","isPartOf":{"@id":"https:\/\/www.p31noticias.com.br\/#website"},"primaryImageOfPage":{"@id":"https:\/\/www.p31noticias.com.br\/?p=51157#primaryimage"},"image":{"@id":"https:\/\/www.p31noticias.com.br\/?p=51157#primaryimage"},"thumbnailUrl":"https:\/\/www.p31noticias.com.br\/wp-content\/uploads\/2024\/05\/conversa-entre-Naime-e-Casimiro-deixa-os-melancia-se-virar-MVKxkp-150x150-lNzowF.jpeg","datePublished":"2024-05-21T06:31:08+00:00","author":{"@id":""},"breadcrumb":{"@id":"https:\/\/www.p31noticias.com.br\/?p=51157#breadcrumb"},"inLanguage":"pt-BR","potentialAction":[{"@type":"ReadAction","target":["https:\/\/www.p31noticias.com.br\/?p=51157"]}]},{"@type":"ImageObject","inLanguage":"pt-BR","@id":"https:\/\/www.p31noticias.com.br\/?p=51157#primaryimage","url":"https:\/\/www.p31noticias.com.br\/wp-content\/uploads\/2024\/05\/conversa-entre-Naime-e-Casimiro-deixa-os-melancia-se-virar-MVKxkp-150x150-lNzowF.jpeg","contentUrl":"https:\/\/www.p31noticias.com.br\/wp-content\/uploads\/2024\/05\/conversa-entre-Naime-e-Casimiro-deixa-os-melancia-se-virar-MVKxkp-150x150-lNzowF.jpeg","width":150,"height":150},{"@type":"BreadcrumbList","@id":"https:\/\/www.p31noticias.com.br\/?p=51157#breadcrumb","itemListElement":[{"@type":"ListItem","position":1,"name":"In\u00edcio","item":"https:\/\/www.p31noticias.com.br\/"},{"@type":"ListItem","position":2,"name":"\u201cDeixa os melancias se virar\u201d: no STF, PM explica frase sobre Ex\u00e9rcito"}]},{"@type":"WebSite","@id":"https:\/\/www.p31noticias.com.br\/#website","url":"https:\/\/www.p31noticias.com.br\/","name":"P31","description":"NOT\u00cdCIAS","potentialAction":[{"@type":"SearchAction","target":{"@type":"EntryPoint","urlTemplate":"https:\/\/www.p31noticias.com.br\/?s={search_term_string}"},"query-input":{"@type":"PropertyValueSpecification","valueRequired":true,"valueName":"search_term_string"}}],"inLanguage":"pt-BR"}]}},"amp_enabled":true,"_links":{"self":[{"href":"https:\/\/www.p31noticias.com.br\/index.php?rest_route=\/wp\/v2\/posts\/51157","targetHints":{"allow":["GET"]}}],"collection":[{"href":"https:\/\/www.p31noticias.com.br\/index.php?rest_route=\/wp\/v2\/posts"}],"about":[{"href":"https:\/\/www.p31noticias.com.br\/index.php?rest_route=\/wp\/v2\/types\/post"}],"replies":[{"embeddable":true,"href":"https:\/\/www.p31noticias.com.br\/index.php?rest_route=%2Fwp%2Fv2%2Fcomments&post=51157"}],"version-history":[{"count":0,"href":"https:\/\/www.p31noticias.com.br\/index.php?rest_route=\/wp\/v2\/posts\/51157\/revisions"}],"wp:featuredmedia":[{"embeddable":true,"href":"https:\/\/www.p31noticias.com.br\/index.php?rest_route=\/wp\/v2\/media\/51158"}],"wp:attachment":[{"href":"https:\/\/www.p31noticias.com.br\/index.php?rest_route=%2Fwp%2Fv2%2Fmedia&parent=51157"}],"wp:term":[{"taxonomy":"category","embeddable":true,"href":"https:\/\/www.p31noticias.com.br\/index.php?rest_route=%2Fwp%2Fv2%2Fcategories&post=51157"},{"taxonomy":"post_tag","embeddable":true,"href":"https:\/\/www.p31noticias.com.br\/index.php?rest_route=%2Fwp%2Fv2%2Ftags&post=51157"}],"curies":[{"name":"wp","href":"https:\/\/api.w.org\/{rel}","templated":true}]}}