{"id":51138,"date":"2024-05-20T20:30:56","date_gmt":"2024-05-20T23:30:56","guid":{"rendered":"https:\/\/p31noticias.com.br\/df-tem-segundo-melhor-indice-de-alfabetizacao-do-pais-segundo-ibge\/"},"modified":"2024-05-20T20:30:56","modified_gmt":"2024-05-20T23:30:56","slug":"df-tem-segundo-melhor-indice-de-alfabetizacao-do-pais-segundo-ibge","status":"publish","type":"post","link":"https:\/\/www.p31noticias.com.br\/?p=51138","title":{"rendered":"DF tem segundo melhor \u00edndice de alfabetiza\u00e7\u00e3o do pa\u00eds, segundo IBGE"},"content":{"rendered":"<p>O Distrito Federal tem uma das melhores taxas de alfabetiza\u00e7\u00e3o do pa\u00eds. Isso se deve ao esfor\u00e7o do Governo do Distrito Federal (GDF) em garantir ensino p\u00fablico de qualidade desde os primeiros anos escolares passando pela etapa de retorno aos estudos por quem teve que colocar a escola em segundo plano. De acordo com o [\u2026]<\/p>\n<p>O post <a href=\"https:\/\/www.delioandrade.com.br\/df-tem-segundo-melhor-indice-de-alfabetizacao-do-pais-segundo-ibge\/\">DF tem segundo melhor \u00edndice de alfabetiza\u00e7\u00e3o do pa\u00eds, segundo IBGE<\/a> apareceu primeiro em <a href=\"https:\/\/www.delioandrade.com.br\/\">Blog do D\u00c9LIO ANDRADE<\/a>.<\/p>\n","protected":false},"excerpt":{"rendered":"<p>O Distrito Federal tem uma das melhores taxas de alfabetiza\u00e7\u00e3o do pa\u00eds. Isso se deve ao esfor\u00e7o do Governo do Distrito Federal (GDF) em garantir ensino p\u00fablico de qualidade desde os primeiros anos escolares passando pela etapa de retorno aos estudos por quem teve que colocar a escola em segundo plano. De acordo com o [&hellip;]<\/p>\n","protected":false},"author":0,"featured_media":51139,"comment_status":"open","ping_status":"open","sticky":false,"template":"","format":"standard","meta":{"footnotes":""},"categories":[21],"tags":[],"class_list":{"0":"post-51138","1":"post","2":"type-post","3":"status-publish","4":"format-standard","5":"has-post-thumbnail","7":"category-brasilia"},"yoast_head":"<!-- This site is optimized with the Yoast SEO Premium plugin v24.5 (Yoast SEO v27.4) - https:\/\/yoast.com\/product\/yoast-seo-premium-wordpress\/ -->\n<title>DF tem segundo melhor \u00edndice de alfabetiza\u00e7\u00e3o do pa\u00eds, segundo IBGE - P31<\/title>\n<meta name=\"robots\" content=\"index, follow, max-snippet:-1, max-image-preview:large, max-video-preview:-1\" \/>\n<link rel=\"canonical\" href=\"https:\/\/www.p31noticias.com.br\/?p=51138\" \/>\n<meta property=\"og:locale\" content=\"pt_BR\" \/>\n<meta property=\"og:type\" content=\"article\" \/>\n<meta property=\"og:title\" content=\"DF tem segundo melhor \u00edndice de alfabetiza\u00e7\u00e3o do pa\u00eds, segundo IBGE\" \/>\n<meta property=\"og:description\" content=\"O Distrito Federal tem uma das melhores taxas de alfabetiza\u00e7\u00e3o do pa\u00eds. Isso se deve ao esfor\u00e7o do Governo do Distrito Federal (GDF) em garantir ensino p\u00fablico de qualidade desde os primeiros anos escolares passando pela etapa de retorno aos estudos por quem teve que colocar a escola em segundo plano. De acordo com o [&hellip;]\" \/>\n<meta property=\"og:url\" content=\"https:\/\/www.p31noticias.com.br\/?p=51138\" \/>\n<meta property=\"og:site_name\" content=\"P31\" \/>\n<meta property=\"article:published_time\" content=\"2024-05-20T23:30:56+00:00\" \/>\n<meta property=\"og:image\" content=\"https:\/\/www.p31noticias.com.br\/wp-content\/uploads\/2024\/05\/WhatsApp-Image-2024-05-20-at-19.34.27-H5nKf0-150x150-3Ivzle.jpeg\" \/>\n\t<meta property=\"og:image:width\" content=\"150\" \/>\n\t<meta property=\"og:image:height\" content=\"150\" \/>\n\t<meta property=\"og:image:type\" content=\"image\/jpeg\" \/>\n<meta name=\"twitter:card\" content=\"summary_large_image\" \/>\n<script type=\"application\/ld+json\" class=\"yoast-schema-graph\">{\"@context\":\"https:\\\/\\\/schema.org\",\"@graph\":[{\"@type\":\"Article\",\"@id\":\"https:\\\/\\\/www.p31noticias.com.br\\\/?p=51138#article\",\"isPartOf\":{\"@id\":\"https:\\\/\\\/www.p31noticias.com.br\\\/?p=51138\"},\"author\":{\"name\":\"\",\"@id\":\"\"},\"headline\":\"DF tem segundo melhor \u00edndice de alfabetiza\u00e7\u00e3o do pa\u00eds, segundo IBGE\",\"datePublished\":\"2024-05-20T23:30:56+00:00\",\"mainEntityOfPage\":{\"@id\":\"https:\\\/\\\/www.p31noticias.com.br\\\/?p=51138\"},\"wordCount\":95,\"commentCount\":0,\"image\":{\"@id\":\"https:\\\/\\\/www.p31noticias.com.br\\\/?p=51138#primaryimage\"},\"thumbnailUrl\":\"https:\\\/\\\/www.p31noticias.com.br\\\/wp-content\\\/uploads\\\/2024\\\/05\\\/WhatsApp-Image-2024-05-20-at-19.34.27-H5nKf0-150x150-3Ivzle.jpeg\",\"articleSection\":[\"Bras\u00edlia\"],\"inLanguage\":\"pt-BR\",\"potentialAction\":[{\"@type\":\"CommentAction\",\"name\":\"Comment\",\"target\":[\"https:\\\/\\\/www.p31noticias.com.br\\\/?p=51138#respond\"]}],\"copyrightYear\":\"2024\",\"copyrightHolder\":{\"@id\":\"https:\\\/\\\/www.p31noticias.com.br\\\/#organization\"}},{\"@type\":\"WebPage\",\"@id\":\"https:\\\/\\\/www.p31noticias.com.br\\\/?p=51138\",\"url\":\"https:\\\/\\\/www.p31noticias.com.br\\\/?p=51138\",\"name\":\"DF tem segundo melhor \u00edndice de alfabetiza\u00e7\u00e3o do pa\u00eds, segundo IBGE - P31\",\"isPartOf\":{\"@id\":\"https:\\\/\\\/www.p31noticias.com.br\\\/#website\"},\"primaryImageOfPage\":{\"@id\":\"https:\\\/\\\/www.p31noticias.com.br\\\/?p=51138#primaryimage\"},\"image\":{\"@id\":\"https:\\\/\\\/www.p31noticias.com.br\\\/?p=51138#primaryimage\"},\"thumbnailUrl\":\"https:\\\/\\\/www.p31noticias.com.br\\\/wp-content\\\/uploads\\\/2024\\\/05\\\/WhatsApp-Image-2024-05-20-at-19.34.27-H5nKf0-150x150-3Ivzle.jpeg\",\"datePublished\":\"2024-05-20T23:30:56+00:00\",\"author\":{\"@id\":\"\"},\"breadcrumb\":{\"@id\":\"https:\\\/\\\/www.p31noticias.com.br\\\/?p=51138#breadcrumb\"},\"inLanguage\":\"pt-BR\",\"potentialAction\":[{\"@type\":\"ReadAction\",\"target\":[\"https:\\\/\\\/www.p31noticias.com.br\\\/?p=51138\"]}]},{\"@type\":\"ImageObject\",\"inLanguage\":\"pt-BR\",\"@id\":\"https:\\\/\\\/www.p31noticias.com.br\\\/?p=51138#primaryimage\",\"url\":\"https:\\\/\\\/www.p31noticias.com.br\\\/wp-content\\\/uploads\\\/2024\\\/05\\\/WhatsApp-Image-2024-05-20-at-19.34.27-H5nKf0-150x150-3Ivzle.jpeg\",\"contentUrl\":\"https:\\\/\\\/www.p31noticias.com.br\\\/wp-content\\\/uploads\\\/2024\\\/05\\\/WhatsApp-Image-2024-05-20-at-19.34.27-H5nKf0-150x150-3Ivzle.jpeg\",\"width\":150,\"height\":150},{\"@type\":\"BreadcrumbList\",\"@id\":\"https:\\\/\\\/www.p31noticias.com.br\\\/?p=51138#breadcrumb\",\"itemListElement\":[{\"@type\":\"ListItem\",\"position\":1,\"name\":\"In\u00edcio\",\"item\":\"https:\\\/\\\/www.p31noticias.com.br\\\/\"},{\"@type\":\"ListItem\",\"position\":2,\"name\":\"DF tem segundo melhor \u00edndice de alfabetiza\u00e7\u00e3o do pa\u00eds, segundo IBGE\"}]},{\"@type\":\"WebSite\",\"@id\":\"https:\\\/\\\/www.p31noticias.com.br\\\/#website\",\"url\":\"https:\\\/\\\/www.p31noticias.com.br\\\/\",\"name\":\"P31\",\"description\":\"NOT\u00cdCIAS\",\"potentialAction\":[{\"@type\":\"SearchAction\",\"target\":{\"@type\":\"EntryPoint\",\"urlTemplate\":\"https:\\\/\\\/www.p31noticias.com.br\\\/?s={search_term_string}\"},\"query-input\":{\"@type\":\"PropertyValueSpecification\",\"valueRequired\":true,\"valueName\":\"search_term_string\"}}],\"inLanguage\":\"pt-BR\"}]}<\/script>\n<!-- \/ Yoast SEO Premium plugin. -->","yoast_head_json":{"title":"DF tem segundo melhor \u00edndice de alfabetiza\u00e7\u00e3o do pa\u00eds, segundo IBGE - P31","robots":{"index":"index","follow":"follow","max-snippet":"max-snippet:-1","max-image-preview":"max-image-preview:large","max-video-preview":"max-video-preview:-1"},"canonical":"https:\/\/www.p31noticias.com.br\/?p=51138","og_locale":"pt_BR","og_type":"article","og_title":"DF tem segundo melhor \u00edndice de alfabetiza\u00e7\u00e3o do pa\u00eds, segundo IBGE","og_description":"O Distrito Federal tem uma das melhores taxas de alfabetiza\u00e7\u00e3o do pa\u00eds. Isso se deve ao esfor\u00e7o do Governo do Distrito Federal (GDF) em garantir ensino p\u00fablico de qualidade desde os primeiros anos escolares passando pela etapa de retorno aos estudos por quem teve que colocar a escola em segundo plano. De acordo com o [&hellip;]","og_url":"https:\/\/www.p31noticias.com.br\/?p=51138","og_site_name":"P31","article_published_time":"2024-05-20T23:30:56+00:00","og_image":[{"width":150,"height":150,"url":"https:\/\/www.p31noticias.com.br\/wp-content\/uploads\/2024\/05\/WhatsApp-Image-2024-05-20-at-19.34.27-H5nKf0-150x150-3Ivzle.jpeg","type":"image\/jpeg"}],"twitter_card":"summary_large_image","schema":{"@context":"https:\/\/schema.org","@graph":[{"@type":"Article","@id":"https:\/\/www.p31noticias.com.br\/?p=51138#article","isPartOf":{"@id":"https:\/\/www.p31noticias.com.br\/?p=51138"},"author":{"name":"","@id":""},"headline":"DF tem segundo melhor \u00edndice de alfabetiza\u00e7\u00e3o do pa\u00eds, segundo IBGE","datePublished":"2024-05-20T23:30:56+00:00","mainEntityOfPage":{"@id":"https:\/\/www.p31noticias.com.br\/?p=51138"},"wordCount":95,"commentCount":0,"image":{"@id":"https:\/\/www.p31noticias.com.br\/?p=51138#primaryimage"},"thumbnailUrl":"https:\/\/www.p31noticias.com.br\/wp-content\/uploads\/2024\/05\/WhatsApp-Image-2024-05-20-at-19.34.27-H5nKf0-150x150-3Ivzle.jpeg","articleSection":["Bras\u00edlia"],"inLanguage":"pt-BR","potentialAction":[{"@type":"CommentAction","name":"Comment","target":["https:\/\/www.p31noticias.com.br\/?p=51138#respond"]}],"copyrightYear":"2024","copyrightHolder":{"@id":"https:\/\/www.p31noticias.com.br\/#organization"}},{"@type":"WebPage","@id":"https:\/\/www.p31noticias.com.br\/?p=51138","url":"https:\/\/www.p31noticias.com.br\/?p=51138","name":"DF tem segundo melhor \u00edndice de alfabetiza\u00e7\u00e3o do pa\u00eds, segundo IBGE - P31","isPartOf":{"@id":"https:\/\/www.p31noticias.com.br\/#website"},"primaryImageOfPage":{"@id":"https:\/\/www.p31noticias.com.br\/?p=51138#primaryimage"},"image":{"@id":"https:\/\/www.p31noticias.com.br\/?p=51138#primaryimage"},"thumbnailUrl":"https:\/\/www.p31noticias.com.br\/wp-content\/uploads\/2024\/05\/WhatsApp-Image-2024-05-20-at-19.34.27-H5nKf0-150x150-3Ivzle.jpeg","datePublished":"2024-05-20T23:30:56+00:00","author":{"@id":""},"breadcrumb":{"@id":"https:\/\/www.p31noticias.com.br\/?p=51138#breadcrumb"},"inLanguage":"pt-BR","potentialAction":[{"@type":"ReadAction","target":["https:\/\/www.p31noticias.com.br\/?p=51138"]}]},{"@type":"ImageObject","inLanguage":"pt-BR","@id":"https:\/\/www.p31noticias.com.br\/?p=51138#primaryimage","url":"https:\/\/www.p31noticias.com.br\/wp-content\/uploads\/2024\/05\/WhatsApp-Image-2024-05-20-at-19.34.27-H5nKf0-150x150-3Ivzle.jpeg","contentUrl":"https:\/\/www.p31noticias.com.br\/wp-content\/uploads\/2024\/05\/WhatsApp-Image-2024-05-20-at-19.34.27-H5nKf0-150x150-3Ivzle.jpeg","width":150,"height":150},{"@type":"BreadcrumbList","@id":"https:\/\/www.p31noticias.com.br\/?p=51138#breadcrumb","itemListElement":[{"@type":"ListItem","position":1,"name":"In\u00edcio","item":"https:\/\/www.p31noticias.com.br\/"},{"@type":"ListItem","position":2,"name":"DF tem segundo melhor \u00edndice de alfabetiza\u00e7\u00e3o do pa\u00eds, segundo IBGE"}]},{"@type":"WebSite","@id":"https:\/\/www.p31noticias.com.br\/#website","url":"https:\/\/www.p31noticias.com.br\/","name":"P31","description":"NOT\u00cdCIAS","potentialAction":[{"@type":"SearchAction","target":{"@type":"EntryPoint","urlTemplate":"https:\/\/www.p31noticias.com.br\/?s={search_term_string}"},"query-input":{"@type":"PropertyValueSpecification","valueRequired":true,"valueName":"search_term_string"}}],"inLanguage":"pt-BR"}]}},"amp_enabled":true,"_links":{"self":[{"href":"https:\/\/www.p31noticias.com.br\/index.php?rest_route=\/wp\/v2\/posts\/51138","targetHints":{"allow":["GET"]}}],"collection":[{"href":"https:\/\/www.p31noticias.com.br\/index.php?rest_route=\/wp\/v2\/posts"}],"about":[{"href":"https:\/\/www.p31noticias.com.br\/index.php?rest_route=\/wp\/v2\/types\/post"}],"replies":[{"embeddable":true,"href":"https:\/\/www.p31noticias.com.br\/index.php?rest_route=%2Fwp%2Fv2%2Fcomments&post=51138"}],"version-history":[{"count":0,"href":"https:\/\/www.p31noticias.com.br\/index.php?rest_route=\/wp\/v2\/posts\/51138\/revisions"}],"wp:featuredmedia":[{"embeddable":true,"href":"https:\/\/www.p31noticias.com.br\/index.php?rest_route=\/wp\/v2\/media\/51139"}],"wp:attachment":[{"href":"https:\/\/www.p31noticias.com.br\/index.php?rest_route=%2Fwp%2Fv2%2Fmedia&parent=51138"}],"wp:term":[{"taxonomy":"category","embeddable":true,"href":"https:\/\/www.p31noticias.com.br\/index.php?rest_route=%2Fwp%2Fv2%2Fcategories&post=51138"},{"taxonomy":"post_tag","embeddable":true,"href":"https:\/\/www.p31noticias.com.br\/index.php?rest_route=%2Fwp%2Fv2%2Ftags&post=51138"}],"curies":[{"name":"wp","href":"https:\/\/api.w.org\/{rel}","templated":true}]}}