{"id":50990,"date":"2024-05-19T10:30:18","date_gmt":"2024-05-19T13:30:18","guid":{"rendered":"https:\/\/p31noticias.com.br\/exportacao-de-armas-de-fogo-dobrou-durante-os-anos-bolsonaro-revela-levantamento-inedito\/"},"modified":"2024-05-19T10:30:18","modified_gmt":"2024-05-19T13:30:18","slug":"exportacao-de-armas-de-fogo-dobrou-durante-os-anos-bolsonaro-revela-levantamento-inedito","status":"publish","type":"post","link":"https:\/\/www.p31noticias.com.br\/?p=50990","title":{"rendered":"Exporta\u00e7\u00e3o de armas de fogo dobrou durante os anos Bolsonaro, revela levantamento in\u00e9dito"},"content":{"rendered":"<p>Em 3 de mar\u00e7o deste ano, o sargento do Ex\u00e9rcito guatemalteco Cristian Aroldo Heinemann Aguirre, 33, de folga naquele dia, sacou uma pistola brasileira Taurus 9 mm e matou dois homens e uma mulher na sa\u00edda de um show da cantora colombiana Karol G na Cidade da Guatemala, capital do pa\u00eds hom\u00f4nimo da Am\u00e9rica Central. [\u2026]<\/p>\n<p>O post <a href=\"https:\/\/www.delioandrade.com.br\/exportacao-de-armas-de-fogo-dobrou-durante-os-anos-bolsonaro-revela-levantamento-inedito\/\">Exporta\u00e7\u00e3o de armas de fogo dobrou durante os anos Bolsonaro, revela levantamento in\u00e9dito<\/a> apareceu primeiro em <a href=\"https:\/\/www.delioandrade.com.br\/\">Blog do D\u00c9LIO ANDRADE<\/a>.<\/p>\n","protected":false},"excerpt":{"rendered":"<p>Em 3 de mar\u00e7o deste ano, o sargento do Ex\u00e9rcito guatemalteco Cristian Aroldo Heinemann Aguirre, 33, de folga naquele dia, sacou uma pistola brasileira Taurus 9 mm e matou dois homens e uma mulher na sa\u00edda de um show da cantora colombiana Karol G na Cidade da Guatemala, capital do pa\u00eds hom\u00f4nimo da Am\u00e9rica Central. [&hellip;]<\/p>\n","protected":false},"author":0,"featured_media":50991,"comment_status":"open","ping_status":"open","sticky":false,"template":"","format":"standard","meta":{"footnotes":""},"categories":[21],"tags":[],"class_list":{"0":"post-50990","1":"post","2":"type-post","3":"status-publish","4":"format-standard","5":"has-post-thumbnail","7":"category-brasilia"},"yoast_head":"<!-- This site is optimized with the Yoast SEO Premium plugin v24.5 (Yoast SEO v27.4) - https:\/\/yoast.com\/product\/yoast-seo-premium-wordpress\/ -->\n<title>Exporta\u00e7\u00e3o de armas de fogo dobrou durante os anos Bolsonaro, revela levantamento in\u00e9dito - P31<\/title>\n<meta name=\"robots\" content=\"index, follow, max-snippet:-1, max-image-preview:large, max-video-preview:-1\" \/>\n<link rel=\"canonical\" href=\"https:\/\/www.p31noticias.com.br\/?p=50990\" \/>\n<meta property=\"og:locale\" content=\"pt_BR\" \/>\n<meta property=\"og:type\" content=\"article\" \/>\n<meta property=\"og:title\" content=\"Exporta\u00e7\u00e3o de armas de fogo dobrou durante os anos Bolsonaro, revela levantamento in\u00e9dito\" \/>\n<meta property=\"og:description\" content=\"Em 3 de mar\u00e7o deste ano, o sargento do Ex\u00e9rcito guatemalteco Cristian Aroldo Heinemann Aguirre, 33, de folga naquele dia, sacou uma pistola brasileira Taurus 9 mm e matou dois homens e uma mulher na sa\u00edda de um show da cantora colombiana Karol G na Cidade da Guatemala, capital do pa\u00eds hom\u00f4nimo da Am\u00e9rica Central. [&hellip;]\" \/>\n<meta property=\"og:url\" content=\"https:\/\/www.p31noticias.com.br\/?p=50990\" \/>\n<meta property=\"og:site_name\" content=\"P31\" \/>\n<meta property=\"article:published_time\" content=\"2024-05-19T13:30:18+00:00\" \/>\n<meta property=\"og:image\" content=\"https:\/\/www.p31noticias.com.br\/wp-content\/uploads\/2024\/05\/Capa_Exportacao-de-armas-de-fogo-dobrou-durante-os-anos-Bolsonaro-revela-levantamento-inedito-DgAXRz-150x150-Sk3zzC.png\" \/>\n\t<meta property=\"og:image:width\" content=\"150\" \/>\n\t<meta property=\"og:image:height\" content=\"150\" \/>\n\t<meta property=\"og:image:type\" content=\"image\/png\" \/>\n<meta name=\"twitter:card\" content=\"summary_large_image\" \/>\n<script type=\"application\/ld+json\" class=\"yoast-schema-graph\">{\"@context\":\"https:\\\/\\\/schema.org\",\"@graph\":[{\"@type\":\"Article\",\"@id\":\"https:\\\/\\\/www.p31noticias.com.br\\\/?p=50990#article\",\"isPartOf\":{\"@id\":\"https:\\\/\\\/www.p31noticias.com.br\\\/?p=50990\"},\"author\":{\"name\":\"\",\"@id\":\"\"},\"headline\":\"Exporta\u00e7\u00e3o de armas de fogo dobrou durante os anos Bolsonaro, revela levantamento in\u00e9dito\",\"datePublished\":\"2024-05-19T13:30:18+00:00\",\"mainEntityOfPage\":{\"@id\":\"https:\\\/\\\/www.p31noticias.com.br\\\/?p=50990\"},\"wordCount\":98,\"commentCount\":0,\"image\":{\"@id\":\"https:\\\/\\\/www.p31noticias.com.br\\\/?p=50990#primaryimage\"},\"thumbnailUrl\":\"https:\\\/\\\/www.p31noticias.com.br\\\/wp-content\\\/uploads\\\/2024\\\/05\\\/Capa_Exportacao-de-armas-de-fogo-dobrou-durante-os-anos-Bolsonaro-revela-levantamento-inedito-DgAXRz-150x150-Sk3zzC.png\",\"articleSection\":[\"Bras\u00edlia\"],\"inLanguage\":\"pt-BR\",\"potentialAction\":[{\"@type\":\"CommentAction\",\"name\":\"Comment\",\"target\":[\"https:\\\/\\\/www.p31noticias.com.br\\\/?p=50990#respond\"]}],\"copyrightYear\":\"2024\",\"copyrightHolder\":{\"@id\":\"https:\\\/\\\/www.p31noticias.com.br\\\/#organization\"}},{\"@type\":\"WebPage\",\"@id\":\"https:\\\/\\\/www.p31noticias.com.br\\\/?p=50990\",\"url\":\"https:\\\/\\\/www.p31noticias.com.br\\\/?p=50990\",\"name\":\"Exporta\u00e7\u00e3o de armas de fogo dobrou durante os anos Bolsonaro, revela levantamento in\u00e9dito - P31\",\"isPartOf\":{\"@id\":\"https:\\\/\\\/www.p31noticias.com.br\\\/#website\"},\"primaryImageOfPage\":{\"@id\":\"https:\\\/\\\/www.p31noticias.com.br\\\/?p=50990#primaryimage\"},\"image\":{\"@id\":\"https:\\\/\\\/www.p31noticias.com.br\\\/?p=50990#primaryimage\"},\"thumbnailUrl\":\"https:\\\/\\\/www.p31noticias.com.br\\\/wp-content\\\/uploads\\\/2024\\\/05\\\/Capa_Exportacao-de-armas-de-fogo-dobrou-durante-os-anos-Bolsonaro-revela-levantamento-inedito-DgAXRz-150x150-Sk3zzC.png\",\"datePublished\":\"2024-05-19T13:30:18+00:00\",\"author\":{\"@id\":\"\"},\"breadcrumb\":{\"@id\":\"https:\\\/\\\/www.p31noticias.com.br\\\/?p=50990#breadcrumb\"},\"inLanguage\":\"pt-BR\",\"potentialAction\":[{\"@type\":\"ReadAction\",\"target\":[\"https:\\\/\\\/www.p31noticias.com.br\\\/?p=50990\"]}]},{\"@type\":\"ImageObject\",\"inLanguage\":\"pt-BR\",\"@id\":\"https:\\\/\\\/www.p31noticias.com.br\\\/?p=50990#primaryimage\",\"url\":\"https:\\\/\\\/www.p31noticias.com.br\\\/wp-content\\\/uploads\\\/2024\\\/05\\\/Capa_Exportacao-de-armas-de-fogo-dobrou-durante-os-anos-Bolsonaro-revela-levantamento-inedito-DgAXRz-150x150-Sk3zzC.png\",\"contentUrl\":\"https:\\\/\\\/www.p31noticias.com.br\\\/wp-content\\\/uploads\\\/2024\\\/05\\\/Capa_Exportacao-de-armas-de-fogo-dobrou-durante-os-anos-Bolsonaro-revela-levantamento-inedito-DgAXRz-150x150-Sk3zzC.png\",\"width\":150,\"height\":150},{\"@type\":\"BreadcrumbList\",\"@id\":\"https:\\\/\\\/www.p31noticias.com.br\\\/?p=50990#breadcrumb\",\"itemListElement\":[{\"@type\":\"ListItem\",\"position\":1,\"name\":\"In\u00edcio\",\"item\":\"https:\\\/\\\/www.p31noticias.com.br\\\/\"},{\"@type\":\"ListItem\",\"position\":2,\"name\":\"Exporta\u00e7\u00e3o de armas de fogo dobrou durante os anos Bolsonaro, revela levantamento in\u00e9dito\"}]},{\"@type\":\"WebSite\",\"@id\":\"https:\\\/\\\/www.p31noticias.com.br\\\/#website\",\"url\":\"https:\\\/\\\/www.p31noticias.com.br\\\/\",\"name\":\"P31\",\"description\":\"NOT\u00cdCIAS\",\"potentialAction\":[{\"@type\":\"SearchAction\",\"target\":{\"@type\":\"EntryPoint\",\"urlTemplate\":\"https:\\\/\\\/www.p31noticias.com.br\\\/?s={search_term_string}\"},\"query-input\":{\"@type\":\"PropertyValueSpecification\",\"valueRequired\":true,\"valueName\":\"search_term_string\"}}],\"inLanguage\":\"pt-BR\"}]}<\/script>\n<!-- \/ Yoast SEO Premium plugin. -->","yoast_head_json":{"title":"Exporta\u00e7\u00e3o de armas de fogo dobrou durante os anos Bolsonaro, revela levantamento in\u00e9dito - P31","robots":{"index":"index","follow":"follow","max-snippet":"max-snippet:-1","max-image-preview":"max-image-preview:large","max-video-preview":"max-video-preview:-1"},"canonical":"https:\/\/www.p31noticias.com.br\/?p=50990","og_locale":"pt_BR","og_type":"article","og_title":"Exporta\u00e7\u00e3o de armas de fogo dobrou durante os anos Bolsonaro, revela levantamento in\u00e9dito","og_description":"Em 3 de mar\u00e7o deste ano, o sargento do Ex\u00e9rcito guatemalteco Cristian Aroldo Heinemann Aguirre, 33, de folga naquele dia, sacou uma pistola brasileira Taurus 9 mm e matou dois homens e uma mulher na sa\u00edda de um show da cantora colombiana Karol G na Cidade da Guatemala, capital do pa\u00eds hom\u00f4nimo da Am\u00e9rica Central. [&hellip;]","og_url":"https:\/\/www.p31noticias.com.br\/?p=50990","og_site_name":"P31","article_published_time":"2024-05-19T13:30:18+00:00","og_image":[{"width":150,"height":150,"url":"https:\/\/www.p31noticias.com.br\/wp-content\/uploads\/2024\/05\/Capa_Exportacao-de-armas-de-fogo-dobrou-durante-os-anos-Bolsonaro-revela-levantamento-inedito-DgAXRz-150x150-Sk3zzC.png","type":"image\/png"}],"twitter_card":"summary_large_image","schema":{"@context":"https:\/\/schema.org","@graph":[{"@type":"Article","@id":"https:\/\/www.p31noticias.com.br\/?p=50990#article","isPartOf":{"@id":"https:\/\/www.p31noticias.com.br\/?p=50990"},"author":{"name":"","@id":""},"headline":"Exporta\u00e7\u00e3o de armas de fogo dobrou durante os anos Bolsonaro, revela levantamento in\u00e9dito","datePublished":"2024-05-19T13:30:18+00:00","mainEntityOfPage":{"@id":"https:\/\/www.p31noticias.com.br\/?p=50990"},"wordCount":98,"commentCount":0,"image":{"@id":"https:\/\/www.p31noticias.com.br\/?p=50990#primaryimage"},"thumbnailUrl":"https:\/\/www.p31noticias.com.br\/wp-content\/uploads\/2024\/05\/Capa_Exportacao-de-armas-de-fogo-dobrou-durante-os-anos-Bolsonaro-revela-levantamento-inedito-DgAXRz-150x150-Sk3zzC.png","articleSection":["Bras\u00edlia"],"inLanguage":"pt-BR","potentialAction":[{"@type":"CommentAction","name":"Comment","target":["https:\/\/www.p31noticias.com.br\/?p=50990#respond"]}],"copyrightYear":"2024","copyrightHolder":{"@id":"https:\/\/www.p31noticias.com.br\/#organization"}},{"@type":"WebPage","@id":"https:\/\/www.p31noticias.com.br\/?p=50990","url":"https:\/\/www.p31noticias.com.br\/?p=50990","name":"Exporta\u00e7\u00e3o de armas de fogo dobrou durante os anos Bolsonaro, revela levantamento in\u00e9dito - P31","isPartOf":{"@id":"https:\/\/www.p31noticias.com.br\/#website"},"primaryImageOfPage":{"@id":"https:\/\/www.p31noticias.com.br\/?p=50990#primaryimage"},"image":{"@id":"https:\/\/www.p31noticias.com.br\/?p=50990#primaryimage"},"thumbnailUrl":"https:\/\/www.p31noticias.com.br\/wp-content\/uploads\/2024\/05\/Capa_Exportacao-de-armas-de-fogo-dobrou-durante-os-anos-Bolsonaro-revela-levantamento-inedito-DgAXRz-150x150-Sk3zzC.png","datePublished":"2024-05-19T13:30:18+00:00","author":{"@id":""},"breadcrumb":{"@id":"https:\/\/www.p31noticias.com.br\/?p=50990#breadcrumb"},"inLanguage":"pt-BR","potentialAction":[{"@type":"ReadAction","target":["https:\/\/www.p31noticias.com.br\/?p=50990"]}]},{"@type":"ImageObject","inLanguage":"pt-BR","@id":"https:\/\/www.p31noticias.com.br\/?p=50990#primaryimage","url":"https:\/\/www.p31noticias.com.br\/wp-content\/uploads\/2024\/05\/Capa_Exportacao-de-armas-de-fogo-dobrou-durante-os-anos-Bolsonaro-revela-levantamento-inedito-DgAXRz-150x150-Sk3zzC.png","contentUrl":"https:\/\/www.p31noticias.com.br\/wp-content\/uploads\/2024\/05\/Capa_Exportacao-de-armas-de-fogo-dobrou-durante-os-anos-Bolsonaro-revela-levantamento-inedito-DgAXRz-150x150-Sk3zzC.png","width":150,"height":150},{"@type":"BreadcrumbList","@id":"https:\/\/www.p31noticias.com.br\/?p=50990#breadcrumb","itemListElement":[{"@type":"ListItem","position":1,"name":"In\u00edcio","item":"https:\/\/www.p31noticias.com.br\/"},{"@type":"ListItem","position":2,"name":"Exporta\u00e7\u00e3o de armas de fogo dobrou durante os anos Bolsonaro, revela levantamento in\u00e9dito"}]},{"@type":"WebSite","@id":"https:\/\/www.p31noticias.com.br\/#website","url":"https:\/\/www.p31noticias.com.br\/","name":"P31","description":"NOT\u00cdCIAS","potentialAction":[{"@type":"SearchAction","target":{"@type":"EntryPoint","urlTemplate":"https:\/\/www.p31noticias.com.br\/?s={search_term_string}"},"query-input":{"@type":"PropertyValueSpecification","valueRequired":true,"valueName":"search_term_string"}}],"inLanguage":"pt-BR"}]}},"amp_enabled":true,"_links":{"self":[{"href":"https:\/\/www.p31noticias.com.br\/index.php?rest_route=\/wp\/v2\/posts\/50990","targetHints":{"allow":["GET"]}}],"collection":[{"href":"https:\/\/www.p31noticias.com.br\/index.php?rest_route=\/wp\/v2\/posts"}],"about":[{"href":"https:\/\/www.p31noticias.com.br\/index.php?rest_route=\/wp\/v2\/types\/post"}],"replies":[{"embeddable":true,"href":"https:\/\/www.p31noticias.com.br\/index.php?rest_route=%2Fwp%2Fv2%2Fcomments&post=50990"}],"version-history":[{"count":0,"href":"https:\/\/www.p31noticias.com.br\/index.php?rest_route=\/wp\/v2\/posts\/50990\/revisions"}],"wp:featuredmedia":[{"embeddable":true,"href":"https:\/\/www.p31noticias.com.br\/index.php?rest_route=\/wp\/v2\/media\/50991"}],"wp:attachment":[{"href":"https:\/\/www.p31noticias.com.br\/index.php?rest_route=%2Fwp%2Fv2%2Fmedia&parent=50990"}],"wp:term":[{"taxonomy":"category","embeddable":true,"href":"https:\/\/www.p31noticias.com.br\/index.php?rest_route=%2Fwp%2Fv2%2Fcategories&post=50990"},{"taxonomy":"post_tag","embeddable":true,"href":"https:\/\/www.p31noticias.com.br\/index.php?rest_route=%2Fwp%2Fv2%2Ftags&post=50990"}],"curies":[{"name":"wp","href":"https:\/\/api.w.org\/{rel}","templated":true}]}}