{"id":50946,"date":"2024-05-18T15:30:15","date_gmt":"2024-05-18T18:30:15","guid":{"rendered":"https:\/\/p31noticias.com.br\/passageiros-de-sao-sebastiao-e-de-santa-maria-ganham-novas-linhas-de-onibus\/"},"modified":"2024-05-18T15:30:15","modified_gmt":"2024-05-18T18:30:15","slug":"passageiros-de-sao-sebastiao-e-de-santa-maria-ganham-novas-linhas-de-onibus","status":"publish","type":"post","link":"https:\/\/www.p31noticias.com.br\/?p=50946","title":{"rendered":"Passageiros de S\u00e3o Sebasti\u00e3o e de Santa Maria ganham novas linhas de \u00f4nibus"},"content":{"rendered":"<p>Mais transporte p\u00fablico para os moradores do Noroeste Linhas de \u00f4nibus de \u00c1gua Quente ganham mais hor\u00e1rios a partir de s\u00e1bado (18) Os passageiros de S\u00e3o Sebasti\u00e3o e de Santa Maria v\u00e3o passar a contar com refor\u00e7o no transporte p\u00fablico a partir desta segunda-feira (20), com novas linhas e mais hor\u00e1rios. A medida, adotada pela [\u2026]<\/p>\n<p>O post <a href=\"https:\/\/www.delioandrade.com.br\/passageiros-de-sao-sebastiao-e-de-santa-maria-ganham-novas-linhas-de-onibus\/\">Passageiros de S\u00e3o Sebasti\u00e3o e de Santa Maria ganham novas linhas de \u00f4nibus<\/a> apareceu primeiro em <a href=\"https:\/\/www.delioandrade.com.br\/\">Blog do D\u00c9LIO ANDRADE<\/a>.<\/p>\n","protected":false},"excerpt":{"rendered":"<p>Mais transporte p\u00fablico para os moradores do Noroeste Linhas de \u00f4nibus de \u00c1gua Quente ganham mais hor\u00e1rios a partir de s\u00e1bado (18) Os passageiros de S\u00e3o Sebasti\u00e3o e de Santa Maria v\u00e3o passar a contar com refor\u00e7o no transporte p\u00fablico a partir desta segunda-feira (20), com novas linhas e mais hor\u00e1rios. A medida, adotada pela [&hellip;]<\/p>\n","protected":false},"author":0,"featured_media":50947,"comment_status":"open","ping_status":"open","sticky":false,"template":"","format":"standard","meta":{"footnotes":""},"categories":[21],"tags":[],"class_list":{"0":"post-50946","1":"post","2":"type-post","3":"status-publish","4":"format-standard","5":"has-post-thumbnail","7":"category-brasilia"},"yoast_head":"<!-- This site is optimized with the Yoast SEO Premium plugin v24.5 (Yoast SEO v27.4) - https:\/\/yoast.com\/product\/yoast-seo-premium-wordpress\/ -->\n<title>Passageiros de S\u00e3o Sebasti\u00e3o e de Santa Maria ganham novas linhas de \u00f4nibus - P31<\/title>\n<meta name=\"robots\" content=\"index, follow, max-snippet:-1, max-image-preview:large, max-video-preview:-1\" \/>\n<link rel=\"canonical\" href=\"https:\/\/www.p31noticias.com.br\/?p=50946\" \/>\n<meta property=\"og:locale\" content=\"pt_BR\" \/>\n<meta property=\"og:type\" content=\"article\" \/>\n<meta property=\"og:title\" content=\"Passageiros de S\u00e3o Sebasti\u00e3o e de Santa Maria ganham novas linhas de \u00f4nibus\" \/>\n<meta property=\"og:description\" content=\"Mais transporte p\u00fablico para os moradores do Noroeste Linhas de \u00f4nibus de \u00c1gua Quente ganham mais hor\u00e1rios a partir de s\u00e1bado (18) Os passageiros de S\u00e3o Sebasti\u00e3o e de Santa Maria v\u00e3o passar a contar com refor\u00e7o no transporte p\u00fablico a partir desta segunda-feira (20), com novas linhas e mais hor\u00e1rios. A medida, adotada pela [&hellip;]\" \/>\n<meta property=\"og:url\" content=\"https:\/\/www.p31noticias.com.br\/?p=50946\" \/>\n<meta property=\"og:site_name\" content=\"P31\" \/>\n<meta property=\"article:published_time\" content=\"2024-05-18T18:30:15+00:00\" \/>\n<meta property=\"og:image\" content=\"https:\/\/www.p31noticias.com.br\/wp-content\/uploads\/2024\/05\/17.5.-Novos-onibus-para-Santa-Maria.-Foto-Divulgacao-Semob-TPKqQW-150x150-3pult5.jpeg\" \/>\n\t<meta property=\"og:image:width\" content=\"150\" \/>\n\t<meta property=\"og:image:height\" content=\"150\" \/>\n\t<meta property=\"og:image:type\" content=\"image\/jpeg\" \/>\n<meta name=\"twitter:card\" content=\"summary_large_image\" \/>\n<script type=\"application\/ld+json\" class=\"yoast-schema-graph\">{\"@context\":\"https:\\\/\\\/schema.org\",\"@graph\":[{\"@type\":\"Article\",\"@id\":\"https:\\\/\\\/www.p31noticias.com.br\\\/?p=50946#article\",\"isPartOf\":{\"@id\":\"https:\\\/\\\/www.p31noticias.com.br\\\/?p=50946\"},\"author\":{\"name\":\"\",\"@id\":\"\"},\"headline\":\"Passageiros de S\u00e3o Sebasti\u00e3o e de Santa Maria ganham novas linhas de \u00f4nibus\",\"datePublished\":\"2024-05-18T18:30:15+00:00\",\"mainEntityOfPage\":{\"@id\":\"https:\\\/\\\/www.p31noticias.com.br\\\/?p=50946\"},\"wordCount\":102,\"commentCount\":0,\"image\":{\"@id\":\"https:\\\/\\\/www.p31noticias.com.br\\\/?p=50946#primaryimage\"},\"thumbnailUrl\":\"https:\\\/\\\/www.p31noticias.com.br\\\/wp-content\\\/uploads\\\/2024\\\/05\\\/17.5.-Novos-onibus-para-Santa-Maria.-Foto-Divulgacao-Semob-TPKqQW-150x150-3pult5.jpeg\",\"articleSection\":[\"Bras\u00edlia\"],\"inLanguage\":\"pt-BR\",\"potentialAction\":[{\"@type\":\"CommentAction\",\"name\":\"Comment\",\"target\":[\"https:\\\/\\\/www.p31noticias.com.br\\\/?p=50946#respond\"]}],\"copyrightYear\":\"2024\",\"copyrightHolder\":{\"@id\":\"https:\\\/\\\/www.p31noticias.com.br\\\/#organization\"}},{\"@type\":\"WebPage\",\"@id\":\"https:\\\/\\\/www.p31noticias.com.br\\\/?p=50946\",\"url\":\"https:\\\/\\\/www.p31noticias.com.br\\\/?p=50946\",\"name\":\"Passageiros de S\u00e3o Sebasti\u00e3o e de Santa Maria ganham novas linhas de \u00f4nibus - P31\",\"isPartOf\":{\"@id\":\"https:\\\/\\\/www.p31noticias.com.br\\\/#website\"},\"primaryImageOfPage\":{\"@id\":\"https:\\\/\\\/www.p31noticias.com.br\\\/?p=50946#primaryimage\"},\"image\":{\"@id\":\"https:\\\/\\\/www.p31noticias.com.br\\\/?p=50946#primaryimage\"},\"thumbnailUrl\":\"https:\\\/\\\/www.p31noticias.com.br\\\/wp-content\\\/uploads\\\/2024\\\/05\\\/17.5.-Novos-onibus-para-Santa-Maria.-Foto-Divulgacao-Semob-TPKqQW-150x150-3pult5.jpeg\",\"datePublished\":\"2024-05-18T18:30:15+00:00\",\"author\":{\"@id\":\"\"},\"breadcrumb\":{\"@id\":\"https:\\\/\\\/www.p31noticias.com.br\\\/?p=50946#breadcrumb\"},\"inLanguage\":\"pt-BR\",\"potentialAction\":[{\"@type\":\"ReadAction\",\"target\":[\"https:\\\/\\\/www.p31noticias.com.br\\\/?p=50946\"]}]},{\"@type\":\"ImageObject\",\"inLanguage\":\"pt-BR\",\"@id\":\"https:\\\/\\\/www.p31noticias.com.br\\\/?p=50946#primaryimage\",\"url\":\"https:\\\/\\\/www.p31noticias.com.br\\\/wp-content\\\/uploads\\\/2024\\\/05\\\/17.5.-Novos-onibus-para-Santa-Maria.-Foto-Divulgacao-Semob-TPKqQW-150x150-3pult5.jpeg\",\"contentUrl\":\"https:\\\/\\\/www.p31noticias.com.br\\\/wp-content\\\/uploads\\\/2024\\\/05\\\/17.5.-Novos-onibus-para-Santa-Maria.-Foto-Divulgacao-Semob-TPKqQW-150x150-3pult5.jpeg\",\"width\":150,\"height\":150},{\"@type\":\"BreadcrumbList\",\"@id\":\"https:\\\/\\\/www.p31noticias.com.br\\\/?p=50946#breadcrumb\",\"itemListElement\":[{\"@type\":\"ListItem\",\"position\":1,\"name\":\"In\u00edcio\",\"item\":\"https:\\\/\\\/www.p31noticias.com.br\\\/\"},{\"@type\":\"ListItem\",\"position\":2,\"name\":\"Passageiros de S\u00e3o Sebasti\u00e3o e de Santa Maria ganham novas linhas de \u00f4nibus\"}]},{\"@type\":\"WebSite\",\"@id\":\"https:\\\/\\\/www.p31noticias.com.br\\\/#website\",\"url\":\"https:\\\/\\\/www.p31noticias.com.br\\\/\",\"name\":\"P31\",\"description\":\"NOT\u00cdCIAS\",\"potentialAction\":[{\"@type\":\"SearchAction\",\"target\":{\"@type\":\"EntryPoint\",\"urlTemplate\":\"https:\\\/\\\/www.p31noticias.com.br\\\/?s={search_term_string}\"},\"query-input\":{\"@type\":\"PropertyValueSpecification\",\"valueRequired\":true,\"valueName\":\"search_term_string\"}}],\"inLanguage\":\"pt-BR\"}]}<\/script>\n<!-- \/ Yoast SEO Premium plugin. -->","yoast_head_json":{"title":"Passageiros de S\u00e3o Sebasti\u00e3o e de Santa Maria ganham novas linhas de \u00f4nibus - P31","robots":{"index":"index","follow":"follow","max-snippet":"max-snippet:-1","max-image-preview":"max-image-preview:large","max-video-preview":"max-video-preview:-1"},"canonical":"https:\/\/www.p31noticias.com.br\/?p=50946","og_locale":"pt_BR","og_type":"article","og_title":"Passageiros de S\u00e3o Sebasti\u00e3o e de Santa Maria ganham novas linhas de \u00f4nibus","og_description":"Mais transporte p\u00fablico para os moradores do Noroeste Linhas de \u00f4nibus de \u00c1gua Quente ganham mais hor\u00e1rios a partir de s\u00e1bado (18) Os passageiros de S\u00e3o Sebasti\u00e3o e de Santa Maria v\u00e3o passar a contar com refor\u00e7o no transporte p\u00fablico a partir desta segunda-feira (20), com novas linhas e mais hor\u00e1rios. A medida, adotada pela [&hellip;]","og_url":"https:\/\/www.p31noticias.com.br\/?p=50946","og_site_name":"P31","article_published_time":"2024-05-18T18:30:15+00:00","og_image":[{"width":150,"height":150,"url":"https:\/\/www.p31noticias.com.br\/wp-content\/uploads\/2024\/05\/17.5.-Novos-onibus-para-Santa-Maria.-Foto-Divulgacao-Semob-TPKqQW-150x150-3pult5.jpeg","type":"image\/jpeg"}],"twitter_card":"summary_large_image","schema":{"@context":"https:\/\/schema.org","@graph":[{"@type":"Article","@id":"https:\/\/www.p31noticias.com.br\/?p=50946#article","isPartOf":{"@id":"https:\/\/www.p31noticias.com.br\/?p=50946"},"author":{"name":"","@id":""},"headline":"Passageiros de S\u00e3o Sebasti\u00e3o e de Santa Maria ganham novas linhas de \u00f4nibus","datePublished":"2024-05-18T18:30:15+00:00","mainEntityOfPage":{"@id":"https:\/\/www.p31noticias.com.br\/?p=50946"},"wordCount":102,"commentCount":0,"image":{"@id":"https:\/\/www.p31noticias.com.br\/?p=50946#primaryimage"},"thumbnailUrl":"https:\/\/www.p31noticias.com.br\/wp-content\/uploads\/2024\/05\/17.5.-Novos-onibus-para-Santa-Maria.-Foto-Divulgacao-Semob-TPKqQW-150x150-3pult5.jpeg","articleSection":["Bras\u00edlia"],"inLanguage":"pt-BR","potentialAction":[{"@type":"CommentAction","name":"Comment","target":["https:\/\/www.p31noticias.com.br\/?p=50946#respond"]}],"copyrightYear":"2024","copyrightHolder":{"@id":"https:\/\/www.p31noticias.com.br\/#organization"}},{"@type":"WebPage","@id":"https:\/\/www.p31noticias.com.br\/?p=50946","url":"https:\/\/www.p31noticias.com.br\/?p=50946","name":"Passageiros de S\u00e3o Sebasti\u00e3o e de Santa Maria ganham novas linhas de \u00f4nibus - P31","isPartOf":{"@id":"https:\/\/www.p31noticias.com.br\/#website"},"primaryImageOfPage":{"@id":"https:\/\/www.p31noticias.com.br\/?p=50946#primaryimage"},"image":{"@id":"https:\/\/www.p31noticias.com.br\/?p=50946#primaryimage"},"thumbnailUrl":"https:\/\/www.p31noticias.com.br\/wp-content\/uploads\/2024\/05\/17.5.-Novos-onibus-para-Santa-Maria.-Foto-Divulgacao-Semob-TPKqQW-150x150-3pult5.jpeg","datePublished":"2024-05-18T18:30:15+00:00","author":{"@id":""},"breadcrumb":{"@id":"https:\/\/www.p31noticias.com.br\/?p=50946#breadcrumb"},"inLanguage":"pt-BR","potentialAction":[{"@type":"ReadAction","target":["https:\/\/www.p31noticias.com.br\/?p=50946"]}]},{"@type":"ImageObject","inLanguage":"pt-BR","@id":"https:\/\/www.p31noticias.com.br\/?p=50946#primaryimage","url":"https:\/\/www.p31noticias.com.br\/wp-content\/uploads\/2024\/05\/17.5.-Novos-onibus-para-Santa-Maria.-Foto-Divulgacao-Semob-TPKqQW-150x150-3pult5.jpeg","contentUrl":"https:\/\/www.p31noticias.com.br\/wp-content\/uploads\/2024\/05\/17.5.-Novos-onibus-para-Santa-Maria.-Foto-Divulgacao-Semob-TPKqQW-150x150-3pult5.jpeg","width":150,"height":150},{"@type":"BreadcrumbList","@id":"https:\/\/www.p31noticias.com.br\/?p=50946#breadcrumb","itemListElement":[{"@type":"ListItem","position":1,"name":"In\u00edcio","item":"https:\/\/www.p31noticias.com.br\/"},{"@type":"ListItem","position":2,"name":"Passageiros de S\u00e3o Sebasti\u00e3o e de Santa Maria ganham novas linhas de \u00f4nibus"}]},{"@type":"WebSite","@id":"https:\/\/www.p31noticias.com.br\/#website","url":"https:\/\/www.p31noticias.com.br\/","name":"P31","description":"NOT\u00cdCIAS","potentialAction":[{"@type":"SearchAction","target":{"@type":"EntryPoint","urlTemplate":"https:\/\/www.p31noticias.com.br\/?s={search_term_string}"},"query-input":{"@type":"PropertyValueSpecification","valueRequired":true,"valueName":"search_term_string"}}],"inLanguage":"pt-BR"}]}},"amp_enabled":true,"_links":{"self":[{"href":"https:\/\/www.p31noticias.com.br\/index.php?rest_route=\/wp\/v2\/posts\/50946","targetHints":{"allow":["GET"]}}],"collection":[{"href":"https:\/\/www.p31noticias.com.br\/index.php?rest_route=\/wp\/v2\/posts"}],"about":[{"href":"https:\/\/www.p31noticias.com.br\/index.php?rest_route=\/wp\/v2\/types\/post"}],"replies":[{"embeddable":true,"href":"https:\/\/www.p31noticias.com.br\/index.php?rest_route=%2Fwp%2Fv2%2Fcomments&post=50946"}],"version-history":[{"count":0,"href":"https:\/\/www.p31noticias.com.br\/index.php?rest_route=\/wp\/v2\/posts\/50946\/revisions"}],"wp:featuredmedia":[{"embeddable":true,"href":"https:\/\/www.p31noticias.com.br\/index.php?rest_route=\/wp\/v2\/media\/50947"}],"wp:attachment":[{"href":"https:\/\/www.p31noticias.com.br\/index.php?rest_route=%2Fwp%2Fv2%2Fmedia&parent=50946"}],"wp:term":[{"taxonomy":"category","embeddable":true,"href":"https:\/\/www.p31noticias.com.br\/index.php?rest_route=%2Fwp%2Fv2%2Fcategories&post=50946"},{"taxonomy":"post_tag","embeddable":true,"href":"https:\/\/www.p31noticias.com.br\/index.php?rest_route=%2Fwp%2Fv2%2Ftags&post=50946"}],"curies":[{"name":"wp","href":"https:\/\/api.w.org\/{rel}","templated":true}]}}