{"id":50932,"date":"2024-05-18T12:33:10","date_gmt":"2024-05-18T15:33:10","guid":{"rendered":"https:\/\/p31noticias.com.br\/praticita-comemora-2-anos-de-tradicao-na-asa-norte\/"},"modified":"2024-05-18T12:33:10","modified_gmt":"2024-05-18T15:33:10","slug":"praticita-comemora-2-anos-de-tradicao-na-asa-norte","status":"publish","type":"post","link":"https:\/\/www.p31noticias.com.br\/?p=50932","title":{"rendered":"Praticit\u00e1 comemora 2 anos de tradi\u00e7\u00e3o na Asa Norte"},"content":{"rendered":"<p>\u00a0 O local conta com buffet diverso, cartela de sucos, saladas, pratos e sobremesas com funcionamento de segunda a s\u00e1bado e feriados no almo\u00e7o A pandemia de covid-19 afetou diversos setores, principalmente econ\u00f4micos, com o fechamento de diversos empreendimentos tradicionais. Em contrapartida houve um aumento significativo de registros de pequenos neg\u00f3cios e empreendedores depois da [\u2026]<\/p>\n<p>O post <a href=\"https:\/\/www.delioandrade.com.br\/praticita-comemora-2-anos-de-tradicao-na-asa-norte\/\">Praticit\u00e1 comemora 2 anos de tradi\u00e7\u00e3o na Asa Norte<\/a> apareceu primeiro em <a href=\"https:\/\/www.delioandrade.com.br\/\">Blog do D\u00c9LIO ANDRADE<\/a>.<\/p>\n","protected":false},"excerpt":{"rendered":"<p>\u00a0 O local conta com buffet diverso, cartela de sucos, saladas, pratos e sobremesas com funcionamento de segunda a s\u00e1bado e feriados no almo\u00e7o A pandemia de covid-19 afetou diversos setores, principalmente econ\u00f4micos, com o fechamento de diversos empreendimentos tradicionais. Em contrapartida houve um aumento significativo de registros de pequenos neg\u00f3cios e empreendedores depois da [&hellip;]<\/p>\n","protected":false},"author":0,"featured_media":50933,"comment_status":"open","ping_status":"open","sticky":false,"template":"","format":"standard","meta":{"footnotes":""},"categories":[21],"tags":[],"class_list":{"0":"post-50932","1":"post","2":"type-post","3":"status-publish","4":"format-standard","5":"has-post-thumbnail","7":"category-brasilia"},"yoast_head":"<!-- This site is optimized with the Yoast SEO Premium plugin v24.5 (Yoast SEO v27.4) - https:\/\/yoast.com\/product\/yoast-seo-premium-wordpress\/ -->\n<title>Praticit\u00e1 comemora 2 anos de tradi\u00e7\u00e3o na Asa Norte - P31<\/title>\n<meta name=\"robots\" content=\"index, follow, max-snippet:-1, max-image-preview:large, max-video-preview:-1\" \/>\n<link rel=\"canonical\" href=\"https:\/\/www.p31noticias.com.br\/?p=50932\" \/>\n<meta property=\"og:locale\" content=\"pt_BR\" \/>\n<meta property=\"og:type\" content=\"article\" \/>\n<meta property=\"og:title\" content=\"Praticit\u00e1 comemora 2 anos de tradi\u00e7\u00e3o na Asa Norte\" \/>\n<meta property=\"og:description\" content=\"\u00a0 O local conta com buffet diverso, cartela de sucos, saladas, pratos e sobremesas com funcionamento de segunda a s\u00e1bado e feriados no almo\u00e7o A pandemia de covid-19 afetou diversos setores, principalmente econ\u00f4micos, com o fechamento de diversos empreendimentos tradicionais. Em contrapartida houve um aumento significativo de registros de pequenos neg\u00f3cios e empreendedores depois da [&hellip;]\" \/>\n<meta property=\"og:url\" content=\"https:\/\/www.p31noticias.com.br\/?p=50932\" \/>\n<meta property=\"og:site_name\" content=\"P31\" \/>\n<meta property=\"article:published_time\" content=\"2024-05-18T15:33:10+00:00\" \/>\n<meta property=\"og:image\" content=\"https:\/\/www.p31noticias.com.br\/wp-content\/uploads\/2024\/05\/praticita-150x150-xpX0Gc-aVKacF.jpeg\" \/>\n\t<meta property=\"og:image:width\" content=\"150\" \/>\n\t<meta property=\"og:image:height\" content=\"150\" \/>\n\t<meta property=\"og:image:type\" content=\"image\/jpeg\" \/>\n<meta name=\"twitter:card\" content=\"summary_large_image\" \/>\n<script type=\"application\/ld+json\" class=\"yoast-schema-graph\">{\"@context\":\"https:\\\/\\\/schema.org\",\"@graph\":[{\"@type\":\"Article\",\"@id\":\"https:\\\/\\\/www.p31noticias.com.br\\\/?p=50932#article\",\"isPartOf\":{\"@id\":\"https:\\\/\\\/www.p31noticias.com.br\\\/?p=50932\"},\"author\":{\"name\":\"\",\"@id\":\"\"},\"headline\":\"Praticit\u00e1 comemora 2 anos de tradi\u00e7\u00e3o na Asa Norte\",\"datePublished\":\"2024-05-18T15:33:10+00:00\",\"mainEntityOfPage\":{\"@id\":\"https:\\\/\\\/www.p31noticias.com.br\\\/?p=50932\"},\"wordCount\":86,\"commentCount\":0,\"image\":{\"@id\":\"https:\\\/\\\/www.p31noticias.com.br\\\/?p=50932#primaryimage\"},\"thumbnailUrl\":\"https:\\\/\\\/www.p31noticias.com.br\\\/wp-content\\\/uploads\\\/2024\\\/05\\\/praticita-150x150-xpX0Gc-aVKacF.jpeg\",\"articleSection\":[\"Bras\u00edlia\"],\"inLanguage\":\"pt-BR\",\"potentialAction\":[{\"@type\":\"CommentAction\",\"name\":\"Comment\",\"target\":[\"https:\\\/\\\/www.p31noticias.com.br\\\/?p=50932#respond\"]}],\"copyrightYear\":\"2024\",\"copyrightHolder\":{\"@id\":\"https:\\\/\\\/www.p31noticias.com.br\\\/#organization\"}},{\"@type\":\"WebPage\",\"@id\":\"https:\\\/\\\/www.p31noticias.com.br\\\/?p=50932\",\"url\":\"https:\\\/\\\/www.p31noticias.com.br\\\/?p=50932\",\"name\":\"Praticit\u00e1 comemora 2 anos de tradi\u00e7\u00e3o na Asa Norte - P31\",\"isPartOf\":{\"@id\":\"https:\\\/\\\/www.p31noticias.com.br\\\/#website\"},\"primaryImageOfPage\":{\"@id\":\"https:\\\/\\\/www.p31noticias.com.br\\\/?p=50932#primaryimage\"},\"image\":{\"@id\":\"https:\\\/\\\/www.p31noticias.com.br\\\/?p=50932#primaryimage\"},\"thumbnailUrl\":\"https:\\\/\\\/www.p31noticias.com.br\\\/wp-content\\\/uploads\\\/2024\\\/05\\\/praticita-150x150-xpX0Gc-aVKacF.jpeg\",\"datePublished\":\"2024-05-18T15:33:10+00:00\",\"author\":{\"@id\":\"\"},\"breadcrumb\":{\"@id\":\"https:\\\/\\\/www.p31noticias.com.br\\\/?p=50932#breadcrumb\"},\"inLanguage\":\"pt-BR\",\"potentialAction\":[{\"@type\":\"ReadAction\",\"target\":[\"https:\\\/\\\/www.p31noticias.com.br\\\/?p=50932\"]}]},{\"@type\":\"ImageObject\",\"inLanguage\":\"pt-BR\",\"@id\":\"https:\\\/\\\/www.p31noticias.com.br\\\/?p=50932#primaryimage\",\"url\":\"https:\\\/\\\/www.p31noticias.com.br\\\/wp-content\\\/uploads\\\/2024\\\/05\\\/praticita-150x150-xpX0Gc-aVKacF.jpeg\",\"contentUrl\":\"https:\\\/\\\/www.p31noticias.com.br\\\/wp-content\\\/uploads\\\/2024\\\/05\\\/praticita-150x150-xpX0Gc-aVKacF.jpeg\",\"width\":150,\"height\":150},{\"@type\":\"BreadcrumbList\",\"@id\":\"https:\\\/\\\/www.p31noticias.com.br\\\/?p=50932#breadcrumb\",\"itemListElement\":[{\"@type\":\"ListItem\",\"position\":1,\"name\":\"In\u00edcio\",\"item\":\"https:\\\/\\\/www.p31noticias.com.br\\\/\"},{\"@type\":\"ListItem\",\"position\":2,\"name\":\"Praticit\u00e1 comemora 2 anos de tradi\u00e7\u00e3o na Asa Norte\"}]},{\"@type\":\"WebSite\",\"@id\":\"https:\\\/\\\/www.p31noticias.com.br\\\/#website\",\"url\":\"https:\\\/\\\/www.p31noticias.com.br\\\/\",\"name\":\"P31\",\"description\":\"NOT\u00cdCIAS\",\"potentialAction\":[{\"@type\":\"SearchAction\",\"target\":{\"@type\":\"EntryPoint\",\"urlTemplate\":\"https:\\\/\\\/www.p31noticias.com.br\\\/?s={search_term_string}\"},\"query-input\":{\"@type\":\"PropertyValueSpecification\",\"valueRequired\":true,\"valueName\":\"search_term_string\"}}],\"inLanguage\":\"pt-BR\"}]}<\/script>\n<!-- \/ Yoast SEO Premium plugin. -->","yoast_head_json":{"title":"Praticit\u00e1 comemora 2 anos de tradi\u00e7\u00e3o na Asa Norte - P31","robots":{"index":"index","follow":"follow","max-snippet":"max-snippet:-1","max-image-preview":"max-image-preview:large","max-video-preview":"max-video-preview:-1"},"canonical":"https:\/\/www.p31noticias.com.br\/?p=50932","og_locale":"pt_BR","og_type":"article","og_title":"Praticit\u00e1 comemora 2 anos de tradi\u00e7\u00e3o na Asa Norte","og_description":"\u00a0 O local conta com buffet diverso, cartela de sucos, saladas, pratos e sobremesas com funcionamento de segunda a s\u00e1bado e feriados no almo\u00e7o A pandemia de covid-19 afetou diversos setores, principalmente econ\u00f4micos, com o fechamento de diversos empreendimentos tradicionais. Em contrapartida houve um aumento significativo de registros de pequenos neg\u00f3cios e empreendedores depois da [&hellip;]","og_url":"https:\/\/www.p31noticias.com.br\/?p=50932","og_site_name":"P31","article_published_time":"2024-05-18T15:33:10+00:00","og_image":[{"width":150,"height":150,"url":"https:\/\/www.p31noticias.com.br\/wp-content\/uploads\/2024\/05\/praticita-150x150-xpX0Gc-aVKacF.jpeg","type":"image\/jpeg"}],"twitter_card":"summary_large_image","schema":{"@context":"https:\/\/schema.org","@graph":[{"@type":"Article","@id":"https:\/\/www.p31noticias.com.br\/?p=50932#article","isPartOf":{"@id":"https:\/\/www.p31noticias.com.br\/?p=50932"},"author":{"name":"","@id":""},"headline":"Praticit\u00e1 comemora 2 anos de tradi\u00e7\u00e3o na Asa Norte","datePublished":"2024-05-18T15:33:10+00:00","mainEntityOfPage":{"@id":"https:\/\/www.p31noticias.com.br\/?p=50932"},"wordCount":86,"commentCount":0,"image":{"@id":"https:\/\/www.p31noticias.com.br\/?p=50932#primaryimage"},"thumbnailUrl":"https:\/\/www.p31noticias.com.br\/wp-content\/uploads\/2024\/05\/praticita-150x150-xpX0Gc-aVKacF.jpeg","articleSection":["Bras\u00edlia"],"inLanguage":"pt-BR","potentialAction":[{"@type":"CommentAction","name":"Comment","target":["https:\/\/www.p31noticias.com.br\/?p=50932#respond"]}],"copyrightYear":"2024","copyrightHolder":{"@id":"https:\/\/www.p31noticias.com.br\/#organization"}},{"@type":"WebPage","@id":"https:\/\/www.p31noticias.com.br\/?p=50932","url":"https:\/\/www.p31noticias.com.br\/?p=50932","name":"Praticit\u00e1 comemora 2 anos de tradi\u00e7\u00e3o na Asa Norte - P31","isPartOf":{"@id":"https:\/\/www.p31noticias.com.br\/#website"},"primaryImageOfPage":{"@id":"https:\/\/www.p31noticias.com.br\/?p=50932#primaryimage"},"image":{"@id":"https:\/\/www.p31noticias.com.br\/?p=50932#primaryimage"},"thumbnailUrl":"https:\/\/www.p31noticias.com.br\/wp-content\/uploads\/2024\/05\/praticita-150x150-xpX0Gc-aVKacF.jpeg","datePublished":"2024-05-18T15:33:10+00:00","author":{"@id":""},"breadcrumb":{"@id":"https:\/\/www.p31noticias.com.br\/?p=50932#breadcrumb"},"inLanguage":"pt-BR","potentialAction":[{"@type":"ReadAction","target":["https:\/\/www.p31noticias.com.br\/?p=50932"]}]},{"@type":"ImageObject","inLanguage":"pt-BR","@id":"https:\/\/www.p31noticias.com.br\/?p=50932#primaryimage","url":"https:\/\/www.p31noticias.com.br\/wp-content\/uploads\/2024\/05\/praticita-150x150-xpX0Gc-aVKacF.jpeg","contentUrl":"https:\/\/www.p31noticias.com.br\/wp-content\/uploads\/2024\/05\/praticita-150x150-xpX0Gc-aVKacF.jpeg","width":150,"height":150},{"@type":"BreadcrumbList","@id":"https:\/\/www.p31noticias.com.br\/?p=50932#breadcrumb","itemListElement":[{"@type":"ListItem","position":1,"name":"In\u00edcio","item":"https:\/\/www.p31noticias.com.br\/"},{"@type":"ListItem","position":2,"name":"Praticit\u00e1 comemora 2 anos de tradi\u00e7\u00e3o na Asa Norte"}]},{"@type":"WebSite","@id":"https:\/\/www.p31noticias.com.br\/#website","url":"https:\/\/www.p31noticias.com.br\/","name":"P31","description":"NOT\u00cdCIAS","potentialAction":[{"@type":"SearchAction","target":{"@type":"EntryPoint","urlTemplate":"https:\/\/www.p31noticias.com.br\/?s={search_term_string}"},"query-input":{"@type":"PropertyValueSpecification","valueRequired":true,"valueName":"search_term_string"}}],"inLanguage":"pt-BR"}]}},"amp_enabled":true,"_links":{"self":[{"href":"https:\/\/www.p31noticias.com.br\/index.php?rest_route=\/wp\/v2\/posts\/50932","targetHints":{"allow":["GET"]}}],"collection":[{"href":"https:\/\/www.p31noticias.com.br\/index.php?rest_route=\/wp\/v2\/posts"}],"about":[{"href":"https:\/\/www.p31noticias.com.br\/index.php?rest_route=\/wp\/v2\/types\/post"}],"replies":[{"embeddable":true,"href":"https:\/\/www.p31noticias.com.br\/index.php?rest_route=%2Fwp%2Fv2%2Fcomments&post=50932"}],"version-history":[{"count":0,"href":"https:\/\/www.p31noticias.com.br\/index.php?rest_route=\/wp\/v2\/posts\/50932\/revisions"}],"wp:featuredmedia":[{"embeddable":true,"href":"https:\/\/www.p31noticias.com.br\/index.php?rest_route=\/wp\/v2\/media\/50933"}],"wp:attachment":[{"href":"https:\/\/www.p31noticias.com.br\/index.php?rest_route=%2Fwp%2Fv2%2Fmedia&parent=50932"}],"wp:term":[{"taxonomy":"category","embeddable":true,"href":"https:\/\/www.p31noticias.com.br\/index.php?rest_route=%2Fwp%2Fv2%2Fcategories&post=50932"},{"taxonomy":"post_tag","embeddable":true,"href":"https:\/\/www.p31noticias.com.br\/index.php?rest_route=%2Fwp%2Fv2%2Ftags&post=50932"}],"curies":[{"name":"wp","href":"https:\/\/api.w.org\/{rel}","templated":true}]}}