{"id":50921,"date":"2024-05-18T10:30:08","date_gmt":"2024-05-18T13:30:08","guid":{"rendered":"https:\/\/p31noticias.com.br\/dia-mundial-do-celiaco-cerca-de-2-milhoes-de-brasileiros-sofrem-com-a-doenca\/"},"modified":"2024-05-18T10:30:08","modified_gmt":"2024-05-18T13:30:08","slug":"dia-mundial-do-celiaco-cerca-de-2-milhoes-de-brasileiros-sofrem-com-a-doenca","status":"publish","type":"post","link":"https:\/\/www.p31noticias.com.br\/?p=50921","title":{"rendered":"Dia Mundial do Cel\u00edaco: Cerca de 2 milh\u00f5es de brasileiros sofrem com a doen\u00e7a"},"content":{"rendered":"<p>Comer um bolo no meio da tarde, tomar uma cerveja no final de semana ou jantar aquela pizza. Pequenos prazeres que agradam muitas pessoas, mas podem ser fatais para outras. Esta \u00e9 a realidade de quem sofre com a doen\u00e7a cel\u00edaca, uma enfermidade marcada pela intoler\u00e2ncia ao gl\u00faten, principal fra\u00e7\u00e3o proteica presente no trigo, no [\u2026]<\/p>\n<p>O post <a href=\"https:\/\/www.delioandrade.com.br\/dia-mundial-do-celiaco-cerca-de-2-milhoes-de-brasileiros-sofrem-com-a-doenca\/\">Dia Mundial do Cel\u00edaco: Cerca de 2 milh\u00f5es de brasileiros sofrem com a doen\u00e7a<\/a> apareceu primeiro em <a href=\"https:\/\/www.delioandrade.com.br\/\">Blog do D\u00c9LIO ANDRADE<\/a>.<\/p>\n","protected":false},"excerpt":{"rendered":"<p>Comer um bolo no meio da tarde, tomar uma cerveja no final de semana ou jantar aquela pizza. Pequenos prazeres que agradam muitas pessoas, mas podem ser fatais para outras. Esta \u00e9 a realidade de quem sofre com a doen\u00e7a cel\u00edaca, uma enfermidade marcada pela intoler\u00e2ncia ao gl\u00faten, principal fra\u00e7\u00e3o proteica presente no trigo, no [&hellip;]<\/p>\n","protected":false},"author":0,"featured_media":50922,"comment_status":"open","ping_status":"open","sticky":false,"template":"","format":"standard","meta":{"footnotes":""},"categories":[21],"tags":[],"class_list":{"0":"post-50921","1":"post","2":"type-post","3":"status-publish","4":"format-standard","5":"has-post-thumbnail","7":"category-brasilia"},"yoast_head":"<!-- This site is optimized with the Yoast SEO Premium plugin v24.5 (Yoast SEO v27.5) - https:\/\/yoast.com\/product\/yoast-seo-premium-wordpress\/ -->\n<title>Dia Mundial do Cel\u00edaco: Cerca de 2 milh\u00f5es de brasileiros sofrem com a doen\u00e7a - P31<\/title>\n<meta name=\"robots\" content=\"index, follow, max-snippet:-1, max-image-preview:large, max-video-preview:-1\" \/>\n<link rel=\"canonical\" href=\"https:\/\/www.p31noticias.com.br\/?p=50921\" \/>\n<meta property=\"og:locale\" content=\"pt_BR\" \/>\n<meta property=\"og:type\" content=\"article\" \/>\n<meta property=\"og:title\" content=\"Dia Mundial do Cel\u00edaco: Cerca de 2 milh\u00f5es de brasileiros sofrem com a doen\u00e7a\" \/>\n<meta property=\"og:description\" content=\"Comer um bolo no meio da tarde, tomar uma cerveja no final de semana ou jantar aquela pizza. Pequenos prazeres que agradam muitas pessoas, mas podem ser fatais para outras. Esta \u00e9 a realidade de quem sofre com a doen\u00e7a cel\u00edaca, uma enfermidade marcada pela intoler\u00e2ncia ao gl\u00faten, principal fra\u00e7\u00e3o proteica presente no trigo, no [&hellip;]\" \/>\n<meta property=\"og:url\" content=\"https:\/\/www.p31noticias.com.br\/?p=50921\" \/>\n<meta property=\"og:site_name\" content=\"P31\" \/>\n<meta property=\"article:published_time\" content=\"2024-05-18T13:30:08+00:00\" \/>\n<meta property=\"og:image\" content=\"https:\/\/www.p31noticias.com.br\/wp-content\/uploads\/2024\/05\/Foto-3-Foto_Lucio-Bernardo-Jr_Agencia-Brasilia-S1H1SS-150x150-tlMgx8.jpeg\" \/>\n\t<meta property=\"og:image:width\" content=\"150\" \/>\n\t<meta property=\"og:image:height\" content=\"150\" \/>\n\t<meta property=\"og:image:type\" content=\"image\/jpeg\" \/>\n<meta name=\"twitter:card\" content=\"summary_large_image\" \/>\n<script type=\"application\/ld+json\" class=\"yoast-schema-graph\">{\"@context\":\"https:\\\/\\\/schema.org\",\"@graph\":[{\"@type\":\"Article\",\"@id\":\"https:\\\/\\\/www.p31noticias.com.br\\\/?p=50921#article\",\"isPartOf\":{\"@id\":\"https:\\\/\\\/www.p31noticias.com.br\\\/?p=50921\"},\"author\":{\"name\":\"\",\"@id\":\"\"},\"headline\":\"Dia Mundial do Cel\u00edaco: Cerca de 2 milh\u00f5es de brasileiros sofrem com a doen\u00e7a\",\"datePublished\":\"2024-05-18T13:30:08+00:00\",\"mainEntityOfPage\":{\"@id\":\"https:\\\/\\\/www.p31noticias.com.br\\\/?p=50921\"},\"wordCount\":101,\"commentCount\":0,\"image\":{\"@id\":\"https:\\\/\\\/www.p31noticias.com.br\\\/?p=50921#primaryimage\"},\"thumbnailUrl\":\"https:\\\/\\\/www.p31noticias.com.br\\\/wp-content\\\/uploads\\\/2024\\\/05\\\/Foto-3-Foto_Lucio-Bernardo-Jr_Agencia-Brasilia-S1H1SS-150x150-tlMgx8.jpeg\",\"articleSection\":[\"Bras\u00edlia\"],\"inLanguage\":\"pt-BR\",\"potentialAction\":[{\"@type\":\"CommentAction\",\"name\":\"Comment\",\"target\":[\"https:\\\/\\\/www.p31noticias.com.br\\\/?p=50921#respond\"]}],\"copyrightYear\":\"2024\",\"copyrightHolder\":{\"@id\":\"https:\\\/\\\/www.p31noticias.com.br\\\/#organization\"}},{\"@type\":\"WebPage\",\"@id\":\"https:\\\/\\\/www.p31noticias.com.br\\\/?p=50921\",\"url\":\"https:\\\/\\\/www.p31noticias.com.br\\\/?p=50921\",\"name\":\"Dia Mundial do Cel\u00edaco: Cerca de 2 milh\u00f5es de brasileiros sofrem com a doen\u00e7a - P31\",\"isPartOf\":{\"@id\":\"https:\\\/\\\/www.p31noticias.com.br\\\/#website\"},\"primaryImageOfPage\":{\"@id\":\"https:\\\/\\\/www.p31noticias.com.br\\\/?p=50921#primaryimage\"},\"image\":{\"@id\":\"https:\\\/\\\/www.p31noticias.com.br\\\/?p=50921#primaryimage\"},\"thumbnailUrl\":\"https:\\\/\\\/www.p31noticias.com.br\\\/wp-content\\\/uploads\\\/2024\\\/05\\\/Foto-3-Foto_Lucio-Bernardo-Jr_Agencia-Brasilia-S1H1SS-150x150-tlMgx8.jpeg\",\"datePublished\":\"2024-05-18T13:30:08+00:00\",\"author\":{\"@id\":\"\"},\"breadcrumb\":{\"@id\":\"https:\\\/\\\/www.p31noticias.com.br\\\/?p=50921#breadcrumb\"},\"inLanguage\":\"pt-BR\",\"potentialAction\":[{\"@type\":\"ReadAction\",\"target\":[\"https:\\\/\\\/www.p31noticias.com.br\\\/?p=50921\"]}]},{\"@type\":\"ImageObject\",\"inLanguage\":\"pt-BR\",\"@id\":\"https:\\\/\\\/www.p31noticias.com.br\\\/?p=50921#primaryimage\",\"url\":\"https:\\\/\\\/www.p31noticias.com.br\\\/wp-content\\\/uploads\\\/2024\\\/05\\\/Foto-3-Foto_Lucio-Bernardo-Jr_Agencia-Brasilia-S1H1SS-150x150-tlMgx8.jpeg\",\"contentUrl\":\"https:\\\/\\\/www.p31noticias.com.br\\\/wp-content\\\/uploads\\\/2024\\\/05\\\/Foto-3-Foto_Lucio-Bernardo-Jr_Agencia-Brasilia-S1H1SS-150x150-tlMgx8.jpeg\",\"width\":150,\"height\":150},{\"@type\":\"BreadcrumbList\",\"@id\":\"https:\\\/\\\/www.p31noticias.com.br\\\/?p=50921#breadcrumb\",\"itemListElement\":[{\"@type\":\"ListItem\",\"position\":1,\"name\":\"In\u00edcio\",\"item\":\"https:\\\/\\\/www.p31noticias.com.br\\\/\"},{\"@type\":\"ListItem\",\"position\":2,\"name\":\"Dia Mundial do Cel\u00edaco: Cerca de 2 milh\u00f5es de brasileiros sofrem com a doen\u00e7a\"}]},{\"@type\":\"WebSite\",\"@id\":\"https:\\\/\\\/www.p31noticias.com.br\\\/#website\",\"url\":\"https:\\\/\\\/www.p31noticias.com.br\\\/\",\"name\":\"P31\",\"description\":\"NOT\u00cdCIAS\",\"potentialAction\":[{\"@type\":\"SearchAction\",\"target\":{\"@type\":\"EntryPoint\",\"urlTemplate\":\"https:\\\/\\\/www.p31noticias.com.br\\\/?s={search_term_string}\"},\"query-input\":{\"@type\":\"PropertyValueSpecification\",\"valueRequired\":true,\"valueName\":\"search_term_string\"}}],\"inLanguage\":\"pt-BR\"}]}<\/script>\n<!-- \/ Yoast SEO Premium plugin. -->","yoast_head_json":{"title":"Dia Mundial do Cel\u00edaco: Cerca de 2 milh\u00f5es de brasileiros sofrem com a doen\u00e7a - P31","robots":{"index":"index","follow":"follow","max-snippet":"max-snippet:-1","max-image-preview":"max-image-preview:large","max-video-preview":"max-video-preview:-1"},"canonical":"https:\/\/www.p31noticias.com.br\/?p=50921","og_locale":"pt_BR","og_type":"article","og_title":"Dia Mundial do Cel\u00edaco: Cerca de 2 milh\u00f5es de brasileiros sofrem com a doen\u00e7a","og_description":"Comer um bolo no meio da tarde, tomar uma cerveja no final de semana ou jantar aquela pizza. Pequenos prazeres que agradam muitas pessoas, mas podem ser fatais para outras. Esta \u00e9 a realidade de quem sofre com a doen\u00e7a cel\u00edaca, uma enfermidade marcada pela intoler\u00e2ncia ao gl\u00faten, principal fra\u00e7\u00e3o proteica presente no trigo, no [&hellip;]","og_url":"https:\/\/www.p31noticias.com.br\/?p=50921","og_site_name":"P31","article_published_time":"2024-05-18T13:30:08+00:00","og_image":[{"width":150,"height":150,"url":"https:\/\/www.p31noticias.com.br\/wp-content\/uploads\/2024\/05\/Foto-3-Foto_Lucio-Bernardo-Jr_Agencia-Brasilia-S1H1SS-150x150-tlMgx8.jpeg","type":"image\/jpeg"}],"twitter_card":"summary_large_image","schema":{"@context":"https:\/\/schema.org","@graph":[{"@type":"Article","@id":"https:\/\/www.p31noticias.com.br\/?p=50921#article","isPartOf":{"@id":"https:\/\/www.p31noticias.com.br\/?p=50921"},"author":{"name":"","@id":""},"headline":"Dia Mundial do Cel\u00edaco: Cerca de 2 milh\u00f5es de brasileiros sofrem com a doen\u00e7a","datePublished":"2024-05-18T13:30:08+00:00","mainEntityOfPage":{"@id":"https:\/\/www.p31noticias.com.br\/?p=50921"},"wordCount":101,"commentCount":0,"image":{"@id":"https:\/\/www.p31noticias.com.br\/?p=50921#primaryimage"},"thumbnailUrl":"https:\/\/www.p31noticias.com.br\/wp-content\/uploads\/2024\/05\/Foto-3-Foto_Lucio-Bernardo-Jr_Agencia-Brasilia-S1H1SS-150x150-tlMgx8.jpeg","articleSection":["Bras\u00edlia"],"inLanguage":"pt-BR","potentialAction":[{"@type":"CommentAction","name":"Comment","target":["https:\/\/www.p31noticias.com.br\/?p=50921#respond"]}],"copyrightYear":"2024","copyrightHolder":{"@id":"https:\/\/www.p31noticias.com.br\/#organization"}},{"@type":"WebPage","@id":"https:\/\/www.p31noticias.com.br\/?p=50921","url":"https:\/\/www.p31noticias.com.br\/?p=50921","name":"Dia Mundial do Cel\u00edaco: Cerca de 2 milh\u00f5es de brasileiros sofrem com a doen\u00e7a - P31","isPartOf":{"@id":"https:\/\/www.p31noticias.com.br\/#website"},"primaryImageOfPage":{"@id":"https:\/\/www.p31noticias.com.br\/?p=50921#primaryimage"},"image":{"@id":"https:\/\/www.p31noticias.com.br\/?p=50921#primaryimage"},"thumbnailUrl":"https:\/\/www.p31noticias.com.br\/wp-content\/uploads\/2024\/05\/Foto-3-Foto_Lucio-Bernardo-Jr_Agencia-Brasilia-S1H1SS-150x150-tlMgx8.jpeg","datePublished":"2024-05-18T13:30:08+00:00","author":{"@id":""},"breadcrumb":{"@id":"https:\/\/www.p31noticias.com.br\/?p=50921#breadcrumb"},"inLanguage":"pt-BR","potentialAction":[{"@type":"ReadAction","target":["https:\/\/www.p31noticias.com.br\/?p=50921"]}]},{"@type":"ImageObject","inLanguage":"pt-BR","@id":"https:\/\/www.p31noticias.com.br\/?p=50921#primaryimage","url":"https:\/\/www.p31noticias.com.br\/wp-content\/uploads\/2024\/05\/Foto-3-Foto_Lucio-Bernardo-Jr_Agencia-Brasilia-S1H1SS-150x150-tlMgx8.jpeg","contentUrl":"https:\/\/www.p31noticias.com.br\/wp-content\/uploads\/2024\/05\/Foto-3-Foto_Lucio-Bernardo-Jr_Agencia-Brasilia-S1H1SS-150x150-tlMgx8.jpeg","width":150,"height":150},{"@type":"BreadcrumbList","@id":"https:\/\/www.p31noticias.com.br\/?p=50921#breadcrumb","itemListElement":[{"@type":"ListItem","position":1,"name":"In\u00edcio","item":"https:\/\/www.p31noticias.com.br\/"},{"@type":"ListItem","position":2,"name":"Dia Mundial do Cel\u00edaco: Cerca de 2 milh\u00f5es de brasileiros sofrem com a doen\u00e7a"}]},{"@type":"WebSite","@id":"https:\/\/www.p31noticias.com.br\/#website","url":"https:\/\/www.p31noticias.com.br\/","name":"P31","description":"NOT\u00cdCIAS","potentialAction":[{"@type":"SearchAction","target":{"@type":"EntryPoint","urlTemplate":"https:\/\/www.p31noticias.com.br\/?s={search_term_string}"},"query-input":{"@type":"PropertyValueSpecification","valueRequired":true,"valueName":"search_term_string"}}],"inLanguage":"pt-BR"}]}},"amp_enabled":true,"_links":{"self":[{"href":"https:\/\/www.p31noticias.com.br\/index.php?rest_route=\/wp\/v2\/posts\/50921","targetHints":{"allow":["GET"]}}],"collection":[{"href":"https:\/\/www.p31noticias.com.br\/index.php?rest_route=\/wp\/v2\/posts"}],"about":[{"href":"https:\/\/www.p31noticias.com.br\/index.php?rest_route=\/wp\/v2\/types\/post"}],"replies":[{"embeddable":true,"href":"https:\/\/www.p31noticias.com.br\/index.php?rest_route=%2Fwp%2Fv2%2Fcomments&post=50921"}],"version-history":[{"count":0,"href":"https:\/\/www.p31noticias.com.br\/index.php?rest_route=\/wp\/v2\/posts\/50921\/revisions"}],"wp:featuredmedia":[{"embeddable":true,"href":"https:\/\/www.p31noticias.com.br\/index.php?rest_route=\/wp\/v2\/media\/50922"}],"wp:attachment":[{"href":"https:\/\/www.p31noticias.com.br\/index.php?rest_route=%2Fwp%2Fv2%2Fmedia&parent=50921"}],"wp:term":[{"taxonomy":"category","embeddable":true,"href":"https:\/\/www.p31noticias.com.br\/index.php?rest_route=%2Fwp%2Fv2%2Fcategories&post=50921"},{"taxonomy":"post_tag","embeddable":true,"href":"https:\/\/www.p31noticias.com.br\/index.php?rest_route=%2Fwp%2Fv2%2Ftags&post=50921"}],"curies":[{"name":"wp","href":"https:\/\/api.w.org\/{rel}","templated":true}]}}