{"id":50920,"date":"2024-05-18T09:30:46","date_gmt":"2024-05-18T12:30:46","guid":{"rendered":"https:\/\/p31noticias.com.br\/producao-intensiva-de-pescado-sera-apresentada-na-agrobrasilia-2\/"},"modified":"2024-05-18T09:30:46","modified_gmt":"2024-05-18T12:30:46","slug":"producao-intensiva-de-pescado-sera-apresentada-na-agrobrasilia-2","status":"publish","type":"post","link":"https:\/\/www.p31noticias.com.br\/?p=50920","title":{"rendered":"Produ\u00e7\u00e3o intensiva de pescado ser\u00e1 apresentada na AgroBras\u00edlia"},"content":{"rendered":"<p>Circuito da Aquicultura da Emater-DF ter\u00e1 ainda um aqu\u00e1rio mostrando as principais esp\u00e9cies de peixes criadas no Distrito Federal Na AgroBras\u00edlia 2024, a Emater-DF vai apresentar tr\u00eas op\u00e7\u00f5es de sistemas para produ\u00e7\u00e3o intensiva de peixes no Circuito de Aquicultura. As inova\u00e7\u00f5es tecnol\u00f3gicas representam alternativas \u00e0 cria\u00e7\u00e3o tradicional de peixes, que \u00e9 feita em viveiros escavados. [\u2026]<\/p>\n<p>O post <a href=\"https:\/\/www.delioandrade.com.br\/producao-intensiva-de-pescado-sera-apresentada-na-agrobrasilia-2\/\">Produ\u00e7\u00e3o intensiva de pescado ser\u00e1 apresentada na AgroBras\u00edlia<\/a> apareceu primeiro em <a href=\"https:\/\/www.delioandrade.com.br\/\">Blog do D\u00c9LIO ANDRADE<\/a>.<\/p>\n","protected":false},"excerpt":{"rendered":"<p>Circuito da Aquicultura da Emater-DF ter\u00e1 ainda um aqu\u00e1rio mostrando as principais esp\u00e9cies de peixes criadas no Distrito Federal Na AgroBras\u00edlia 2024, a Emater-DF vai apresentar tr\u00eas op\u00e7\u00f5es de sistemas para produ\u00e7\u00e3o intensiva de peixes no Circuito de Aquicultura. As inova\u00e7\u00f5es tecnol\u00f3gicas representam alternativas \u00e0 cria\u00e7\u00e3o tradicional de peixes, que \u00e9 feita em viveiros escavados. [&hellip;]<\/p>\n","protected":false},"author":0,"featured_media":50768,"comment_status":"open","ping_status":"open","sticky":false,"template":"","format":"standard","meta":{"footnotes":""},"categories":[21],"tags":[],"class_list":{"0":"post-50920","1":"post","2":"type-post","3":"status-publish","4":"format-standard","5":"has-post-thumbnail","7":"category-brasilia"},"yoast_head":"<!-- This site is optimized with the Yoast SEO Premium plugin v24.5 (Yoast SEO v27.5) - https:\/\/yoast.com\/product\/yoast-seo-premium-wordpress\/ -->\n<title>Produ\u00e7\u00e3o intensiva de pescado ser\u00e1 apresentada na AgroBras\u00edlia - P31<\/title>\n<meta name=\"robots\" content=\"index, follow, max-snippet:-1, max-image-preview:large, max-video-preview:-1\" \/>\n<link rel=\"canonical\" href=\"https:\/\/www.p31noticias.com.br\/?p=50920\" \/>\n<meta property=\"og:locale\" content=\"pt_BR\" \/>\n<meta property=\"og:type\" content=\"article\" \/>\n<meta property=\"og:title\" content=\"Produ\u00e7\u00e3o intensiva de pescado ser\u00e1 apresentada na AgroBras\u00edlia\" \/>\n<meta property=\"og:description\" content=\"Circuito da Aquicultura da Emater-DF ter\u00e1 ainda um aqu\u00e1rio mostrando as principais esp\u00e9cies de peixes criadas no Distrito Federal Na AgroBras\u00edlia 2024, a Emater-DF vai apresentar tr\u00eas op\u00e7\u00f5es de sistemas para produ\u00e7\u00e3o intensiva de peixes no Circuito de Aquicultura. As inova\u00e7\u00f5es tecnol\u00f3gicas representam alternativas \u00e0 cria\u00e7\u00e3o tradicional de peixes, que \u00e9 feita em viveiros escavados. [&hellip;]\" \/>\n<meta property=\"og:url\" content=\"https:\/\/www.p31noticias.com.br\/?p=50920\" \/>\n<meta property=\"og:site_name\" content=\"P31\" \/>\n<meta property=\"article:published_time\" content=\"2024-05-18T12:30:46+00:00\" \/>\n<meta property=\"og:image\" content=\"https:\/\/www.p31noticias.com.br\/wp-content\/uploads\/2024\/05\/WhatsApp-Image-2024-05-16-at-19.26.27-5-rBzUwX-150x150-7dNVDS.jpeg\" \/>\n\t<meta property=\"og:image:width\" content=\"150\" \/>\n\t<meta property=\"og:image:height\" content=\"150\" \/>\n\t<meta property=\"og:image:type\" content=\"image\/jpeg\" \/>\n<meta name=\"twitter:card\" content=\"summary_large_image\" \/>\n<script type=\"application\/ld+json\" class=\"yoast-schema-graph\">{\"@context\":\"https:\\\/\\\/schema.org\",\"@graph\":[{\"@type\":\"Article\",\"@id\":\"https:\\\/\\\/www.p31noticias.com.br\\\/?p=50920#article\",\"isPartOf\":{\"@id\":\"https:\\\/\\\/www.p31noticias.com.br\\\/?p=50920\"},\"author\":{\"name\":\"\",\"@id\":\"\"},\"headline\":\"Produ\u00e7\u00e3o intensiva de pescado ser\u00e1 apresentada na AgroBras\u00edlia\",\"datePublished\":\"2024-05-18T12:30:46+00:00\",\"mainEntityOfPage\":{\"@id\":\"https:\\\/\\\/www.p31noticias.com.br\\\/?p=50920\"},\"wordCount\":91,\"commentCount\":0,\"image\":{\"@id\":\"https:\\\/\\\/www.p31noticias.com.br\\\/?p=50920#primaryimage\"},\"thumbnailUrl\":\"https:\\\/\\\/www.p31noticias.com.br\\\/wp-content\\\/uploads\\\/2024\\\/05\\\/WhatsApp-Image-2024-05-16-at-19.26.27-5-rBzUwX-150x150-7dNVDS.jpeg\",\"articleSection\":[\"Bras\u00edlia\"],\"inLanguage\":\"pt-BR\",\"potentialAction\":[{\"@type\":\"CommentAction\",\"name\":\"Comment\",\"target\":[\"https:\\\/\\\/www.p31noticias.com.br\\\/?p=50920#respond\"]}],\"copyrightYear\":\"2024\",\"copyrightHolder\":{\"@id\":\"https:\\\/\\\/www.p31noticias.com.br\\\/#organization\"}},{\"@type\":\"WebPage\",\"@id\":\"https:\\\/\\\/www.p31noticias.com.br\\\/?p=50920\",\"url\":\"https:\\\/\\\/www.p31noticias.com.br\\\/?p=50920\",\"name\":\"Produ\u00e7\u00e3o intensiva de pescado ser\u00e1 apresentada na AgroBras\u00edlia - P31\",\"isPartOf\":{\"@id\":\"https:\\\/\\\/www.p31noticias.com.br\\\/#website\"},\"primaryImageOfPage\":{\"@id\":\"https:\\\/\\\/www.p31noticias.com.br\\\/?p=50920#primaryimage\"},\"image\":{\"@id\":\"https:\\\/\\\/www.p31noticias.com.br\\\/?p=50920#primaryimage\"},\"thumbnailUrl\":\"https:\\\/\\\/www.p31noticias.com.br\\\/wp-content\\\/uploads\\\/2024\\\/05\\\/WhatsApp-Image-2024-05-16-at-19.26.27-5-rBzUwX-150x150-7dNVDS.jpeg\",\"datePublished\":\"2024-05-18T12:30:46+00:00\",\"author\":{\"@id\":\"\"},\"breadcrumb\":{\"@id\":\"https:\\\/\\\/www.p31noticias.com.br\\\/?p=50920#breadcrumb\"},\"inLanguage\":\"pt-BR\",\"potentialAction\":[{\"@type\":\"ReadAction\",\"target\":[\"https:\\\/\\\/www.p31noticias.com.br\\\/?p=50920\"]}]},{\"@type\":\"ImageObject\",\"inLanguage\":\"pt-BR\",\"@id\":\"https:\\\/\\\/www.p31noticias.com.br\\\/?p=50920#primaryimage\",\"url\":\"https:\\\/\\\/www.p31noticias.com.br\\\/wp-content\\\/uploads\\\/2024\\\/05\\\/WhatsApp-Image-2024-05-16-at-19.26.27-5-rBzUwX-150x150-7dNVDS.jpeg\",\"contentUrl\":\"https:\\\/\\\/www.p31noticias.com.br\\\/wp-content\\\/uploads\\\/2024\\\/05\\\/WhatsApp-Image-2024-05-16-at-19.26.27-5-rBzUwX-150x150-7dNVDS.jpeg\",\"width\":150,\"height\":150},{\"@type\":\"BreadcrumbList\",\"@id\":\"https:\\\/\\\/www.p31noticias.com.br\\\/?p=50920#breadcrumb\",\"itemListElement\":[{\"@type\":\"ListItem\",\"position\":1,\"name\":\"In\u00edcio\",\"item\":\"https:\\\/\\\/www.p31noticias.com.br\\\/\"},{\"@type\":\"ListItem\",\"position\":2,\"name\":\"Produ\u00e7\u00e3o intensiva de pescado ser\u00e1 apresentada na AgroBras\u00edlia\"}]},{\"@type\":\"WebSite\",\"@id\":\"https:\\\/\\\/www.p31noticias.com.br\\\/#website\",\"url\":\"https:\\\/\\\/www.p31noticias.com.br\\\/\",\"name\":\"P31\",\"description\":\"NOT\u00cdCIAS\",\"potentialAction\":[{\"@type\":\"SearchAction\",\"target\":{\"@type\":\"EntryPoint\",\"urlTemplate\":\"https:\\\/\\\/www.p31noticias.com.br\\\/?s={search_term_string}\"},\"query-input\":{\"@type\":\"PropertyValueSpecification\",\"valueRequired\":true,\"valueName\":\"search_term_string\"}}],\"inLanguage\":\"pt-BR\"}]}<\/script>\n<!-- \/ Yoast SEO Premium plugin. -->","yoast_head_json":{"title":"Produ\u00e7\u00e3o intensiva de pescado ser\u00e1 apresentada na AgroBras\u00edlia - P31","robots":{"index":"index","follow":"follow","max-snippet":"max-snippet:-1","max-image-preview":"max-image-preview:large","max-video-preview":"max-video-preview:-1"},"canonical":"https:\/\/www.p31noticias.com.br\/?p=50920","og_locale":"pt_BR","og_type":"article","og_title":"Produ\u00e7\u00e3o intensiva de pescado ser\u00e1 apresentada na AgroBras\u00edlia","og_description":"Circuito da Aquicultura da Emater-DF ter\u00e1 ainda um aqu\u00e1rio mostrando as principais esp\u00e9cies de peixes criadas no Distrito Federal Na AgroBras\u00edlia 2024, a Emater-DF vai apresentar tr\u00eas op\u00e7\u00f5es de sistemas para produ\u00e7\u00e3o intensiva de peixes no Circuito de Aquicultura. As inova\u00e7\u00f5es tecnol\u00f3gicas representam alternativas \u00e0 cria\u00e7\u00e3o tradicional de peixes, que \u00e9 feita em viveiros escavados. [&hellip;]","og_url":"https:\/\/www.p31noticias.com.br\/?p=50920","og_site_name":"P31","article_published_time":"2024-05-18T12:30:46+00:00","og_image":[{"width":150,"height":150,"url":"https:\/\/www.p31noticias.com.br\/wp-content\/uploads\/2024\/05\/WhatsApp-Image-2024-05-16-at-19.26.27-5-rBzUwX-150x150-7dNVDS.jpeg","type":"image\/jpeg"}],"twitter_card":"summary_large_image","schema":{"@context":"https:\/\/schema.org","@graph":[{"@type":"Article","@id":"https:\/\/www.p31noticias.com.br\/?p=50920#article","isPartOf":{"@id":"https:\/\/www.p31noticias.com.br\/?p=50920"},"author":{"name":"","@id":""},"headline":"Produ\u00e7\u00e3o intensiva de pescado ser\u00e1 apresentada na AgroBras\u00edlia","datePublished":"2024-05-18T12:30:46+00:00","mainEntityOfPage":{"@id":"https:\/\/www.p31noticias.com.br\/?p=50920"},"wordCount":91,"commentCount":0,"image":{"@id":"https:\/\/www.p31noticias.com.br\/?p=50920#primaryimage"},"thumbnailUrl":"https:\/\/www.p31noticias.com.br\/wp-content\/uploads\/2024\/05\/WhatsApp-Image-2024-05-16-at-19.26.27-5-rBzUwX-150x150-7dNVDS.jpeg","articleSection":["Bras\u00edlia"],"inLanguage":"pt-BR","potentialAction":[{"@type":"CommentAction","name":"Comment","target":["https:\/\/www.p31noticias.com.br\/?p=50920#respond"]}],"copyrightYear":"2024","copyrightHolder":{"@id":"https:\/\/www.p31noticias.com.br\/#organization"}},{"@type":"WebPage","@id":"https:\/\/www.p31noticias.com.br\/?p=50920","url":"https:\/\/www.p31noticias.com.br\/?p=50920","name":"Produ\u00e7\u00e3o intensiva de pescado ser\u00e1 apresentada na AgroBras\u00edlia - P31","isPartOf":{"@id":"https:\/\/www.p31noticias.com.br\/#website"},"primaryImageOfPage":{"@id":"https:\/\/www.p31noticias.com.br\/?p=50920#primaryimage"},"image":{"@id":"https:\/\/www.p31noticias.com.br\/?p=50920#primaryimage"},"thumbnailUrl":"https:\/\/www.p31noticias.com.br\/wp-content\/uploads\/2024\/05\/WhatsApp-Image-2024-05-16-at-19.26.27-5-rBzUwX-150x150-7dNVDS.jpeg","datePublished":"2024-05-18T12:30:46+00:00","author":{"@id":""},"breadcrumb":{"@id":"https:\/\/www.p31noticias.com.br\/?p=50920#breadcrumb"},"inLanguage":"pt-BR","potentialAction":[{"@type":"ReadAction","target":["https:\/\/www.p31noticias.com.br\/?p=50920"]}]},{"@type":"ImageObject","inLanguage":"pt-BR","@id":"https:\/\/www.p31noticias.com.br\/?p=50920#primaryimage","url":"https:\/\/www.p31noticias.com.br\/wp-content\/uploads\/2024\/05\/WhatsApp-Image-2024-05-16-at-19.26.27-5-rBzUwX-150x150-7dNVDS.jpeg","contentUrl":"https:\/\/www.p31noticias.com.br\/wp-content\/uploads\/2024\/05\/WhatsApp-Image-2024-05-16-at-19.26.27-5-rBzUwX-150x150-7dNVDS.jpeg","width":150,"height":150},{"@type":"BreadcrumbList","@id":"https:\/\/www.p31noticias.com.br\/?p=50920#breadcrumb","itemListElement":[{"@type":"ListItem","position":1,"name":"In\u00edcio","item":"https:\/\/www.p31noticias.com.br\/"},{"@type":"ListItem","position":2,"name":"Produ\u00e7\u00e3o intensiva de pescado ser\u00e1 apresentada na AgroBras\u00edlia"}]},{"@type":"WebSite","@id":"https:\/\/www.p31noticias.com.br\/#website","url":"https:\/\/www.p31noticias.com.br\/","name":"P31","description":"NOT\u00cdCIAS","potentialAction":[{"@type":"SearchAction","target":{"@type":"EntryPoint","urlTemplate":"https:\/\/www.p31noticias.com.br\/?s={search_term_string}"},"query-input":{"@type":"PropertyValueSpecification","valueRequired":true,"valueName":"search_term_string"}}],"inLanguage":"pt-BR"}]}},"amp_enabled":true,"_links":{"self":[{"href":"https:\/\/www.p31noticias.com.br\/index.php?rest_route=\/wp\/v2\/posts\/50920","targetHints":{"allow":["GET"]}}],"collection":[{"href":"https:\/\/www.p31noticias.com.br\/index.php?rest_route=\/wp\/v2\/posts"}],"about":[{"href":"https:\/\/www.p31noticias.com.br\/index.php?rest_route=\/wp\/v2\/types\/post"}],"replies":[{"embeddable":true,"href":"https:\/\/www.p31noticias.com.br\/index.php?rest_route=%2Fwp%2Fv2%2Fcomments&post=50920"}],"version-history":[{"count":0,"href":"https:\/\/www.p31noticias.com.br\/index.php?rest_route=\/wp\/v2\/posts\/50920\/revisions"}],"wp:featuredmedia":[{"embeddable":true,"href":"https:\/\/www.p31noticias.com.br\/index.php?rest_route=\/wp\/v2\/media\/50768"}],"wp:attachment":[{"href":"https:\/\/www.p31noticias.com.br\/index.php?rest_route=%2Fwp%2Fv2%2Fmedia&parent=50920"}],"wp:term":[{"taxonomy":"category","embeddable":true,"href":"https:\/\/www.p31noticias.com.br\/index.php?rest_route=%2Fwp%2Fv2%2Fcategories&post=50920"},{"taxonomy":"post_tag","embeddable":true,"href":"https:\/\/www.p31noticias.com.br\/index.php?rest_route=%2Fwp%2Fv2%2Ftags&post=50920"}],"curies":[{"name":"wp","href":"https:\/\/api.w.org\/{rel}","templated":true}]}}