{"id":50792,"date":"2024-05-17T13:30:43","date_gmt":"2024-05-17T16:30:43","guid":{"rendered":"https:\/\/p31noticias.com.br\/centro-18-de-maio-garante-atendimento-especializado-vitimas-de-abuso-sexual-infantojuvenil\/"},"modified":"2024-05-17T13:30:43","modified_gmt":"2024-05-17T16:30:43","slug":"centro-18-de-maio-garante-atendimento-especializado-vitimas-de-abuso-sexual-infantojuvenil","status":"publish","type":"post","link":"https:\/\/www.p31noticias.com.br\/?p=50792","title":{"rendered":"Centro 18 de Maio garante atendimento especializado v\u00edtimas de abuso sexual infantojuvenil"},"content":{"rendered":"<p>Aos 8 anos, Jos\u00e9 (nome fict\u00edcio) estranhava as brincadeiras que a bab\u00e1 fazia, mas n\u00e3o sabia dizer o porqu\u00ea de se sentir desconfort\u00e1vel. Apenas quando adulto, conseguiu nomear o abuso sexual vivenciado e contar para a m\u00e3e. Meninos e meninas de at\u00e9 13 anos s\u00e3o as principais v\u00edtimas de estupro, o que corresponde a 61,4% [\u2026]<\/p>\n<p>O post <a href=\"https:\/\/www.delioandrade.com.br\/centro-18-de-maio-garante-atendimento-especializado-vitimas-de-abuso-sexual-infantojuvenil\/\">Centro 18 de Maio garante atendimento especializado v\u00edtimas de abuso sexual infantojuvenil<\/a> apareceu primeiro em <a href=\"https:\/\/www.delioandrade.com.br\/\">Blog do D\u00c9LIO ANDRADE<\/a>.<\/p>\n","protected":false},"excerpt":{"rendered":"<p>Aos 8 anos, Jos\u00e9 (nome fict\u00edcio) estranhava as brincadeiras que a bab\u00e1 fazia, mas n\u00e3o sabia dizer o porqu\u00ea de se sentir desconfort\u00e1vel. Apenas quando adulto, conseguiu nomear o abuso sexual vivenciado e contar para a m\u00e3e. Meninos e meninas de at\u00e9 13 anos s\u00e3o as principais v\u00edtimas de estupro, o que corresponde a 61,4% [&hellip;]<\/p>\n","protected":false},"author":0,"featured_media":50793,"comment_status":"open","ping_status":"open","sticky":false,"template":"","format":"standard","meta":{"footnotes":""},"categories":[21],"tags":[],"class_list":{"0":"post-50792","1":"post","2":"type-post","3":"status-publish","4":"format-standard","5":"has-post-thumbnail","7":"category-brasilia"},"yoast_head":"<!-- This site is optimized with the Yoast SEO Premium plugin v24.5 (Yoast SEO v27.5) - https:\/\/yoast.com\/product\/yoast-seo-premium-wordpress\/ -->\n<title>Centro 18 de Maio garante atendimento especializado v\u00edtimas de abuso sexual infantojuvenil - P31<\/title>\n<meta name=\"robots\" content=\"index, follow, max-snippet:-1, max-image-preview:large, max-video-preview:-1\" \/>\n<link rel=\"canonical\" href=\"https:\/\/www.p31noticias.com.br\/?p=50792\" \/>\n<meta property=\"og:locale\" content=\"pt_BR\" \/>\n<meta property=\"og:type\" content=\"article\" \/>\n<meta property=\"og:title\" content=\"Centro 18 de Maio garante atendimento especializado v\u00edtimas de abuso sexual infantojuvenil\" \/>\n<meta property=\"og:description\" content=\"Aos 8 anos, Jos\u00e9 (nome fict\u00edcio) estranhava as brincadeiras que a bab\u00e1 fazia, mas n\u00e3o sabia dizer o porqu\u00ea de se sentir desconfort\u00e1vel. Apenas quando adulto, conseguiu nomear o abuso sexual vivenciado e contar para a m\u00e3e. Meninos e meninas de at\u00e9 13 anos s\u00e3o as principais v\u00edtimas de estupro, o que corresponde a 61,4% [&hellip;]\" \/>\n<meta property=\"og:url\" content=\"https:\/\/www.p31noticias.com.br\/?p=50792\" \/>\n<meta property=\"og:site_name\" content=\"P31\" \/>\n<meta property=\"article:published_time\" content=\"2024-05-17T16:30:43+00:00\" \/>\n<meta property=\"og:image\" content=\"https:\/\/www.p31noticias.com.br\/wp-content\/uploads\/2024\/05\/18-maio-jhonatan-vieira-scaled-OOeFfC-150x150-Q19kiG.jpeg\" \/>\n\t<meta property=\"og:image:width\" content=\"150\" \/>\n\t<meta property=\"og:image:height\" content=\"150\" \/>\n\t<meta property=\"og:image:type\" content=\"image\/jpeg\" \/>\n<meta name=\"twitter:card\" content=\"summary_large_image\" \/>\n<script type=\"application\/ld+json\" class=\"yoast-schema-graph\">{\"@context\":\"https:\\\/\\\/schema.org\",\"@graph\":[{\"@type\":\"Article\",\"@id\":\"https:\\\/\\\/www.p31noticias.com.br\\\/?p=50792#article\",\"isPartOf\":{\"@id\":\"https:\\\/\\\/www.p31noticias.com.br\\\/?p=50792\"},\"author\":{\"name\":\"\",\"@id\":\"\"},\"headline\":\"Centro 18 de Maio garante atendimento especializado v\u00edtimas de abuso sexual infantojuvenil\",\"datePublished\":\"2024-05-17T16:30:43+00:00\",\"mainEntityOfPage\":{\"@id\":\"https:\\\/\\\/www.p31noticias.com.br\\\/?p=50792\"},\"wordCount\":92,\"commentCount\":0,\"image\":{\"@id\":\"https:\\\/\\\/www.p31noticias.com.br\\\/?p=50792#primaryimage\"},\"thumbnailUrl\":\"https:\\\/\\\/www.p31noticias.com.br\\\/wp-content\\\/uploads\\\/2024\\\/05\\\/18-maio-jhonatan-vieira-scaled-OOeFfC-150x150-Q19kiG.jpeg\",\"articleSection\":[\"Bras\u00edlia\"],\"inLanguage\":\"pt-BR\",\"potentialAction\":[{\"@type\":\"CommentAction\",\"name\":\"Comment\",\"target\":[\"https:\\\/\\\/www.p31noticias.com.br\\\/?p=50792#respond\"]}],\"copyrightYear\":\"2024\",\"copyrightHolder\":{\"@id\":\"https:\\\/\\\/www.p31noticias.com.br\\\/#organization\"}},{\"@type\":\"WebPage\",\"@id\":\"https:\\\/\\\/www.p31noticias.com.br\\\/?p=50792\",\"url\":\"https:\\\/\\\/www.p31noticias.com.br\\\/?p=50792\",\"name\":\"Centro 18 de Maio garante atendimento especializado v\u00edtimas de abuso sexual infantojuvenil - P31\",\"isPartOf\":{\"@id\":\"https:\\\/\\\/www.p31noticias.com.br\\\/#website\"},\"primaryImageOfPage\":{\"@id\":\"https:\\\/\\\/www.p31noticias.com.br\\\/?p=50792#primaryimage\"},\"image\":{\"@id\":\"https:\\\/\\\/www.p31noticias.com.br\\\/?p=50792#primaryimage\"},\"thumbnailUrl\":\"https:\\\/\\\/www.p31noticias.com.br\\\/wp-content\\\/uploads\\\/2024\\\/05\\\/18-maio-jhonatan-vieira-scaled-OOeFfC-150x150-Q19kiG.jpeg\",\"datePublished\":\"2024-05-17T16:30:43+00:00\",\"author\":{\"@id\":\"\"},\"breadcrumb\":{\"@id\":\"https:\\\/\\\/www.p31noticias.com.br\\\/?p=50792#breadcrumb\"},\"inLanguage\":\"pt-BR\",\"potentialAction\":[{\"@type\":\"ReadAction\",\"target\":[\"https:\\\/\\\/www.p31noticias.com.br\\\/?p=50792\"]}]},{\"@type\":\"ImageObject\",\"inLanguage\":\"pt-BR\",\"@id\":\"https:\\\/\\\/www.p31noticias.com.br\\\/?p=50792#primaryimage\",\"url\":\"https:\\\/\\\/www.p31noticias.com.br\\\/wp-content\\\/uploads\\\/2024\\\/05\\\/18-maio-jhonatan-vieira-scaled-OOeFfC-150x150-Q19kiG.jpeg\",\"contentUrl\":\"https:\\\/\\\/www.p31noticias.com.br\\\/wp-content\\\/uploads\\\/2024\\\/05\\\/18-maio-jhonatan-vieira-scaled-OOeFfC-150x150-Q19kiG.jpeg\",\"width\":150,\"height\":150},{\"@type\":\"BreadcrumbList\",\"@id\":\"https:\\\/\\\/www.p31noticias.com.br\\\/?p=50792#breadcrumb\",\"itemListElement\":[{\"@type\":\"ListItem\",\"position\":1,\"name\":\"In\u00edcio\",\"item\":\"https:\\\/\\\/www.p31noticias.com.br\\\/\"},{\"@type\":\"ListItem\",\"position\":2,\"name\":\"Centro 18 de Maio garante atendimento especializado v\u00edtimas de abuso sexual infantojuvenil\"}]},{\"@type\":\"WebSite\",\"@id\":\"https:\\\/\\\/www.p31noticias.com.br\\\/#website\",\"url\":\"https:\\\/\\\/www.p31noticias.com.br\\\/\",\"name\":\"P31\",\"description\":\"NOT\u00cdCIAS\",\"potentialAction\":[{\"@type\":\"SearchAction\",\"target\":{\"@type\":\"EntryPoint\",\"urlTemplate\":\"https:\\\/\\\/www.p31noticias.com.br\\\/?s={search_term_string}\"},\"query-input\":{\"@type\":\"PropertyValueSpecification\",\"valueRequired\":true,\"valueName\":\"search_term_string\"}}],\"inLanguage\":\"pt-BR\"}]}<\/script>\n<!-- \/ Yoast SEO Premium plugin. -->","yoast_head_json":{"title":"Centro 18 de Maio garante atendimento especializado v\u00edtimas de abuso sexual infantojuvenil - P31","robots":{"index":"index","follow":"follow","max-snippet":"max-snippet:-1","max-image-preview":"max-image-preview:large","max-video-preview":"max-video-preview:-1"},"canonical":"https:\/\/www.p31noticias.com.br\/?p=50792","og_locale":"pt_BR","og_type":"article","og_title":"Centro 18 de Maio garante atendimento especializado v\u00edtimas de abuso sexual infantojuvenil","og_description":"Aos 8 anos, Jos\u00e9 (nome fict\u00edcio) estranhava as brincadeiras que a bab\u00e1 fazia, mas n\u00e3o sabia dizer o porqu\u00ea de se sentir desconfort\u00e1vel. Apenas quando adulto, conseguiu nomear o abuso sexual vivenciado e contar para a m\u00e3e. Meninos e meninas de at\u00e9 13 anos s\u00e3o as principais v\u00edtimas de estupro, o que corresponde a 61,4% [&hellip;]","og_url":"https:\/\/www.p31noticias.com.br\/?p=50792","og_site_name":"P31","article_published_time":"2024-05-17T16:30:43+00:00","og_image":[{"width":150,"height":150,"url":"https:\/\/www.p31noticias.com.br\/wp-content\/uploads\/2024\/05\/18-maio-jhonatan-vieira-scaled-OOeFfC-150x150-Q19kiG.jpeg","type":"image\/jpeg"}],"twitter_card":"summary_large_image","schema":{"@context":"https:\/\/schema.org","@graph":[{"@type":"Article","@id":"https:\/\/www.p31noticias.com.br\/?p=50792#article","isPartOf":{"@id":"https:\/\/www.p31noticias.com.br\/?p=50792"},"author":{"name":"","@id":""},"headline":"Centro 18 de Maio garante atendimento especializado v\u00edtimas de abuso sexual infantojuvenil","datePublished":"2024-05-17T16:30:43+00:00","mainEntityOfPage":{"@id":"https:\/\/www.p31noticias.com.br\/?p=50792"},"wordCount":92,"commentCount":0,"image":{"@id":"https:\/\/www.p31noticias.com.br\/?p=50792#primaryimage"},"thumbnailUrl":"https:\/\/www.p31noticias.com.br\/wp-content\/uploads\/2024\/05\/18-maio-jhonatan-vieira-scaled-OOeFfC-150x150-Q19kiG.jpeg","articleSection":["Bras\u00edlia"],"inLanguage":"pt-BR","potentialAction":[{"@type":"CommentAction","name":"Comment","target":["https:\/\/www.p31noticias.com.br\/?p=50792#respond"]}],"copyrightYear":"2024","copyrightHolder":{"@id":"https:\/\/www.p31noticias.com.br\/#organization"}},{"@type":"WebPage","@id":"https:\/\/www.p31noticias.com.br\/?p=50792","url":"https:\/\/www.p31noticias.com.br\/?p=50792","name":"Centro 18 de Maio garante atendimento especializado v\u00edtimas de abuso sexual infantojuvenil - P31","isPartOf":{"@id":"https:\/\/www.p31noticias.com.br\/#website"},"primaryImageOfPage":{"@id":"https:\/\/www.p31noticias.com.br\/?p=50792#primaryimage"},"image":{"@id":"https:\/\/www.p31noticias.com.br\/?p=50792#primaryimage"},"thumbnailUrl":"https:\/\/www.p31noticias.com.br\/wp-content\/uploads\/2024\/05\/18-maio-jhonatan-vieira-scaled-OOeFfC-150x150-Q19kiG.jpeg","datePublished":"2024-05-17T16:30:43+00:00","author":{"@id":""},"breadcrumb":{"@id":"https:\/\/www.p31noticias.com.br\/?p=50792#breadcrumb"},"inLanguage":"pt-BR","potentialAction":[{"@type":"ReadAction","target":["https:\/\/www.p31noticias.com.br\/?p=50792"]}]},{"@type":"ImageObject","inLanguage":"pt-BR","@id":"https:\/\/www.p31noticias.com.br\/?p=50792#primaryimage","url":"https:\/\/www.p31noticias.com.br\/wp-content\/uploads\/2024\/05\/18-maio-jhonatan-vieira-scaled-OOeFfC-150x150-Q19kiG.jpeg","contentUrl":"https:\/\/www.p31noticias.com.br\/wp-content\/uploads\/2024\/05\/18-maio-jhonatan-vieira-scaled-OOeFfC-150x150-Q19kiG.jpeg","width":150,"height":150},{"@type":"BreadcrumbList","@id":"https:\/\/www.p31noticias.com.br\/?p=50792#breadcrumb","itemListElement":[{"@type":"ListItem","position":1,"name":"In\u00edcio","item":"https:\/\/www.p31noticias.com.br\/"},{"@type":"ListItem","position":2,"name":"Centro 18 de Maio garante atendimento especializado v\u00edtimas de abuso sexual infantojuvenil"}]},{"@type":"WebSite","@id":"https:\/\/www.p31noticias.com.br\/#website","url":"https:\/\/www.p31noticias.com.br\/","name":"P31","description":"NOT\u00cdCIAS","potentialAction":[{"@type":"SearchAction","target":{"@type":"EntryPoint","urlTemplate":"https:\/\/www.p31noticias.com.br\/?s={search_term_string}"},"query-input":{"@type":"PropertyValueSpecification","valueRequired":true,"valueName":"search_term_string"}}],"inLanguage":"pt-BR"}]}},"amp_enabled":true,"_links":{"self":[{"href":"https:\/\/www.p31noticias.com.br\/index.php?rest_route=\/wp\/v2\/posts\/50792","targetHints":{"allow":["GET"]}}],"collection":[{"href":"https:\/\/www.p31noticias.com.br\/index.php?rest_route=\/wp\/v2\/posts"}],"about":[{"href":"https:\/\/www.p31noticias.com.br\/index.php?rest_route=\/wp\/v2\/types\/post"}],"replies":[{"embeddable":true,"href":"https:\/\/www.p31noticias.com.br\/index.php?rest_route=%2Fwp%2Fv2%2Fcomments&post=50792"}],"version-history":[{"count":0,"href":"https:\/\/www.p31noticias.com.br\/index.php?rest_route=\/wp\/v2\/posts\/50792\/revisions"}],"wp:featuredmedia":[{"embeddable":true,"href":"https:\/\/www.p31noticias.com.br\/index.php?rest_route=\/wp\/v2\/media\/50793"}],"wp:attachment":[{"href":"https:\/\/www.p31noticias.com.br\/index.php?rest_route=%2Fwp%2Fv2%2Fmedia&parent=50792"}],"wp:term":[{"taxonomy":"category","embeddable":true,"href":"https:\/\/www.p31noticias.com.br\/index.php?rest_route=%2Fwp%2Fv2%2Fcategories&post=50792"},{"taxonomy":"post_tag","embeddable":true,"href":"https:\/\/www.p31noticias.com.br\/index.php?rest_route=%2Fwp%2Fv2%2Ftags&post=50792"}],"curies":[{"name":"wp","href":"https:\/\/api.w.org\/{rel}","templated":true}]}}