{"id":50790,"date":"2024-05-17T13:30:42","date_gmt":"2024-05-17T16:30:42","guid":{"rendered":"https:\/\/p31noticias.com.br\/administracao-regional-de-ceilandia-e-slu-promovem-acoes-na-cidade\/"},"modified":"2024-05-17T13:30:42","modified_gmt":"2024-05-17T16:30:42","slug":"administracao-regional-de-ceilandia-e-slu-promovem-acoes-na-cidade","status":"publish","type":"post","link":"https:\/\/www.p31noticias.com.br\/?p=50790","title":{"rendered":"Administra\u00e7\u00e3o Regional de Ceil\u00e2ndia e SLU promovem a\u00e7\u00f5es na cidade"},"content":{"rendered":"<p>Sempre atenta, a \u00a0Administra\u00e7\u00e3o Regional de Ceil\u00e2ndia, em parceria com o Servi\u00e7o de Limpeza Urbana (SLU), est\u00e1 intensificando suas a\u00e7\u00f5es para recuperar locais de descarte incorreto de lixo na regi\u00e3o. Este trabalho conjunto tem como prop\u00f3sito n\u00e3o apenas corrigir os problemas existentes, mas principalmente conscientizar a popula\u00e7\u00e3o sobre a import\u00e2ncia de preservar o meio ambiente [\u2026]<\/p>\n<p>O post <a href=\"https:\/\/www.delioandrade.com.br\/administracao-regional-de-ceilandia-e-slu-promovem-acoes-na-cidade\/\">Administra\u00e7\u00e3o Regional de Ceil\u00e2ndia e SLU promovem a\u00e7\u00f5es na cidade<\/a> apareceu primeiro em <a href=\"https:\/\/www.delioandrade.com.br\/\">Blog do D\u00c9LIO ANDRADE<\/a>.<\/p>\n","protected":false},"excerpt":{"rendered":"<p>Sempre atenta, a \u00a0Administra\u00e7\u00e3o Regional de Ceil\u00e2ndia, em parceria com o Servi\u00e7o de Limpeza Urbana (SLU), est\u00e1 intensificando suas a\u00e7\u00f5es para recuperar locais de descarte incorreto de lixo na regi\u00e3o. Este trabalho conjunto tem como prop\u00f3sito n\u00e3o apenas corrigir os problemas existentes, mas principalmente conscientizar a popula\u00e7\u00e3o sobre a import\u00e2ncia de preservar o meio ambiente [&hellip;]<\/p>\n","protected":false},"author":0,"featured_media":50791,"comment_status":"open","ping_status":"open","sticky":false,"template":"","format":"standard","meta":{"footnotes":""},"categories":[21],"tags":[],"class_list":{"0":"post-50790","1":"post","2":"type-post","3":"status-publish","4":"format-standard","5":"has-post-thumbnail","7":"category-brasilia"},"yoast_head":"<!-- This site is optimized with the Yoast SEO Premium plugin v24.5 (Yoast SEO v27.5) - https:\/\/yoast.com\/product\/yoast-seo-premium-wordpress\/ -->\n<title>Administra\u00e7\u00e3o Regional de Ceil\u00e2ndia e SLU promovem a\u00e7\u00f5es na cidade - P31<\/title>\n<meta name=\"robots\" content=\"index, follow, max-snippet:-1, max-image-preview:large, max-video-preview:-1\" \/>\n<link rel=\"canonical\" href=\"https:\/\/www.p31noticias.com.br\/?p=50790\" \/>\n<meta property=\"og:locale\" content=\"pt_BR\" \/>\n<meta property=\"og:type\" content=\"article\" \/>\n<meta property=\"og:title\" content=\"Administra\u00e7\u00e3o Regional de Ceil\u00e2ndia e SLU promovem a\u00e7\u00f5es na cidade\" \/>\n<meta property=\"og:description\" content=\"Sempre atenta, a \u00a0Administra\u00e7\u00e3o Regional de Ceil\u00e2ndia, em parceria com o Servi\u00e7o de Limpeza Urbana (SLU), est\u00e1 intensificando suas a\u00e7\u00f5es para recuperar locais de descarte incorreto de lixo na regi\u00e3o. Este trabalho conjunto tem como prop\u00f3sito n\u00e3o apenas corrigir os problemas existentes, mas principalmente conscientizar a popula\u00e7\u00e3o sobre a import\u00e2ncia de preservar o meio ambiente [&hellip;]\" \/>\n<meta property=\"og:url\" content=\"https:\/\/www.p31noticias.com.br\/?p=50790\" \/>\n<meta property=\"og:site_name\" content=\"P31\" \/>\n<meta property=\"article:published_time\" content=\"2024-05-17T16:30:42+00:00\" \/>\n<meta property=\"og:image\" content=\"https:\/\/www.p31noticias.com.br\/wp-content\/uploads\/2024\/05\/sluceilandia-1-150x150-l7hut2-aJwsnW.jpeg\" \/>\n\t<meta property=\"og:image:width\" content=\"150\" \/>\n\t<meta property=\"og:image:height\" content=\"150\" \/>\n\t<meta property=\"og:image:type\" content=\"image\/jpeg\" \/>\n<meta name=\"twitter:card\" content=\"summary_large_image\" \/>\n<script type=\"application\/ld+json\" class=\"yoast-schema-graph\">{\"@context\":\"https:\\\/\\\/schema.org\",\"@graph\":[{\"@type\":\"Article\",\"@id\":\"https:\\\/\\\/www.p31noticias.com.br\\\/?p=50790#article\",\"isPartOf\":{\"@id\":\"https:\\\/\\\/www.p31noticias.com.br\\\/?p=50790\"},\"author\":{\"name\":\"\",\"@id\":\"\"},\"headline\":\"Administra\u00e7\u00e3o Regional de Ceil\u00e2ndia e SLU promovem a\u00e7\u00f5es na cidade\",\"datePublished\":\"2024-05-17T16:30:42+00:00\",\"mainEntityOfPage\":{\"@id\":\"https:\\\/\\\/www.p31noticias.com.br\\\/?p=50790\"},\"wordCount\":100,\"commentCount\":0,\"image\":{\"@id\":\"https:\\\/\\\/www.p31noticias.com.br\\\/?p=50790#primaryimage\"},\"thumbnailUrl\":\"https:\\\/\\\/www.p31noticias.com.br\\\/wp-content\\\/uploads\\\/2024\\\/05\\\/sluceilandia-1-150x150-l7hut2-aJwsnW.jpeg\",\"articleSection\":[\"Bras\u00edlia\"],\"inLanguage\":\"pt-BR\",\"potentialAction\":[{\"@type\":\"CommentAction\",\"name\":\"Comment\",\"target\":[\"https:\\\/\\\/www.p31noticias.com.br\\\/?p=50790#respond\"]}],\"copyrightYear\":\"2024\",\"copyrightHolder\":{\"@id\":\"https:\\\/\\\/www.p31noticias.com.br\\\/#organization\"}},{\"@type\":\"WebPage\",\"@id\":\"https:\\\/\\\/www.p31noticias.com.br\\\/?p=50790\",\"url\":\"https:\\\/\\\/www.p31noticias.com.br\\\/?p=50790\",\"name\":\"Administra\u00e7\u00e3o Regional de Ceil\u00e2ndia e SLU promovem a\u00e7\u00f5es na cidade - P31\",\"isPartOf\":{\"@id\":\"https:\\\/\\\/www.p31noticias.com.br\\\/#website\"},\"primaryImageOfPage\":{\"@id\":\"https:\\\/\\\/www.p31noticias.com.br\\\/?p=50790#primaryimage\"},\"image\":{\"@id\":\"https:\\\/\\\/www.p31noticias.com.br\\\/?p=50790#primaryimage\"},\"thumbnailUrl\":\"https:\\\/\\\/www.p31noticias.com.br\\\/wp-content\\\/uploads\\\/2024\\\/05\\\/sluceilandia-1-150x150-l7hut2-aJwsnW.jpeg\",\"datePublished\":\"2024-05-17T16:30:42+00:00\",\"author\":{\"@id\":\"\"},\"breadcrumb\":{\"@id\":\"https:\\\/\\\/www.p31noticias.com.br\\\/?p=50790#breadcrumb\"},\"inLanguage\":\"pt-BR\",\"potentialAction\":[{\"@type\":\"ReadAction\",\"target\":[\"https:\\\/\\\/www.p31noticias.com.br\\\/?p=50790\"]}]},{\"@type\":\"ImageObject\",\"inLanguage\":\"pt-BR\",\"@id\":\"https:\\\/\\\/www.p31noticias.com.br\\\/?p=50790#primaryimage\",\"url\":\"https:\\\/\\\/www.p31noticias.com.br\\\/wp-content\\\/uploads\\\/2024\\\/05\\\/sluceilandia-1-150x150-l7hut2-aJwsnW.jpeg\",\"contentUrl\":\"https:\\\/\\\/www.p31noticias.com.br\\\/wp-content\\\/uploads\\\/2024\\\/05\\\/sluceilandia-1-150x150-l7hut2-aJwsnW.jpeg\",\"width\":150,\"height\":150},{\"@type\":\"BreadcrumbList\",\"@id\":\"https:\\\/\\\/www.p31noticias.com.br\\\/?p=50790#breadcrumb\",\"itemListElement\":[{\"@type\":\"ListItem\",\"position\":1,\"name\":\"In\u00edcio\",\"item\":\"https:\\\/\\\/www.p31noticias.com.br\\\/\"},{\"@type\":\"ListItem\",\"position\":2,\"name\":\"Administra\u00e7\u00e3o Regional de Ceil\u00e2ndia e SLU promovem a\u00e7\u00f5es na cidade\"}]},{\"@type\":\"WebSite\",\"@id\":\"https:\\\/\\\/www.p31noticias.com.br\\\/#website\",\"url\":\"https:\\\/\\\/www.p31noticias.com.br\\\/\",\"name\":\"P31\",\"description\":\"NOT\u00cdCIAS\",\"potentialAction\":[{\"@type\":\"SearchAction\",\"target\":{\"@type\":\"EntryPoint\",\"urlTemplate\":\"https:\\\/\\\/www.p31noticias.com.br\\\/?s={search_term_string}\"},\"query-input\":{\"@type\":\"PropertyValueSpecification\",\"valueRequired\":true,\"valueName\":\"search_term_string\"}}],\"inLanguage\":\"pt-BR\"}]}<\/script>\n<!-- \/ Yoast SEO Premium plugin. -->","yoast_head_json":{"title":"Administra\u00e7\u00e3o Regional de Ceil\u00e2ndia e SLU promovem a\u00e7\u00f5es na cidade - P31","robots":{"index":"index","follow":"follow","max-snippet":"max-snippet:-1","max-image-preview":"max-image-preview:large","max-video-preview":"max-video-preview:-1"},"canonical":"https:\/\/www.p31noticias.com.br\/?p=50790","og_locale":"pt_BR","og_type":"article","og_title":"Administra\u00e7\u00e3o Regional de Ceil\u00e2ndia e SLU promovem a\u00e7\u00f5es na cidade","og_description":"Sempre atenta, a \u00a0Administra\u00e7\u00e3o Regional de Ceil\u00e2ndia, em parceria com o Servi\u00e7o de Limpeza Urbana (SLU), est\u00e1 intensificando suas a\u00e7\u00f5es para recuperar locais de descarte incorreto de lixo na regi\u00e3o. Este trabalho conjunto tem como prop\u00f3sito n\u00e3o apenas corrigir os problemas existentes, mas principalmente conscientizar a popula\u00e7\u00e3o sobre a import\u00e2ncia de preservar o meio ambiente [&hellip;]","og_url":"https:\/\/www.p31noticias.com.br\/?p=50790","og_site_name":"P31","article_published_time":"2024-05-17T16:30:42+00:00","og_image":[{"width":150,"height":150,"url":"https:\/\/www.p31noticias.com.br\/wp-content\/uploads\/2024\/05\/sluceilandia-1-150x150-l7hut2-aJwsnW.jpeg","type":"image\/jpeg"}],"twitter_card":"summary_large_image","schema":{"@context":"https:\/\/schema.org","@graph":[{"@type":"Article","@id":"https:\/\/www.p31noticias.com.br\/?p=50790#article","isPartOf":{"@id":"https:\/\/www.p31noticias.com.br\/?p=50790"},"author":{"name":"","@id":""},"headline":"Administra\u00e7\u00e3o Regional de Ceil\u00e2ndia e SLU promovem a\u00e7\u00f5es na cidade","datePublished":"2024-05-17T16:30:42+00:00","mainEntityOfPage":{"@id":"https:\/\/www.p31noticias.com.br\/?p=50790"},"wordCount":100,"commentCount":0,"image":{"@id":"https:\/\/www.p31noticias.com.br\/?p=50790#primaryimage"},"thumbnailUrl":"https:\/\/www.p31noticias.com.br\/wp-content\/uploads\/2024\/05\/sluceilandia-1-150x150-l7hut2-aJwsnW.jpeg","articleSection":["Bras\u00edlia"],"inLanguage":"pt-BR","potentialAction":[{"@type":"CommentAction","name":"Comment","target":["https:\/\/www.p31noticias.com.br\/?p=50790#respond"]}],"copyrightYear":"2024","copyrightHolder":{"@id":"https:\/\/www.p31noticias.com.br\/#organization"}},{"@type":"WebPage","@id":"https:\/\/www.p31noticias.com.br\/?p=50790","url":"https:\/\/www.p31noticias.com.br\/?p=50790","name":"Administra\u00e7\u00e3o Regional de Ceil\u00e2ndia e SLU promovem a\u00e7\u00f5es na cidade - P31","isPartOf":{"@id":"https:\/\/www.p31noticias.com.br\/#website"},"primaryImageOfPage":{"@id":"https:\/\/www.p31noticias.com.br\/?p=50790#primaryimage"},"image":{"@id":"https:\/\/www.p31noticias.com.br\/?p=50790#primaryimage"},"thumbnailUrl":"https:\/\/www.p31noticias.com.br\/wp-content\/uploads\/2024\/05\/sluceilandia-1-150x150-l7hut2-aJwsnW.jpeg","datePublished":"2024-05-17T16:30:42+00:00","author":{"@id":""},"breadcrumb":{"@id":"https:\/\/www.p31noticias.com.br\/?p=50790#breadcrumb"},"inLanguage":"pt-BR","potentialAction":[{"@type":"ReadAction","target":["https:\/\/www.p31noticias.com.br\/?p=50790"]}]},{"@type":"ImageObject","inLanguage":"pt-BR","@id":"https:\/\/www.p31noticias.com.br\/?p=50790#primaryimage","url":"https:\/\/www.p31noticias.com.br\/wp-content\/uploads\/2024\/05\/sluceilandia-1-150x150-l7hut2-aJwsnW.jpeg","contentUrl":"https:\/\/www.p31noticias.com.br\/wp-content\/uploads\/2024\/05\/sluceilandia-1-150x150-l7hut2-aJwsnW.jpeg","width":150,"height":150},{"@type":"BreadcrumbList","@id":"https:\/\/www.p31noticias.com.br\/?p=50790#breadcrumb","itemListElement":[{"@type":"ListItem","position":1,"name":"In\u00edcio","item":"https:\/\/www.p31noticias.com.br\/"},{"@type":"ListItem","position":2,"name":"Administra\u00e7\u00e3o Regional de Ceil\u00e2ndia e SLU promovem a\u00e7\u00f5es na cidade"}]},{"@type":"WebSite","@id":"https:\/\/www.p31noticias.com.br\/#website","url":"https:\/\/www.p31noticias.com.br\/","name":"P31","description":"NOT\u00cdCIAS","potentialAction":[{"@type":"SearchAction","target":{"@type":"EntryPoint","urlTemplate":"https:\/\/www.p31noticias.com.br\/?s={search_term_string}"},"query-input":{"@type":"PropertyValueSpecification","valueRequired":true,"valueName":"search_term_string"}}],"inLanguage":"pt-BR"}]}},"amp_enabled":true,"_links":{"self":[{"href":"https:\/\/www.p31noticias.com.br\/index.php?rest_route=\/wp\/v2\/posts\/50790","targetHints":{"allow":["GET"]}}],"collection":[{"href":"https:\/\/www.p31noticias.com.br\/index.php?rest_route=\/wp\/v2\/posts"}],"about":[{"href":"https:\/\/www.p31noticias.com.br\/index.php?rest_route=\/wp\/v2\/types\/post"}],"replies":[{"embeddable":true,"href":"https:\/\/www.p31noticias.com.br\/index.php?rest_route=%2Fwp%2Fv2%2Fcomments&post=50790"}],"version-history":[{"count":0,"href":"https:\/\/www.p31noticias.com.br\/index.php?rest_route=\/wp\/v2\/posts\/50790\/revisions"}],"wp:featuredmedia":[{"embeddable":true,"href":"https:\/\/www.p31noticias.com.br\/index.php?rest_route=\/wp\/v2\/media\/50791"}],"wp:attachment":[{"href":"https:\/\/www.p31noticias.com.br\/index.php?rest_route=%2Fwp%2Fv2%2Fmedia&parent=50790"}],"wp:term":[{"taxonomy":"category","embeddable":true,"href":"https:\/\/www.p31noticias.com.br\/index.php?rest_route=%2Fwp%2Fv2%2Fcategories&post=50790"},{"taxonomy":"post_tag","embeddable":true,"href":"https:\/\/www.p31noticias.com.br\/index.php?rest_route=%2Fwp%2Fv2%2Ftags&post=50790"}],"curies":[{"name":"wp","href":"https:\/\/api.w.org\/{rel}","templated":true}]}}