{"id":50784,"date":"2024-05-17T11:31:58","date_gmt":"2024-05-17T14:31:58","guid":{"rendered":"https:\/\/p31noticias.com.br\/vidigal-chefe-do-comando-vermelho-em-angra-e-preso-com-seis-fuzis\/"},"modified":"2024-05-17T11:31:58","modified_gmt":"2024-05-17T14:31:58","slug":"vidigal-chefe-do-comando-vermelho-em-angra-e-preso-com-seis-fuzis","status":"publish","type":"post","link":"https:\/\/www.p31noticias.com.br\/?p=50784","title":{"rendered":"\u201cVidigal\u201d: chefe do Comando Vermelho em Angra \u00e9 preso com seis fuzis"},"content":{"rendered":"<p>Willemsen Luiz da Silva (foto em destaque), apontado como chefe do tr\u00e1fico de drogas em Angra dos Reis (RJ), na Regi\u00e3o Costa Verde Fluminense, foi preso durante uma opera\u00e7\u00e3o da Pol\u00edcia Federal (PF) deflagrada nessa quarta-feira (14\/5). Conhecido como \u201cVidigal\u201d ou \u201cSerrinha\u201d, o criminoso integra o Comando Vermelho (CV). O traficante foi localizado pelos investigadores [\u2026]<\/p>\n<p>O post <a href=\"https:\/\/www.delioandrade.com.br\/vidigal-chefe-do-comando-vermelho-em-angra-e-preso-com-seis-fuzis\/\">\u201cVidigal\u201d: chefe do Comando Vermelho em Angra \u00e9 preso com seis fuzis<\/a> apareceu primeiro em <a href=\"https:\/\/www.delioandrade.com.br\/\">Blog do D\u00c9LIO ANDRADE<\/a>.<\/p>\n","protected":false},"excerpt":{"rendered":"<p>Willemsen Luiz da Silva (foto em destaque), apontado como chefe do tr\u00e1fico de drogas em Angra dos Reis (RJ), na Regi\u00e3o Costa Verde Fluminense, foi preso durante uma opera\u00e7\u00e3o da Pol\u00edcia Federal (PF) deflagrada nessa quarta-feira (14\/5). Conhecido como \u201cVidigal\u201d ou \u201cSerrinha\u201d, o criminoso integra o Comando Vermelho (CV). O traficante foi localizado pelos investigadores [&hellip;]<\/p>\n","protected":false},"author":0,"featured_media":0,"comment_status":"open","ping_status":"open","sticky":false,"template":"","format":"standard","meta":{"footnotes":""},"categories":[21],"tags":[],"class_list":{"0":"post-50784","1":"post","2":"type-post","3":"status-publish","4":"format-standard","6":"category-brasilia"},"yoast_head":"<!-- This site is optimized with the Yoast SEO Premium plugin v24.5 (Yoast SEO v27.5) - https:\/\/yoast.com\/product\/yoast-seo-premium-wordpress\/ -->\n<title>\u201cVidigal\u201d: chefe do Comando Vermelho em Angra \u00e9 preso com seis fuzis - P31<\/title>\n<meta name=\"robots\" content=\"index, follow, max-snippet:-1, max-image-preview:large, max-video-preview:-1\" \/>\n<link rel=\"canonical\" href=\"https:\/\/www.p31noticias.com.br\/?p=50784\" \/>\n<meta property=\"og:locale\" content=\"pt_BR\" \/>\n<meta property=\"og:type\" content=\"article\" \/>\n<meta property=\"og:title\" content=\"\u201cVidigal\u201d: chefe do Comando Vermelho em Angra \u00e9 preso com seis fuzis\" \/>\n<meta property=\"og:description\" content=\"Willemsen Luiz da Silva (foto em destaque), apontado como chefe do tr\u00e1fico de drogas em Angra dos Reis (RJ), na Regi\u00e3o Costa Verde Fluminense, foi preso durante uma opera\u00e7\u00e3o da Pol\u00edcia Federal (PF) deflagrada nessa quarta-feira (14\/5). Conhecido como \u201cVidigal\u201d ou \u201cSerrinha\u201d, o criminoso integra o Comando Vermelho (CV). O traficante foi localizado pelos investigadores [&hellip;]\" \/>\n<meta property=\"og:url\" content=\"https:\/\/www.p31noticias.com.br\/?p=50784\" \/>\n<meta property=\"og:site_name\" content=\"P31\" \/>\n<meta property=\"article:published_time\" content=\"2024-05-17T14:31:58+00:00\" \/>\n<meta name=\"twitter:card\" content=\"summary_large_image\" \/>\n<script type=\"application\/ld+json\" class=\"yoast-schema-graph\">{\"@context\":\"https:\\\/\\\/schema.org\",\"@graph\":[{\"@type\":\"Article\",\"@id\":\"https:\\\/\\\/www.p31noticias.com.br\\\/?p=50784#article\",\"isPartOf\":{\"@id\":\"https:\\\/\\\/www.p31noticias.com.br\\\/?p=50784\"},\"author\":{\"name\":\"\",\"@id\":\"\"},\"headline\":\"\u201cVidigal\u201d: chefe do Comando Vermelho em Angra \u00e9 preso com seis fuzis\",\"datePublished\":\"2024-05-17T14:31:58+00:00\",\"mainEntityOfPage\":{\"@id\":\"https:\\\/\\\/www.p31noticias.com.br\\\/?p=50784\"},\"wordCount\":90,\"commentCount\":0,\"articleSection\":[\"Bras\u00edlia\"],\"inLanguage\":\"pt-BR\",\"potentialAction\":[{\"@type\":\"CommentAction\",\"name\":\"Comment\",\"target\":[\"https:\\\/\\\/www.p31noticias.com.br\\\/?p=50784#respond\"]}],\"copyrightYear\":\"2024\",\"copyrightHolder\":{\"@id\":\"https:\\\/\\\/www.p31noticias.com.br\\\/#organization\"}},{\"@type\":\"WebPage\",\"@id\":\"https:\\\/\\\/www.p31noticias.com.br\\\/?p=50784\",\"url\":\"https:\\\/\\\/www.p31noticias.com.br\\\/?p=50784\",\"name\":\"\u201cVidigal\u201d: chefe do Comando Vermelho em Angra \u00e9 preso com seis fuzis - P31\",\"isPartOf\":{\"@id\":\"https:\\\/\\\/www.p31noticias.com.br\\\/#website\"},\"datePublished\":\"2024-05-17T14:31:58+00:00\",\"author\":{\"@id\":\"\"},\"breadcrumb\":{\"@id\":\"https:\\\/\\\/www.p31noticias.com.br\\\/?p=50784#breadcrumb\"},\"inLanguage\":\"pt-BR\",\"potentialAction\":[{\"@type\":\"ReadAction\",\"target\":[\"https:\\\/\\\/www.p31noticias.com.br\\\/?p=50784\"]}]},{\"@type\":\"BreadcrumbList\",\"@id\":\"https:\\\/\\\/www.p31noticias.com.br\\\/?p=50784#breadcrumb\",\"itemListElement\":[{\"@type\":\"ListItem\",\"position\":1,\"name\":\"In\u00edcio\",\"item\":\"https:\\\/\\\/www.p31noticias.com.br\\\/\"},{\"@type\":\"ListItem\",\"position\":2,\"name\":\"\u201cVidigal\u201d: chefe do Comando Vermelho em Angra \u00e9 preso com seis fuzis\"}]},{\"@type\":\"WebSite\",\"@id\":\"https:\\\/\\\/www.p31noticias.com.br\\\/#website\",\"url\":\"https:\\\/\\\/www.p31noticias.com.br\\\/\",\"name\":\"P31\",\"description\":\"NOT\u00cdCIAS\",\"potentialAction\":[{\"@type\":\"SearchAction\",\"target\":{\"@type\":\"EntryPoint\",\"urlTemplate\":\"https:\\\/\\\/www.p31noticias.com.br\\\/?s={search_term_string}\"},\"query-input\":{\"@type\":\"PropertyValueSpecification\",\"valueRequired\":true,\"valueName\":\"search_term_string\"}}],\"inLanguage\":\"pt-BR\"}]}<\/script>\n<!-- \/ Yoast SEO Premium plugin. -->","yoast_head_json":{"title":"\u201cVidigal\u201d: chefe do Comando Vermelho em Angra \u00e9 preso com seis fuzis - P31","robots":{"index":"index","follow":"follow","max-snippet":"max-snippet:-1","max-image-preview":"max-image-preview:large","max-video-preview":"max-video-preview:-1"},"canonical":"https:\/\/www.p31noticias.com.br\/?p=50784","og_locale":"pt_BR","og_type":"article","og_title":"\u201cVidigal\u201d: chefe do Comando Vermelho em Angra \u00e9 preso com seis fuzis","og_description":"Willemsen Luiz da Silva (foto em destaque), apontado como chefe do tr\u00e1fico de drogas em Angra dos Reis (RJ), na Regi\u00e3o Costa Verde Fluminense, foi preso durante uma opera\u00e7\u00e3o da Pol\u00edcia Federal (PF) deflagrada nessa quarta-feira (14\/5). Conhecido como \u201cVidigal\u201d ou \u201cSerrinha\u201d, o criminoso integra o Comando Vermelho (CV). O traficante foi localizado pelos investigadores [&hellip;]","og_url":"https:\/\/www.p31noticias.com.br\/?p=50784","og_site_name":"P31","article_published_time":"2024-05-17T14:31:58+00:00","twitter_card":"summary_large_image","schema":{"@context":"https:\/\/schema.org","@graph":[{"@type":"Article","@id":"https:\/\/www.p31noticias.com.br\/?p=50784#article","isPartOf":{"@id":"https:\/\/www.p31noticias.com.br\/?p=50784"},"author":{"name":"","@id":""},"headline":"\u201cVidigal\u201d: chefe do Comando Vermelho em Angra \u00e9 preso com seis fuzis","datePublished":"2024-05-17T14:31:58+00:00","mainEntityOfPage":{"@id":"https:\/\/www.p31noticias.com.br\/?p=50784"},"wordCount":90,"commentCount":0,"articleSection":["Bras\u00edlia"],"inLanguage":"pt-BR","potentialAction":[{"@type":"CommentAction","name":"Comment","target":["https:\/\/www.p31noticias.com.br\/?p=50784#respond"]}],"copyrightYear":"2024","copyrightHolder":{"@id":"https:\/\/www.p31noticias.com.br\/#organization"}},{"@type":"WebPage","@id":"https:\/\/www.p31noticias.com.br\/?p=50784","url":"https:\/\/www.p31noticias.com.br\/?p=50784","name":"\u201cVidigal\u201d: chefe do Comando Vermelho em Angra \u00e9 preso com seis fuzis - P31","isPartOf":{"@id":"https:\/\/www.p31noticias.com.br\/#website"},"datePublished":"2024-05-17T14:31:58+00:00","author":{"@id":""},"breadcrumb":{"@id":"https:\/\/www.p31noticias.com.br\/?p=50784#breadcrumb"},"inLanguage":"pt-BR","potentialAction":[{"@type":"ReadAction","target":["https:\/\/www.p31noticias.com.br\/?p=50784"]}]},{"@type":"BreadcrumbList","@id":"https:\/\/www.p31noticias.com.br\/?p=50784#breadcrumb","itemListElement":[{"@type":"ListItem","position":1,"name":"In\u00edcio","item":"https:\/\/www.p31noticias.com.br\/"},{"@type":"ListItem","position":2,"name":"\u201cVidigal\u201d: chefe do Comando Vermelho em Angra \u00e9 preso com seis fuzis"}]},{"@type":"WebSite","@id":"https:\/\/www.p31noticias.com.br\/#website","url":"https:\/\/www.p31noticias.com.br\/","name":"P31","description":"NOT\u00cdCIAS","potentialAction":[{"@type":"SearchAction","target":{"@type":"EntryPoint","urlTemplate":"https:\/\/www.p31noticias.com.br\/?s={search_term_string}"},"query-input":{"@type":"PropertyValueSpecification","valueRequired":true,"valueName":"search_term_string"}}],"inLanguage":"pt-BR"}]}},"amp_enabled":true,"_links":{"self":[{"href":"https:\/\/www.p31noticias.com.br\/index.php?rest_route=\/wp\/v2\/posts\/50784","targetHints":{"allow":["GET"]}}],"collection":[{"href":"https:\/\/www.p31noticias.com.br\/index.php?rest_route=\/wp\/v2\/posts"}],"about":[{"href":"https:\/\/www.p31noticias.com.br\/index.php?rest_route=\/wp\/v2\/types\/post"}],"replies":[{"embeddable":true,"href":"https:\/\/www.p31noticias.com.br\/index.php?rest_route=%2Fwp%2Fv2%2Fcomments&post=50784"}],"version-history":[{"count":0,"href":"https:\/\/www.p31noticias.com.br\/index.php?rest_route=\/wp\/v2\/posts\/50784\/revisions"}],"wp:attachment":[{"href":"https:\/\/www.p31noticias.com.br\/index.php?rest_route=%2Fwp%2Fv2%2Fmedia&parent=50784"}],"wp:term":[{"taxonomy":"category","embeddable":true,"href":"https:\/\/www.p31noticias.com.br\/index.php?rest_route=%2Fwp%2Fv2%2Fcategories&post=50784"},{"taxonomy":"post_tag","embeddable":true,"href":"https:\/\/www.p31noticias.com.br\/index.php?rest_route=%2Fwp%2Fv2%2Ftags&post=50784"}],"curies":[{"name":"wp","href":"https:\/\/api.w.org\/{rel}","templated":true}]}}