{"id":50778,"date":"2024-05-17T11:31:48","date_gmt":"2024-05-17T14:31:48","guid":{"rendered":"https:\/\/p31noticias.com.br\/sorteio-do-nota-legal-e-adiado-para-o-dia-27-de-junho\/"},"modified":"2024-05-17T11:31:48","modified_gmt":"2024-05-17T14:31:48","slug":"sorteio-do-nota-legal-e-adiado-para-o-dia-27-de-junho","status":"publish","type":"post","link":"https:\/\/www.p31noticias.com.br\/?p=50778","title":{"rendered":"Sorteio do Nota Legal \u00e9 adiado para o dia 27 de junho"},"content":{"rendered":"<p>Realizado pela Secretaria de Economia do Distrito Federal (Seec), o primeiro sorteio de 2024 do programa Nota Legal mudou de data. N\u00e3o ser\u00e1 mais em 23 de maio, mas sim em 27 de junho, conforme Instru\u00e7\u00e3o Normativa n\u00ba 7, publicada no Di\u00e1rio Oficial do Distrito Federal (DODF) desta sexta-feira (17). A data do sorteio do [\u2026]<\/p>\n<p>O post <a href=\"https:\/\/www.delioandrade.com.br\/sorteio-do-nota-legal-e-adiado-para-o-dia-27-de-junho\/\">Sorteio do Nota Legal \u00e9 adiado para o dia 27 de junho<\/a> apareceu primeiro em <a href=\"https:\/\/www.delioandrade.com.br\/\">Blog do D\u00c9LIO ANDRADE<\/a>.<\/p>\n","protected":false},"excerpt":{"rendered":"<p>Realizado pela Secretaria de Economia do Distrito Federal (Seec), o primeiro sorteio de 2024 do programa Nota Legal mudou de data. N\u00e3o ser\u00e1 mais em 23 de maio, mas sim em 27 de junho, conforme Instru\u00e7\u00e3o Normativa n\u00ba 7, publicada no Di\u00e1rio Oficial do Distrito Federal (DODF) desta sexta-feira (17). A data do sorteio do [&hellip;]<\/p>\n","protected":false},"author":0,"featured_media":50779,"comment_status":"open","ping_status":"open","sticky":false,"template":"","format":"standard","meta":{"footnotes":""},"categories":[21],"tags":[],"class_list":{"0":"post-50778","1":"post","2":"type-post","3":"status-publish","4":"format-standard","5":"has-post-thumbnail","7":"category-brasilia"},"yoast_head":"<!-- This site is optimized with the Yoast SEO Premium plugin v24.5 (Yoast SEO v27.5) - https:\/\/yoast.com\/product\/yoast-seo-premium-wordpress\/ -->\n<title>Sorteio do Nota Legal \u00e9 adiado para o dia 27 de junho - P31<\/title>\n<meta name=\"robots\" content=\"index, follow, max-snippet:-1, max-image-preview:large, max-video-preview:-1\" \/>\n<link rel=\"canonical\" href=\"https:\/\/www.p31noticias.com.br\/?p=50778\" \/>\n<meta property=\"og:locale\" content=\"pt_BR\" \/>\n<meta property=\"og:type\" content=\"article\" \/>\n<meta property=\"og:title\" content=\"Sorteio do Nota Legal \u00e9 adiado para o dia 27 de junho\" \/>\n<meta property=\"og:description\" content=\"Realizado pela Secretaria de Economia do Distrito Federal (Seec), o primeiro sorteio de 2024 do programa Nota Legal mudou de data. N\u00e3o ser\u00e1 mais em 23 de maio, mas sim em 27 de junho, conforme Instru\u00e7\u00e3o Normativa n\u00ba 7, publicada no Di\u00e1rio Oficial do Distrito Federal (DODF) desta sexta-feira (17). A data do sorteio do [&hellip;]\" \/>\n<meta property=\"og:url\" content=\"https:\/\/www.p31noticias.com.br\/?p=50778\" \/>\n<meta property=\"og:site_name\" content=\"P31\" \/>\n<meta property=\"article:published_time\" content=\"2024-05-17T14:31:48+00:00\" \/>\n<meta property=\"og:image\" content=\"https:\/\/www.p31noticias.com.br\/wp-content\/uploads\/2024\/05\/WhatsApp-Image-2024-05-13-at-11.08.05-1-nL1O4M-150x150-gFMd8Y.jpeg\" \/>\n\t<meta property=\"og:image:width\" content=\"150\" \/>\n\t<meta property=\"og:image:height\" content=\"150\" \/>\n\t<meta property=\"og:image:type\" content=\"image\/jpeg\" \/>\n<meta name=\"twitter:card\" content=\"summary_large_image\" \/>\n<script type=\"application\/ld+json\" class=\"yoast-schema-graph\">{\"@context\":\"https:\\\/\\\/schema.org\",\"@graph\":[{\"@type\":\"Article\",\"@id\":\"https:\\\/\\\/www.p31noticias.com.br\\\/?p=50778#article\",\"isPartOf\":{\"@id\":\"https:\\\/\\\/www.p31noticias.com.br\\\/?p=50778\"},\"author\":{\"name\":\"\",\"@id\":\"\"},\"headline\":\"Sorteio do Nota Legal \u00e9 adiado para o dia 27 de junho\",\"datePublished\":\"2024-05-17T14:31:48+00:00\",\"mainEntityOfPage\":{\"@id\":\"https:\\\/\\\/www.p31noticias.com.br\\\/?p=50778\"},\"wordCount\":83,\"commentCount\":0,\"image\":{\"@id\":\"https:\\\/\\\/www.p31noticias.com.br\\\/?p=50778#primaryimage\"},\"thumbnailUrl\":\"https:\\\/\\\/www.p31noticias.com.br\\\/wp-content\\\/uploads\\\/2024\\\/05\\\/WhatsApp-Image-2024-05-13-at-11.08.05-1-nL1O4M-150x150-gFMd8Y.jpeg\",\"articleSection\":[\"Bras\u00edlia\"],\"inLanguage\":\"pt-BR\",\"potentialAction\":[{\"@type\":\"CommentAction\",\"name\":\"Comment\",\"target\":[\"https:\\\/\\\/www.p31noticias.com.br\\\/?p=50778#respond\"]}],\"copyrightYear\":\"2024\",\"copyrightHolder\":{\"@id\":\"https:\\\/\\\/www.p31noticias.com.br\\\/#organization\"}},{\"@type\":\"WebPage\",\"@id\":\"https:\\\/\\\/www.p31noticias.com.br\\\/?p=50778\",\"url\":\"https:\\\/\\\/www.p31noticias.com.br\\\/?p=50778\",\"name\":\"Sorteio do Nota Legal \u00e9 adiado para o dia 27 de junho - P31\",\"isPartOf\":{\"@id\":\"https:\\\/\\\/www.p31noticias.com.br\\\/#website\"},\"primaryImageOfPage\":{\"@id\":\"https:\\\/\\\/www.p31noticias.com.br\\\/?p=50778#primaryimage\"},\"image\":{\"@id\":\"https:\\\/\\\/www.p31noticias.com.br\\\/?p=50778#primaryimage\"},\"thumbnailUrl\":\"https:\\\/\\\/www.p31noticias.com.br\\\/wp-content\\\/uploads\\\/2024\\\/05\\\/WhatsApp-Image-2024-05-13-at-11.08.05-1-nL1O4M-150x150-gFMd8Y.jpeg\",\"datePublished\":\"2024-05-17T14:31:48+00:00\",\"author\":{\"@id\":\"\"},\"breadcrumb\":{\"@id\":\"https:\\\/\\\/www.p31noticias.com.br\\\/?p=50778#breadcrumb\"},\"inLanguage\":\"pt-BR\",\"potentialAction\":[{\"@type\":\"ReadAction\",\"target\":[\"https:\\\/\\\/www.p31noticias.com.br\\\/?p=50778\"]}]},{\"@type\":\"ImageObject\",\"inLanguage\":\"pt-BR\",\"@id\":\"https:\\\/\\\/www.p31noticias.com.br\\\/?p=50778#primaryimage\",\"url\":\"https:\\\/\\\/www.p31noticias.com.br\\\/wp-content\\\/uploads\\\/2024\\\/05\\\/WhatsApp-Image-2024-05-13-at-11.08.05-1-nL1O4M-150x150-gFMd8Y.jpeg\",\"contentUrl\":\"https:\\\/\\\/www.p31noticias.com.br\\\/wp-content\\\/uploads\\\/2024\\\/05\\\/WhatsApp-Image-2024-05-13-at-11.08.05-1-nL1O4M-150x150-gFMd8Y.jpeg\",\"width\":150,\"height\":150},{\"@type\":\"BreadcrumbList\",\"@id\":\"https:\\\/\\\/www.p31noticias.com.br\\\/?p=50778#breadcrumb\",\"itemListElement\":[{\"@type\":\"ListItem\",\"position\":1,\"name\":\"In\u00edcio\",\"item\":\"https:\\\/\\\/www.p31noticias.com.br\\\/\"},{\"@type\":\"ListItem\",\"position\":2,\"name\":\"Sorteio do Nota Legal \u00e9 adiado para o dia 27 de junho\"}]},{\"@type\":\"WebSite\",\"@id\":\"https:\\\/\\\/www.p31noticias.com.br\\\/#website\",\"url\":\"https:\\\/\\\/www.p31noticias.com.br\\\/\",\"name\":\"P31\",\"description\":\"NOT\u00cdCIAS\",\"potentialAction\":[{\"@type\":\"SearchAction\",\"target\":{\"@type\":\"EntryPoint\",\"urlTemplate\":\"https:\\\/\\\/www.p31noticias.com.br\\\/?s={search_term_string}\"},\"query-input\":{\"@type\":\"PropertyValueSpecification\",\"valueRequired\":true,\"valueName\":\"search_term_string\"}}],\"inLanguage\":\"pt-BR\"}]}<\/script>\n<!-- \/ Yoast SEO Premium plugin. -->","yoast_head_json":{"title":"Sorteio do Nota Legal \u00e9 adiado para o dia 27 de junho - P31","robots":{"index":"index","follow":"follow","max-snippet":"max-snippet:-1","max-image-preview":"max-image-preview:large","max-video-preview":"max-video-preview:-1"},"canonical":"https:\/\/www.p31noticias.com.br\/?p=50778","og_locale":"pt_BR","og_type":"article","og_title":"Sorteio do Nota Legal \u00e9 adiado para o dia 27 de junho","og_description":"Realizado pela Secretaria de Economia do Distrito Federal (Seec), o primeiro sorteio de 2024 do programa Nota Legal mudou de data. N\u00e3o ser\u00e1 mais em 23 de maio, mas sim em 27 de junho, conforme Instru\u00e7\u00e3o Normativa n\u00ba 7, publicada no Di\u00e1rio Oficial do Distrito Federal (DODF) desta sexta-feira (17). A data do sorteio do [&hellip;]","og_url":"https:\/\/www.p31noticias.com.br\/?p=50778","og_site_name":"P31","article_published_time":"2024-05-17T14:31:48+00:00","og_image":[{"width":150,"height":150,"url":"https:\/\/www.p31noticias.com.br\/wp-content\/uploads\/2024\/05\/WhatsApp-Image-2024-05-13-at-11.08.05-1-nL1O4M-150x150-gFMd8Y.jpeg","type":"image\/jpeg"}],"twitter_card":"summary_large_image","schema":{"@context":"https:\/\/schema.org","@graph":[{"@type":"Article","@id":"https:\/\/www.p31noticias.com.br\/?p=50778#article","isPartOf":{"@id":"https:\/\/www.p31noticias.com.br\/?p=50778"},"author":{"name":"","@id":""},"headline":"Sorteio do Nota Legal \u00e9 adiado para o dia 27 de junho","datePublished":"2024-05-17T14:31:48+00:00","mainEntityOfPage":{"@id":"https:\/\/www.p31noticias.com.br\/?p=50778"},"wordCount":83,"commentCount":0,"image":{"@id":"https:\/\/www.p31noticias.com.br\/?p=50778#primaryimage"},"thumbnailUrl":"https:\/\/www.p31noticias.com.br\/wp-content\/uploads\/2024\/05\/WhatsApp-Image-2024-05-13-at-11.08.05-1-nL1O4M-150x150-gFMd8Y.jpeg","articleSection":["Bras\u00edlia"],"inLanguage":"pt-BR","potentialAction":[{"@type":"CommentAction","name":"Comment","target":["https:\/\/www.p31noticias.com.br\/?p=50778#respond"]}],"copyrightYear":"2024","copyrightHolder":{"@id":"https:\/\/www.p31noticias.com.br\/#organization"}},{"@type":"WebPage","@id":"https:\/\/www.p31noticias.com.br\/?p=50778","url":"https:\/\/www.p31noticias.com.br\/?p=50778","name":"Sorteio do Nota Legal \u00e9 adiado para o dia 27 de junho - P31","isPartOf":{"@id":"https:\/\/www.p31noticias.com.br\/#website"},"primaryImageOfPage":{"@id":"https:\/\/www.p31noticias.com.br\/?p=50778#primaryimage"},"image":{"@id":"https:\/\/www.p31noticias.com.br\/?p=50778#primaryimage"},"thumbnailUrl":"https:\/\/www.p31noticias.com.br\/wp-content\/uploads\/2024\/05\/WhatsApp-Image-2024-05-13-at-11.08.05-1-nL1O4M-150x150-gFMd8Y.jpeg","datePublished":"2024-05-17T14:31:48+00:00","author":{"@id":""},"breadcrumb":{"@id":"https:\/\/www.p31noticias.com.br\/?p=50778#breadcrumb"},"inLanguage":"pt-BR","potentialAction":[{"@type":"ReadAction","target":["https:\/\/www.p31noticias.com.br\/?p=50778"]}]},{"@type":"ImageObject","inLanguage":"pt-BR","@id":"https:\/\/www.p31noticias.com.br\/?p=50778#primaryimage","url":"https:\/\/www.p31noticias.com.br\/wp-content\/uploads\/2024\/05\/WhatsApp-Image-2024-05-13-at-11.08.05-1-nL1O4M-150x150-gFMd8Y.jpeg","contentUrl":"https:\/\/www.p31noticias.com.br\/wp-content\/uploads\/2024\/05\/WhatsApp-Image-2024-05-13-at-11.08.05-1-nL1O4M-150x150-gFMd8Y.jpeg","width":150,"height":150},{"@type":"BreadcrumbList","@id":"https:\/\/www.p31noticias.com.br\/?p=50778#breadcrumb","itemListElement":[{"@type":"ListItem","position":1,"name":"In\u00edcio","item":"https:\/\/www.p31noticias.com.br\/"},{"@type":"ListItem","position":2,"name":"Sorteio do Nota Legal \u00e9 adiado para o dia 27 de junho"}]},{"@type":"WebSite","@id":"https:\/\/www.p31noticias.com.br\/#website","url":"https:\/\/www.p31noticias.com.br\/","name":"P31","description":"NOT\u00cdCIAS","potentialAction":[{"@type":"SearchAction","target":{"@type":"EntryPoint","urlTemplate":"https:\/\/www.p31noticias.com.br\/?s={search_term_string}"},"query-input":{"@type":"PropertyValueSpecification","valueRequired":true,"valueName":"search_term_string"}}],"inLanguage":"pt-BR"}]}},"amp_enabled":true,"_links":{"self":[{"href":"https:\/\/www.p31noticias.com.br\/index.php?rest_route=\/wp\/v2\/posts\/50778","targetHints":{"allow":["GET"]}}],"collection":[{"href":"https:\/\/www.p31noticias.com.br\/index.php?rest_route=\/wp\/v2\/posts"}],"about":[{"href":"https:\/\/www.p31noticias.com.br\/index.php?rest_route=\/wp\/v2\/types\/post"}],"replies":[{"embeddable":true,"href":"https:\/\/www.p31noticias.com.br\/index.php?rest_route=%2Fwp%2Fv2%2Fcomments&post=50778"}],"version-history":[{"count":0,"href":"https:\/\/www.p31noticias.com.br\/index.php?rest_route=\/wp\/v2\/posts\/50778\/revisions"}],"wp:featuredmedia":[{"embeddable":true,"href":"https:\/\/www.p31noticias.com.br\/index.php?rest_route=\/wp\/v2\/media\/50779"}],"wp:attachment":[{"href":"https:\/\/www.p31noticias.com.br\/index.php?rest_route=%2Fwp%2Fv2%2Fmedia&parent=50778"}],"wp:term":[{"taxonomy":"category","embeddable":true,"href":"https:\/\/www.p31noticias.com.br\/index.php?rest_route=%2Fwp%2Fv2%2Fcategories&post=50778"},{"taxonomy":"post_tag","embeddable":true,"href":"https:\/\/www.p31noticias.com.br\/index.php?rest_route=%2Fwp%2Fv2%2Ftags&post=50778"}],"curies":[{"name":"wp","href":"https:\/\/api.w.org\/{rel}","templated":true}]}}