{"id":50772,"date":"2024-05-17T10:29:49","date_gmt":"2024-05-17T13:29:49","guid":{"rendered":"https:\/\/p31noticias.com.br\/maes-e-filhos-tem-tarde-especial-no-parque-inspirado-na-disney\/"},"modified":"2024-05-17T10:29:49","modified_gmt":"2024-05-17T13:29:49","slug":"maes-e-filhos-tem-tarde-especial-no-parque-inspirado-na-disney","status":"publish","type":"post","link":"https:\/\/www.p31noticias.com.br\/?p=50772","title":{"rendered":"M\u00e3es e filhos t\u00eam tarde especial no parque inspirado na Disney"},"content":{"rendered":"<p>Na tarde de quinta-feira (16), a\u00a0 Secretaria da Mulher (SMDF) proporcionou divers\u00e3o \u00e0s m\u00e3es que fazem parte da rede de apoio do Governo do Distrito Federal (GDF). S\u00e3o mulheres atendidas por programas como Empreende Mais Mulher e M\u00e3es Mais que Especiais, al\u00e9m de espa\u00e7os como o Acolher e unidades\u00a0 do Centro Especializado de Atendimento \u00e0 [\u2026]<\/p>\n<p>O post <a href=\"https:\/\/www.delioandrade.com.br\/maes-e-filhos-tem-tarde-especial-no-parque-inspirado-na-disney\/\">M\u00e3es e filhos t\u00eam tarde especial no parque inspirado na Disney<\/a> apareceu primeiro em <a href=\"https:\/\/www.delioandrade.com.br\/\">Blog do D\u00c9LIO ANDRADE<\/a>.<\/p>\n","protected":false},"excerpt":{"rendered":"<p>Na tarde de quinta-feira (16), a\u00a0 Secretaria da Mulher (SMDF) proporcionou divers\u00e3o \u00e0s m\u00e3es que fazem parte da rede de apoio do Governo do Distrito Federal (GDF). S\u00e3o mulheres atendidas por programas como Empreende Mais Mulher e M\u00e3es Mais que Especiais, al\u00e9m de espa\u00e7os como o Acolher e unidades\u00a0 do Centro Especializado de Atendimento \u00e0 [&hellip;]<\/p>\n","protected":false},"author":0,"featured_media":50773,"comment_status":"open","ping_status":"open","sticky":false,"template":"","format":"standard","meta":{"footnotes":""},"categories":[21],"tags":[],"class_list":{"0":"post-50772","1":"post","2":"type-post","3":"status-publish","4":"format-standard","5":"has-post-thumbnail","7":"category-brasilia"},"yoast_head":"<!-- This site is optimized with the Yoast SEO Premium plugin v24.5 (Yoast SEO v27.5) - https:\/\/yoast.com\/product\/yoast-seo-premium-wordpress\/ -->\n<title>M\u00e3es e filhos t\u00eam tarde especial no parque inspirado na Disney - P31<\/title>\n<meta name=\"robots\" content=\"index, follow, max-snippet:-1, max-image-preview:large, max-video-preview:-1\" \/>\n<link rel=\"canonical\" href=\"https:\/\/www.p31noticias.com.br\/?p=50772\" \/>\n<meta property=\"og:locale\" content=\"pt_BR\" \/>\n<meta property=\"og:type\" content=\"article\" \/>\n<meta property=\"og:title\" content=\"M\u00e3es e filhos t\u00eam tarde especial no parque inspirado na Disney\" \/>\n<meta property=\"og:description\" content=\"Na tarde de quinta-feira (16), a\u00a0 Secretaria da Mulher (SMDF) proporcionou divers\u00e3o \u00e0s m\u00e3es que fazem parte da rede de apoio do Governo do Distrito Federal (GDF). S\u00e3o mulheres atendidas por programas como Empreende Mais Mulher e M\u00e3es Mais que Especiais, al\u00e9m de espa\u00e7os como o Acolher e unidades\u00a0 do Centro Especializado de Atendimento \u00e0 [&hellip;]\" \/>\n<meta property=\"og:url\" content=\"https:\/\/www.p31noticias.com.br\/?p=50772\" \/>\n<meta property=\"og:site_name\" content=\"P31\" \/>\n<meta property=\"article:published_time\" content=\"2024-05-17T13:29:49+00:00\" \/>\n<meta property=\"og:image\" content=\"https:\/\/www.p31noticias.com.br\/wp-content\/uploads\/2024\/05\/17.5.-Maes-no-parque-da-Disney.-Foto-Vinicius-de-Melo-SMDF3-scaled-SUzhLM-150x150-d0jkzW.jpeg\" \/>\n\t<meta property=\"og:image:width\" content=\"150\" \/>\n\t<meta property=\"og:image:height\" content=\"150\" \/>\n\t<meta property=\"og:image:type\" content=\"image\/jpeg\" \/>\n<meta name=\"twitter:card\" content=\"summary_large_image\" \/>\n<script type=\"application\/ld+json\" class=\"yoast-schema-graph\">{\"@context\":\"https:\\\/\\\/schema.org\",\"@graph\":[{\"@type\":\"Article\",\"@id\":\"https:\\\/\\\/www.p31noticias.com.br\\\/?p=50772#article\",\"isPartOf\":{\"@id\":\"https:\\\/\\\/www.p31noticias.com.br\\\/?p=50772\"},\"author\":{\"name\":\"\",\"@id\":\"\"},\"headline\":\"M\u00e3es e filhos t\u00eam tarde especial no parque inspirado na Disney\",\"datePublished\":\"2024-05-17T13:29:49+00:00\",\"mainEntityOfPage\":{\"@id\":\"https:\\\/\\\/www.p31noticias.com.br\\\/?p=50772\"},\"wordCount\":95,\"commentCount\":0,\"image\":{\"@id\":\"https:\\\/\\\/www.p31noticias.com.br\\\/?p=50772#primaryimage\"},\"thumbnailUrl\":\"https:\\\/\\\/www.p31noticias.com.br\\\/wp-content\\\/uploads\\\/2024\\\/05\\\/17.5.-Maes-no-parque-da-Disney.-Foto-Vinicius-de-Melo-SMDF3-scaled-SUzhLM-150x150-d0jkzW.jpeg\",\"articleSection\":[\"Bras\u00edlia\"],\"inLanguage\":\"pt-BR\",\"potentialAction\":[{\"@type\":\"CommentAction\",\"name\":\"Comment\",\"target\":[\"https:\\\/\\\/www.p31noticias.com.br\\\/?p=50772#respond\"]}],\"copyrightYear\":\"2024\",\"copyrightHolder\":{\"@id\":\"https:\\\/\\\/www.p31noticias.com.br\\\/#organization\"}},{\"@type\":\"WebPage\",\"@id\":\"https:\\\/\\\/www.p31noticias.com.br\\\/?p=50772\",\"url\":\"https:\\\/\\\/www.p31noticias.com.br\\\/?p=50772\",\"name\":\"M\u00e3es e filhos t\u00eam tarde especial no parque inspirado na Disney - P31\",\"isPartOf\":{\"@id\":\"https:\\\/\\\/www.p31noticias.com.br\\\/#website\"},\"primaryImageOfPage\":{\"@id\":\"https:\\\/\\\/www.p31noticias.com.br\\\/?p=50772#primaryimage\"},\"image\":{\"@id\":\"https:\\\/\\\/www.p31noticias.com.br\\\/?p=50772#primaryimage\"},\"thumbnailUrl\":\"https:\\\/\\\/www.p31noticias.com.br\\\/wp-content\\\/uploads\\\/2024\\\/05\\\/17.5.-Maes-no-parque-da-Disney.-Foto-Vinicius-de-Melo-SMDF3-scaled-SUzhLM-150x150-d0jkzW.jpeg\",\"datePublished\":\"2024-05-17T13:29:49+00:00\",\"author\":{\"@id\":\"\"},\"breadcrumb\":{\"@id\":\"https:\\\/\\\/www.p31noticias.com.br\\\/?p=50772#breadcrumb\"},\"inLanguage\":\"pt-BR\",\"potentialAction\":[{\"@type\":\"ReadAction\",\"target\":[\"https:\\\/\\\/www.p31noticias.com.br\\\/?p=50772\"]}]},{\"@type\":\"ImageObject\",\"inLanguage\":\"pt-BR\",\"@id\":\"https:\\\/\\\/www.p31noticias.com.br\\\/?p=50772#primaryimage\",\"url\":\"https:\\\/\\\/www.p31noticias.com.br\\\/wp-content\\\/uploads\\\/2024\\\/05\\\/17.5.-Maes-no-parque-da-Disney.-Foto-Vinicius-de-Melo-SMDF3-scaled-SUzhLM-150x150-d0jkzW.jpeg\",\"contentUrl\":\"https:\\\/\\\/www.p31noticias.com.br\\\/wp-content\\\/uploads\\\/2024\\\/05\\\/17.5.-Maes-no-parque-da-Disney.-Foto-Vinicius-de-Melo-SMDF3-scaled-SUzhLM-150x150-d0jkzW.jpeg\",\"width\":150,\"height\":150},{\"@type\":\"BreadcrumbList\",\"@id\":\"https:\\\/\\\/www.p31noticias.com.br\\\/?p=50772#breadcrumb\",\"itemListElement\":[{\"@type\":\"ListItem\",\"position\":1,\"name\":\"In\u00edcio\",\"item\":\"https:\\\/\\\/www.p31noticias.com.br\\\/\"},{\"@type\":\"ListItem\",\"position\":2,\"name\":\"M\u00e3es e filhos t\u00eam tarde especial no parque inspirado na Disney\"}]},{\"@type\":\"WebSite\",\"@id\":\"https:\\\/\\\/www.p31noticias.com.br\\\/#website\",\"url\":\"https:\\\/\\\/www.p31noticias.com.br\\\/\",\"name\":\"P31\",\"description\":\"NOT\u00cdCIAS\",\"potentialAction\":[{\"@type\":\"SearchAction\",\"target\":{\"@type\":\"EntryPoint\",\"urlTemplate\":\"https:\\\/\\\/www.p31noticias.com.br\\\/?s={search_term_string}\"},\"query-input\":{\"@type\":\"PropertyValueSpecification\",\"valueRequired\":true,\"valueName\":\"search_term_string\"}}],\"inLanguage\":\"pt-BR\"}]}<\/script>\n<!-- \/ Yoast SEO Premium plugin. -->","yoast_head_json":{"title":"M\u00e3es e filhos t\u00eam tarde especial no parque inspirado na Disney - P31","robots":{"index":"index","follow":"follow","max-snippet":"max-snippet:-1","max-image-preview":"max-image-preview:large","max-video-preview":"max-video-preview:-1"},"canonical":"https:\/\/www.p31noticias.com.br\/?p=50772","og_locale":"pt_BR","og_type":"article","og_title":"M\u00e3es e filhos t\u00eam tarde especial no parque inspirado na Disney","og_description":"Na tarde de quinta-feira (16), a\u00a0 Secretaria da Mulher (SMDF) proporcionou divers\u00e3o \u00e0s m\u00e3es que fazem parte da rede de apoio do Governo do Distrito Federal (GDF). S\u00e3o mulheres atendidas por programas como Empreende Mais Mulher e M\u00e3es Mais que Especiais, al\u00e9m de espa\u00e7os como o Acolher e unidades\u00a0 do Centro Especializado de Atendimento \u00e0 [&hellip;]","og_url":"https:\/\/www.p31noticias.com.br\/?p=50772","og_site_name":"P31","article_published_time":"2024-05-17T13:29:49+00:00","og_image":[{"width":150,"height":150,"url":"https:\/\/www.p31noticias.com.br\/wp-content\/uploads\/2024\/05\/17.5.-Maes-no-parque-da-Disney.-Foto-Vinicius-de-Melo-SMDF3-scaled-SUzhLM-150x150-d0jkzW.jpeg","type":"image\/jpeg"}],"twitter_card":"summary_large_image","schema":{"@context":"https:\/\/schema.org","@graph":[{"@type":"Article","@id":"https:\/\/www.p31noticias.com.br\/?p=50772#article","isPartOf":{"@id":"https:\/\/www.p31noticias.com.br\/?p=50772"},"author":{"name":"","@id":""},"headline":"M\u00e3es e filhos t\u00eam tarde especial no parque inspirado na Disney","datePublished":"2024-05-17T13:29:49+00:00","mainEntityOfPage":{"@id":"https:\/\/www.p31noticias.com.br\/?p=50772"},"wordCount":95,"commentCount":0,"image":{"@id":"https:\/\/www.p31noticias.com.br\/?p=50772#primaryimage"},"thumbnailUrl":"https:\/\/www.p31noticias.com.br\/wp-content\/uploads\/2024\/05\/17.5.-Maes-no-parque-da-Disney.-Foto-Vinicius-de-Melo-SMDF3-scaled-SUzhLM-150x150-d0jkzW.jpeg","articleSection":["Bras\u00edlia"],"inLanguage":"pt-BR","potentialAction":[{"@type":"CommentAction","name":"Comment","target":["https:\/\/www.p31noticias.com.br\/?p=50772#respond"]}],"copyrightYear":"2024","copyrightHolder":{"@id":"https:\/\/www.p31noticias.com.br\/#organization"}},{"@type":"WebPage","@id":"https:\/\/www.p31noticias.com.br\/?p=50772","url":"https:\/\/www.p31noticias.com.br\/?p=50772","name":"M\u00e3es e filhos t\u00eam tarde especial no parque inspirado na Disney - P31","isPartOf":{"@id":"https:\/\/www.p31noticias.com.br\/#website"},"primaryImageOfPage":{"@id":"https:\/\/www.p31noticias.com.br\/?p=50772#primaryimage"},"image":{"@id":"https:\/\/www.p31noticias.com.br\/?p=50772#primaryimage"},"thumbnailUrl":"https:\/\/www.p31noticias.com.br\/wp-content\/uploads\/2024\/05\/17.5.-Maes-no-parque-da-Disney.-Foto-Vinicius-de-Melo-SMDF3-scaled-SUzhLM-150x150-d0jkzW.jpeg","datePublished":"2024-05-17T13:29:49+00:00","author":{"@id":""},"breadcrumb":{"@id":"https:\/\/www.p31noticias.com.br\/?p=50772#breadcrumb"},"inLanguage":"pt-BR","potentialAction":[{"@type":"ReadAction","target":["https:\/\/www.p31noticias.com.br\/?p=50772"]}]},{"@type":"ImageObject","inLanguage":"pt-BR","@id":"https:\/\/www.p31noticias.com.br\/?p=50772#primaryimage","url":"https:\/\/www.p31noticias.com.br\/wp-content\/uploads\/2024\/05\/17.5.-Maes-no-parque-da-Disney.-Foto-Vinicius-de-Melo-SMDF3-scaled-SUzhLM-150x150-d0jkzW.jpeg","contentUrl":"https:\/\/www.p31noticias.com.br\/wp-content\/uploads\/2024\/05\/17.5.-Maes-no-parque-da-Disney.-Foto-Vinicius-de-Melo-SMDF3-scaled-SUzhLM-150x150-d0jkzW.jpeg","width":150,"height":150},{"@type":"BreadcrumbList","@id":"https:\/\/www.p31noticias.com.br\/?p=50772#breadcrumb","itemListElement":[{"@type":"ListItem","position":1,"name":"In\u00edcio","item":"https:\/\/www.p31noticias.com.br\/"},{"@type":"ListItem","position":2,"name":"M\u00e3es e filhos t\u00eam tarde especial no parque inspirado na Disney"}]},{"@type":"WebSite","@id":"https:\/\/www.p31noticias.com.br\/#website","url":"https:\/\/www.p31noticias.com.br\/","name":"P31","description":"NOT\u00cdCIAS","potentialAction":[{"@type":"SearchAction","target":{"@type":"EntryPoint","urlTemplate":"https:\/\/www.p31noticias.com.br\/?s={search_term_string}"},"query-input":{"@type":"PropertyValueSpecification","valueRequired":true,"valueName":"search_term_string"}}],"inLanguage":"pt-BR"}]}},"amp_enabled":true,"_links":{"self":[{"href":"https:\/\/www.p31noticias.com.br\/index.php?rest_route=\/wp\/v2\/posts\/50772","targetHints":{"allow":["GET"]}}],"collection":[{"href":"https:\/\/www.p31noticias.com.br\/index.php?rest_route=\/wp\/v2\/posts"}],"about":[{"href":"https:\/\/www.p31noticias.com.br\/index.php?rest_route=\/wp\/v2\/types\/post"}],"replies":[{"embeddable":true,"href":"https:\/\/www.p31noticias.com.br\/index.php?rest_route=%2Fwp%2Fv2%2Fcomments&post=50772"}],"version-history":[{"count":0,"href":"https:\/\/www.p31noticias.com.br\/index.php?rest_route=\/wp\/v2\/posts\/50772\/revisions"}],"wp:featuredmedia":[{"embeddable":true,"href":"https:\/\/www.p31noticias.com.br\/index.php?rest_route=\/wp\/v2\/media\/50773"}],"wp:attachment":[{"href":"https:\/\/www.p31noticias.com.br\/index.php?rest_route=%2Fwp%2Fv2%2Fmedia&parent=50772"}],"wp:term":[{"taxonomy":"category","embeddable":true,"href":"https:\/\/www.p31noticias.com.br\/index.php?rest_route=%2Fwp%2Fv2%2Fcategories&post=50772"},{"taxonomy":"post_tag","embeddable":true,"href":"https:\/\/www.p31noticias.com.br\/index.php?rest_route=%2Fwp%2Fv2%2Ftags&post=50772"}],"curies":[{"name":"wp","href":"https:\/\/api.w.org\/{rel}","templated":true}]}}