{"id":50743,"date":"2024-05-17T03:30:59","date_gmt":"2024-05-17T06:30:59","guid":{"rendered":"https:\/\/p31noticias.com.br\/gisela-simona-e-relatora-do-projeto-que-nomeia-premiacao-em-homenagem-a-deputada-amalia-barros\/"},"modified":"2024-05-17T03:30:59","modified_gmt":"2024-05-17T06:30:59","slug":"gisela-simona-e-relatora-do-projeto-que-nomeia-premiacao-em-homenagem-a-deputada-amalia-barros","status":"publish","type":"post","link":"https:\/\/www.p31noticias.com.br\/?p=50743","title":{"rendered":"Gisela Simona \u00e9 relatora do projeto que nomeia Premia\u00e7\u00e3o em homenagem a Deputada Am\u00e1lia Barros"},"content":{"rendered":"<p>A deputada Gisela Simona (UNI\u00c3O\/MT) relatou na quarta-feira (15), em plen\u00e1rio, o projeto que cria a premia\u00e7\u00e3o \u201cPr\u00eamio Brasil Mais Inclus\u00e3o Deputada Am\u00e1lia Barros\u201d. A honraria, que leva o nome da ex-deputada eleita por Mato Grosso, foi aprovada quatro dias ap\u00f3s a morte da parlamentar. A premia\u00e7\u00e3o ser\u00e1 concedida pela C\u00e2mara dos Deputados a profissionais, [\u2026]<\/p>\n<p>O post <a href=\"https:\/\/www.delioandrade.com.br\/gisela-simona-e-relatora-do-projeto-que-nomeia-premiacao-em-homenagem-a-deputada-amalia-barros\/\">Gisela Simona \u00e9 relatora do projeto que nomeia Premia\u00e7\u00e3o em homenagem a Deputada Am\u00e1lia Barros<\/a> apareceu primeiro em <a href=\"https:\/\/www.delioandrade.com.br\/\">Blog do D\u00c9LIO ANDRADE<\/a>.<\/p>\n","protected":false},"excerpt":{"rendered":"<p>A deputada Gisela Simona (UNI\u00c3O\/MT) relatou na quarta-feira (15), em plen\u00e1rio, o projeto que cria a premia\u00e7\u00e3o \u201cPr\u00eamio Brasil Mais Inclus\u00e3o Deputada Am\u00e1lia Barros\u201d. A honraria, que leva o nome da ex-deputada eleita por Mato Grosso, foi aprovada quatro dias ap\u00f3s a morte da parlamentar. A premia\u00e7\u00e3o ser\u00e1 concedida pela C\u00e2mara dos Deputados a profissionais, [&hellip;]<\/p>\n","protected":false},"author":0,"featured_media":50744,"comment_status":"open","ping_status":"open","sticky":false,"template":"","format":"standard","meta":{"footnotes":""},"categories":[21],"tags":[],"class_list":{"0":"post-50743","1":"post","2":"type-post","3":"status-publish","4":"format-standard","5":"has-post-thumbnail","7":"category-brasilia"},"yoast_head":"<!-- This site is optimized with the Yoast SEO Premium plugin v24.5 (Yoast SEO v27.5) - https:\/\/yoast.com\/product\/yoast-seo-premium-wordpress\/ -->\n<title>Gisela Simona \u00e9 relatora do projeto que nomeia Premia\u00e7\u00e3o em homenagem a Deputada Am\u00e1lia Barros - P31<\/title>\n<meta name=\"robots\" content=\"index, follow, max-snippet:-1, max-image-preview:large, max-video-preview:-1\" \/>\n<link rel=\"canonical\" href=\"https:\/\/www.p31noticias.com.br\/?p=50743\" \/>\n<meta property=\"og:locale\" content=\"pt_BR\" \/>\n<meta property=\"og:type\" content=\"article\" \/>\n<meta property=\"og:title\" content=\"Gisela Simona \u00e9 relatora do projeto que nomeia Premia\u00e7\u00e3o em homenagem a Deputada Am\u00e1lia Barros\" \/>\n<meta property=\"og:description\" content=\"A deputada Gisela Simona (UNI\u00c3O\/MT) relatou na quarta-feira (15), em plen\u00e1rio, o projeto que cria a premia\u00e7\u00e3o \u201cPr\u00eamio Brasil Mais Inclus\u00e3o Deputada Am\u00e1lia Barros\u201d. A honraria, que leva o nome da ex-deputada eleita por Mato Grosso, foi aprovada quatro dias ap\u00f3s a morte da parlamentar. A premia\u00e7\u00e3o ser\u00e1 concedida pela C\u00e2mara dos Deputados a profissionais, [&hellip;]\" \/>\n<meta property=\"og:url\" content=\"https:\/\/www.p31noticias.com.br\/?p=50743\" \/>\n<meta property=\"og:site_name\" content=\"P31\" \/>\n<meta property=\"article:published_time\" content=\"2024-05-17T06:30:59+00:00\" \/>\n<meta property=\"og:image\" content=\"https:\/\/www.p31noticias.com.br\/wp-content\/uploads\/2024\/05\/amalia-barros-1-150x150-8JzZLY-7XzBgQ.jpeg\" \/>\n\t<meta property=\"og:image:width\" content=\"150\" \/>\n\t<meta property=\"og:image:height\" content=\"150\" \/>\n\t<meta property=\"og:image:type\" content=\"image\/jpeg\" \/>\n<meta name=\"twitter:card\" content=\"summary_large_image\" \/>\n<script type=\"application\/ld+json\" class=\"yoast-schema-graph\">{\"@context\":\"https:\\\/\\\/schema.org\",\"@graph\":[{\"@type\":\"Article\",\"@id\":\"https:\\\/\\\/www.p31noticias.com.br\\\/?p=50743#article\",\"isPartOf\":{\"@id\":\"https:\\\/\\\/www.p31noticias.com.br\\\/?p=50743\"},\"author\":{\"name\":\"\",\"@id\":\"\"},\"headline\":\"Gisela Simona \u00e9 relatora do projeto que nomeia Premia\u00e7\u00e3o em homenagem a Deputada Am\u00e1lia Barros\",\"datePublished\":\"2024-05-17T06:30:59+00:00\",\"mainEntityOfPage\":{\"@id\":\"https:\\\/\\\/www.p31noticias.com.br\\\/?p=50743\"},\"wordCount\":106,\"commentCount\":0,\"image\":{\"@id\":\"https:\\\/\\\/www.p31noticias.com.br\\\/?p=50743#primaryimage\"},\"thumbnailUrl\":\"https:\\\/\\\/www.p31noticias.com.br\\\/wp-content\\\/uploads\\\/2024\\\/05\\\/amalia-barros-1-150x150-8JzZLY-7XzBgQ.jpeg\",\"articleSection\":[\"Bras\u00edlia\"],\"inLanguage\":\"pt-BR\",\"potentialAction\":[{\"@type\":\"CommentAction\",\"name\":\"Comment\",\"target\":[\"https:\\\/\\\/www.p31noticias.com.br\\\/?p=50743#respond\"]}],\"copyrightYear\":\"2024\",\"copyrightHolder\":{\"@id\":\"https:\\\/\\\/www.p31noticias.com.br\\\/#organization\"}},{\"@type\":\"WebPage\",\"@id\":\"https:\\\/\\\/www.p31noticias.com.br\\\/?p=50743\",\"url\":\"https:\\\/\\\/www.p31noticias.com.br\\\/?p=50743\",\"name\":\"Gisela Simona \u00e9 relatora do projeto que nomeia Premia\u00e7\u00e3o em homenagem a Deputada Am\u00e1lia Barros - P31\",\"isPartOf\":{\"@id\":\"https:\\\/\\\/www.p31noticias.com.br\\\/#website\"},\"primaryImageOfPage\":{\"@id\":\"https:\\\/\\\/www.p31noticias.com.br\\\/?p=50743#primaryimage\"},\"image\":{\"@id\":\"https:\\\/\\\/www.p31noticias.com.br\\\/?p=50743#primaryimage\"},\"thumbnailUrl\":\"https:\\\/\\\/www.p31noticias.com.br\\\/wp-content\\\/uploads\\\/2024\\\/05\\\/amalia-barros-1-150x150-8JzZLY-7XzBgQ.jpeg\",\"datePublished\":\"2024-05-17T06:30:59+00:00\",\"author\":{\"@id\":\"\"},\"breadcrumb\":{\"@id\":\"https:\\\/\\\/www.p31noticias.com.br\\\/?p=50743#breadcrumb\"},\"inLanguage\":\"pt-BR\",\"potentialAction\":[{\"@type\":\"ReadAction\",\"target\":[\"https:\\\/\\\/www.p31noticias.com.br\\\/?p=50743\"]}]},{\"@type\":\"ImageObject\",\"inLanguage\":\"pt-BR\",\"@id\":\"https:\\\/\\\/www.p31noticias.com.br\\\/?p=50743#primaryimage\",\"url\":\"https:\\\/\\\/www.p31noticias.com.br\\\/wp-content\\\/uploads\\\/2024\\\/05\\\/amalia-barros-1-150x150-8JzZLY-7XzBgQ.jpeg\",\"contentUrl\":\"https:\\\/\\\/www.p31noticias.com.br\\\/wp-content\\\/uploads\\\/2024\\\/05\\\/amalia-barros-1-150x150-8JzZLY-7XzBgQ.jpeg\",\"width\":150,\"height\":150},{\"@type\":\"BreadcrumbList\",\"@id\":\"https:\\\/\\\/www.p31noticias.com.br\\\/?p=50743#breadcrumb\",\"itemListElement\":[{\"@type\":\"ListItem\",\"position\":1,\"name\":\"In\u00edcio\",\"item\":\"https:\\\/\\\/www.p31noticias.com.br\\\/\"},{\"@type\":\"ListItem\",\"position\":2,\"name\":\"Gisela Simona \u00e9 relatora do projeto que nomeia Premia\u00e7\u00e3o em homenagem a Deputada Am\u00e1lia Barros\"}]},{\"@type\":\"WebSite\",\"@id\":\"https:\\\/\\\/www.p31noticias.com.br\\\/#website\",\"url\":\"https:\\\/\\\/www.p31noticias.com.br\\\/\",\"name\":\"P31\",\"description\":\"NOT\u00cdCIAS\",\"potentialAction\":[{\"@type\":\"SearchAction\",\"target\":{\"@type\":\"EntryPoint\",\"urlTemplate\":\"https:\\\/\\\/www.p31noticias.com.br\\\/?s={search_term_string}\"},\"query-input\":{\"@type\":\"PropertyValueSpecification\",\"valueRequired\":true,\"valueName\":\"search_term_string\"}}],\"inLanguage\":\"pt-BR\"}]}<\/script>\n<!-- \/ Yoast SEO Premium plugin. -->","yoast_head_json":{"title":"Gisela Simona \u00e9 relatora do projeto que nomeia Premia\u00e7\u00e3o em homenagem a Deputada Am\u00e1lia Barros - P31","robots":{"index":"index","follow":"follow","max-snippet":"max-snippet:-1","max-image-preview":"max-image-preview:large","max-video-preview":"max-video-preview:-1"},"canonical":"https:\/\/www.p31noticias.com.br\/?p=50743","og_locale":"pt_BR","og_type":"article","og_title":"Gisela Simona \u00e9 relatora do projeto que nomeia Premia\u00e7\u00e3o em homenagem a Deputada Am\u00e1lia Barros","og_description":"A deputada Gisela Simona (UNI\u00c3O\/MT) relatou na quarta-feira (15), em plen\u00e1rio, o projeto que cria a premia\u00e7\u00e3o \u201cPr\u00eamio Brasil Mais Inclus\u00e3o Deputada Am\u00e1lia Barros\u201d. A honraria, que leva o nome da ex-deputada eleita por Mato Grosso, foi aprovada quatro dias ap\u00f3s a morte da parlamentar. A premia\u00e7\u00e3o ser\u00e1 concedida pela C\u00e2mara dos Deputados a profissionais, [&hellip;]","og_url":"https:\/\/www.p31noticias.com.br\/?p=50743","og_site_name":"P31","article_published_time":"2024-05-17T06:30:59+00:00","og_image":[{"width":150,"height":150,"url":"https:\/\/www.p31noticias.com.br\/wp-content\/uploads\/2024\/05\/amalia-barros-1-150x150-8JzZLY-7XzBgQ.jpeg","type":"image\/jpeg"}],"twitter_card":"summary_large_image","schema":{"@context":"https:\/\/schema.org","@graph":[{"@type":"Article","@id":"https:\/\/www.p31noticias.com.br\/?p=50743#article","isPartOf":{"@id":"https:\/\/www.p31noticias.com.br\/?p=50743"},"author":{"name":"","@id":""},"headline":"Gisela Simona \u00e9 relatora do projeto que nomeia Premia\u00e7\u00e3o em homenagem a Deputada Am\u00e1lia Barros","datePublished":"2024-05-17T06:30:59+00:00","mainEntityOfPage":{"@id":"https:\/\/www.p31noticias.com.br\/?p=50743"},"wordCount":106,"commentCount":0,"image":{"@id":"https:\/\/www.p31noticias.com.br\/?p=50743#primaryimage"},"thumbnailUrl":"https:\/\/www.p31noticias.com.br\/wp-content\/uploads\/2024\/05\/amalia-barros-1-150x150-8JzZLY-7XzBgQ.jpeg","articleSection":["Bras\u00edlia"],"inLanguage":"pt-BR","potentialAction":[{"@type":"CommentAction","name":"Comment","target":["https:\/\/www.p31noticias.com.br\/?p=50743#respond"]}],"copyrightYear":"2024","copyrightHolder":{"@id":"https:\/\/www.p31noticias.com.br\/#organization"}},{"@type":"WebPage","@id":"https:\/\/www.p31noticias.com.br\/?p=50743","url":"https:\/\/www.p31noticias.com.br\/?p=50743","name":"Gisela Simona \u00e9 relatora do projeto que nomeia Premia\u00e7\u00e3o em homenagem a Deputada Am\u00e1lia Barros - P31","isPartOf":{"@id":"https:\/\/www.p31noticias.com.br\/#website"},"primaryImageOfPage":{"@id":"https:\/\/www.p31noticias.com.br\/?p=50743#primaryimage"},"image":{"@id":"https:\/\/www.p31noticias.com.br\/?p=50743#primaryimage"},"thumbnailUrl":"https:\/\/www.p31noticias.com.br\/wp-content\/uploads\/2024\/05\/amalia-barros-1-150x150-8JzZLY-7XzBgQ.jpeg","datePublished":"2024-05-17T06:30:59+00:00","author":{"@id":""},"breadcrumb":{"@id":"https:\/\/www.p31noticias.com.br\/?p=50743#breadcrumb"},"inLanguage":"pt-BR","potentialAction":[{"@type":"ReadAction","target":["https:\/\/www.p31noticias.com.br\/?p=50743"]}]},{"@type":"ImageObject","inLanguage":"pt-BR","@id":"https:\/\/www.p31noticias.com.br\/?p=50743#primaryimage","url":"https:\/\/www.p31noticias.com.br\/wp-content\/uploads\/2024\/05\/amalia-barros-1-150x150-8JzZLY-7XzBgQ.jpeg","contentUrl":"https:\/\/www.p31noticias.com.br\/wp-content\/uploads\/2024\/05\/amalia-barros-1-150x150-8JzZLY-7XzBgQ.jpeg","width":150,"height":150},{"@type":"BreadcrumbList","@id":"https:\/\/www.p31noticias.com.br\/?p=50743#breadcrumb","itemListElement":[{"@type":"ListItem","position":1,"name":"In\u00edcio","item":"https:\/\/www.p31noticias.com.br\/"},{"@type":"ListItem","position":2,"name":"Gisela Simona \u00e9 relatora do projeto que nomeia Premia\u00e7\u00e3o em homenagem a Deputada Am\u00e1lia Barros"}]},{"@type":"WebSite","@id":"https:\/\/www.p31noticias.com.br\/#website","url":"https:\/\/www.p31noticias.com.br\/","name":"P31","description":"NOT\u00cdCIAS","potentialAction":[{"@type":"SearchAction","target":{"@type":"EntryPoint","urlTemplate":"https:\/\/www.p31noticias.com.br\/?s={search_term_string}"},"query-input":{"@type":"PropertyValueSpecification","valueRequired":true,"valueName":"search_term_string"}}],"inLanguage":"pt-BR"}]}},"amp_enabled":true,"_links":{"self":[{"href":"https:\/\/www.p31noticias.com.br\/index.php?rest_route=\/wp\/v2\/posts\/50743","targetHints":{"allow":["GET"]}}],"collection":[{"href":"https:\/\/www.p31noticias.com.br\/index.php?rest_route=\/wp\/v2\/posts"}],"about":[{"href":"https:\/\/www.p31noticias.com.br\/index.php?rest_route=\/wp\/v2\/types\/post"}],"replies":[{"embeddable":true,"href":"https:\/\/www.p31noticias.com.br\/index.php?rest_route=%2Fwp%2Fv2%2Fcomments&post=50743"}],"version-history":[{"count":0,"href":"https:\/\/www.p31noticias.com.br\/index.php?rest_route=\/wp\/v2\/posts\/50743\/revisions"}],"wp:featuredmedia":[{"embeddable":true,"href":"https:\/\/www.p31noticias.com.br\/index.php?rest_route=\/wp\/v2\/media\/50744"}],"wp:attachment":[{"href":"https:\/\/www.p31noticias.com.br\/index.php?rest_route=%2Fwp%2Fv2%2Fmedia&parent=50743"}],"wp:term":[{"taxonomy":"category","embeddable":true,"href":"https:\/\/www.p31noticias.com.br\/index.php?rest_route=%2Fwp%2Fv2%2Fcategories&post=50743"},{"taxonomy":"post_tag","embeddable":true,"href":"https:\/\/www.p31noticias.com.br\/index.php?rest_route=%2Fwp%2Fv2%2Ftags&post=50743"}],"curies":[{"name":"wp","href":"https:\/\/api.w.org\/{rel}","templated":true}]}}