{"id":50410,"date":"2024-05-14T20:29:49","date_gmt":"2024-05-14T23:29:49","guid":{"rendered":"https:\/\/p31noticias.com.br\/flavio-bolsonaro-nega-causa-da-crise-climatica-em-votacao-de-projeto-sobre-adaptacao\/"},"modified":"2024-05-14T20:29:49","modified_gmt":"2024-05-14T23:29:49","slug":"flavio-bolsonaro-nega-causa-da-crise-climatica-em-votacao-de-projeto-sobre-adaptacao","status":"publish","type":"post","link":"https:\/\/www.p31noticias.com.br\/?p=50410","title":{"rendered":"Fl\u00e1vio Bolsonaro nega causa da crise clim\u00e1tica em vota\u00e7\u00e3o de projeto sobre adapta\u00e7\u00e3o"},"content":{"rendered":"<p>Durante a vota\u00e7\u00e3o de uma das propostas legislativas consideradas cruciais por ambientalistas e especialistas para evitar novas trag\u00e9dias como a que atinge o Rio Grande do Sul, o senador Fl\u00e1vio Bolsonaro (PL-RJ) negou que o epis\u00f3dio tenha rela\u00e7\u00e3o com as emiss\u00f5es de carbono na atmosfera. H\u00e1 um amplo consenso cient\u00edfico de que essas emiss\u00f5es, produzidas [\u2026]<\/p>\n<p>O post <a href=\"https:\/\/www.delioandrade.com.br\/flavio-bolsonaro-nega-causa-da-crise-climatica-em-votacao-de-projeto-sobre-adaptacao\/\">Fl\u00e1vio Bolsonaro nega causa da crise clim\u00e1tica em vota\u00e7\u00e3o de projeto sobre adapta\u00e7\u00e3o<\/a> apareceu primeiro em <a href=\"https:\/\/www.delioandrade.com.br\/\">Blog do D\u00c9LIO ANDRADE<\/a>.<\/p>\n","protected":false},"excerpt":{"rendered":"<p>Durante a vota\u00e7\u00e3o de uma das propostas legislativas consideradas cruciais por ambientalistas e especialistas para evitar novas trag\u00e9dias como a que atinge o Rio Grande do Sul, o senador Fl\u00e1vio Bolsonaro (PL-RJ) negou que o epis\u00f3dio tenha rela\u00e7\u00e3o com as emiss\u00f5es de carbono na atmosfera. H\u00e1 um amplo consenso cient\u00edfico de que essas emiss\u00f5es, produzidas [&hellip;]<\/p>\n","protected":false},"author":0,"featured_media":50411,"comment_status":"open","ping_status":"open","sticky":false,"template":"","format":"standard","meta":{"footnotes":""},"categories":[21],"tags":[],"class_list":{"0":"post-50410","1":"post","2":"type-post","3":"status-publish","4":"format-standard","5":"has-post-thumbnail","7":"category-brasilia"},"yoast_head":"<!-- This site is optimized with the Yoast SEO Premium plugin v24.5 (Yoast SEO v27.5) - https:\/\/yoast.com\/product\/yoast-seo-premium-wordpress\/ -->\n<title>Fl\u00e1vio Bolsonaro nega causa da crise clim\u00e1tica em vota\u00e7\u00e3o de projeto sobre adapta\u00e7\u00e3o - P31<\/title>\n<meta name=\"robots\" content=\"index, follow, max-snippet:-1, max-image-preview:large, max-video-preview:-1\" \/>\n<link rel=\"canonical\" href=\"https:\/\/www.p31noticias.com.br\/?p=50410\" \/>\n<meta property=\"og:locale\" content=\"pt_BR\" \/>\n<meta property=\"og:type\" content=\"article\" \/>\n<meta property=\"og:title\" content=\"Fl\u00e1vio Bolsonaro nega causa da crise clim\u00e1tica em vota\u00e7\u00e3o de projeto sobre adapta\u00e7\u00e3o\" \/>\n<meta property=\"og:description\" content=\"Durante a vota\u00e7\u00e3o de uma das propostas legislativas consideradas cruciais por ambientalistas e especialistas para evitar novas trag\u00e9dias como a que atinge o Rio Grande do Sul, o senador Fl\u00e1vio Bolsonaro (PL-RJ) negou que o epis\u00f3dio tenha rela\u00e7\u00e3o com as emiss\u00f5es de carbono na atmosfera. H\u00e1 um amplo consenso cient\u00edfico de que essas emiss\u00f5es, produzidas [&hellip;]\" \/>\n<meta property=\"og:url\" content=\"https:\/\/www.p31noticias.com.br\/?p=50410\" \/>\n<meta property=\"og:site_name\" content=\"P31\" \/>\n<meta property=\"article:published_time\" content=\"2024-05-14T23:29:49+00:00\" \/>\n<meta property=\"og:image\" content=\"https:\/\/www.p31noticias.com.br\/wp-content\/uploads\/2024\/05\/2-CAPA-SITE-ENTRELINHAS-DO-PODER_Flavio-Bolsonaro-nega-causa-da-crise-climatica-em-votacao-de-projeto-sobre-adaptacao-anfMCB-150x150-1n19QK.jpeg\" \/>\n\t<meta property=\"og:image:width\" content=\"150\" \/>\n\t<meta property=\"og:image:height\" content=\"150\" \/>\n\t<meta property=\"og:image:type\" content=\"image\/jpeg\" \/>\n<meta name=\"twitter:card\" content=\"summary_large_image\" \/>\n<script type=\"application\/ld+json\" class=\"yoast-schema-graph\">{\"@context\":\"https:\\\/\\\/schema.org\",\"@graph\":[{\"@type\":\"Article\",\"@id\":\"https:\\\/\\\/www.p31noticias.com.br\\\/?p=50410#article\",\"isPartOf\":{\"@id\":\"https:\\\/\\\/www.p31noticias.com.br\\\/?p=50410\"},\"author\":{\"name\":\"\",\"@id\":\"\"},\"headline\":\"Fl\u00e1vio Bolsonaro nega causa da crise clim\u00e1tica em vota\u00e7\u00e3o de projeto sobre adapta\u00e7\u00e3o\",\"datePublished\":\"2024-05-14T23:29:49+00:00\",\"mainEntityOfPage\":{\"@id\":\"https:\\\/\\\/www.p31noticias.com.br\\\/?p=50410\"},\"wordCount\":107,\"commentCount\":0,\"image\":{\"@id\":\"https:\\\/\\\/www.p31noticias.com.br\\\/?p=50410#primaryimage\"},\"thumbnailUrl\":\"https:\\\/\\\/www.p31noticias.com.br\\\/wp-content\\\/uploads\\\/2024\\\/05\\\/2-CAPA-SITE-ENTRELINHAS-DO-PODER_Flavio-Bolsonaro-nega-causa-da-crise-climatica-em-votacao-de-projeto-sobre-adaptacao-anfMCB-150x150-1n19QK.jpeg\",\"articleSection\":[\"Bras\u00edlia\"],\"inLanguage\":\"pt-BR\",\"potentialAction\":[{\"@type\":\"CommentAction\",\"name\":\"Comment\",\"target\":[\"https:\\\/\\\/www.p31noticias.com.br\\\/?p=50410#respond\"]}],\"copyrightYear\":\"2024\",\"copyrightHolder\":{\"@id\":\"https:\\\/\\\/www.p31noticias.com.br\\\/#organization\"}},{\"@type\":\"WebPage\",\"@id\":\"https:\\\/\\\/www.p31noticias.com.br\\\/?p=50410\",\"url\":\"https:\\\/\\\/www.p31noticias.com.br\\\/?p=50410\",\"name\":\"Fl\u00e1vio Bolsonaro nega causa da crise clim\u00e1tica em vota\u00e7\u00e3o de projeto sobre adapta\u00e7\u00e3o - P31\",\"isPartOf\":{\"@id\":\"https:\\\/\\\/www.p31noticias.com.br\\\/#website\"},\"primaryImageOfPage\":{\"@id\":\"https:\\\/\\\/www.p31noticias.com.br\\\/?p=50410#primaryimage\"},\"image\":{\"@id\":\"https:\\\/\\\/www.p31noticias.com.br\\\/?p=50410#primaryimage\"},\"thumbnailUrl\":\"https:\\\/\\\/www.p31noticias.com.br\\\/wp-content\\\/uploads\\\/2024\\\/05\\\/2-CAPA-SITE-ENTRELINHAS-DO-PODER_Flavio-Bolsonaro-nega-causa-da-crise-climatica-em-votacao-de-projeto-sobre-adaptacao-anfMCB-150x150-1n19QK.jpeg\",\"datePublished\":\"2024-05-14T23:29:49+00:00\",\"author\":{\"@id\":\"\"},\"breadcrumb\":{\"@id\":\"https:\\\/\\\/www.p31noticias.com.br\\\/?p=50410#breadcrumb\"},\"inLanguage\":\"pt-BR\",\"potentialAction\":[{\"@type\":\"ReadAction\",\"target\":[\"https:\\\/\\\/www.p31noticias.com.br\\\/?p=50410\"]}]},{\"@type\":\"ImageObject\",\"inLanguage\":\"pt-BR\",\"@id\":\"https:\\\/\\\/www.p31noticias.com.br\\\/?p=50410#primaryimage\",\"url\":\"https:\\\/\\\/www.p31noticias.com.br\\\/wp-content\\\/uploads\\\/2024\\\/05\\\/2-CAPA-SITE-ENTRELINHAS-DO-PODER_Flavio-Bolsonaro-nega-causa-da-crise-climatica-em-votacao-de-projeto-sobre-adaptacao-anfMCB-150x150-1n19QK.jpeg\",\"contentUrl\":\"https:\\\/\\\/www.p31noticias.com.br\\\/wp-content\\\/uploads\\\/2024\\\/05\\\/2-CAPA-SITE-ENTRELINHAS-DO-PODER_Flavio-Bolsonaro-nega-causa-da-crise-climatica-em-votacao-de-projeto-sobre-adaptacao-anfMCB-150x150-1n19QK.jpeg\",\"width\":150,\"height\":150},{\"@type\":\"BreadcrumbList\",\"@id\":\"https:\\\/\\\/www.p31noticias.com.br\\\/?p=50410#breadcrumb\",\"itemListElement\":[{\"@type\":\"ListItem\",\"position\":1,\"name\":\"In\u00edcio\",\"item\":\"https:\\\/\\\/www.p31noticias.com.br\\\/\"},{\"@type\":\"ListItem\",\"position\":2,\"name\":\"Fl\u00e1vio Bolsonaro nega causa da crise clim\u00e1tica em vota\u00e7\u00e3o de projeto sobre adapta\u00e7\u00e3o\"}]},{\"@type\":\"WebSite\",\"@id\":\"https:\\\/\\\/www.p31noticias.com.br\\\/#website\",\"url\":\"https:\\\/\\\/www.p31noticias.com.br\\\/\",\"name\":\"P31\",\"description\":\"NOT\u00cdCIAS\",\"potentialAction\":[{\"@type\":\"SearchAction\",\"target\":{\"@type\":\"EntryPoint\",\"urlTemplate\":\"https:\\\/\\\/www.p31noticias.com.br\\\/?s={search_term_string}\"},\"query-input\":{\"@type\":\"PropertyValueSpecification\",\"valueRequired\":true,\"valueName\":\"search_term_string\"}}],\"inLanguage\":\"pt-BR\"}]}<\/script>\n<!-- \/ Yoast SEO Premium plugin. -->","yoast_head_json":{"title":"Fl\u00e1vio Bolsonaro nega causa da crise clim\u00e1tica em vota\u00e7\u00e3o de projeto sobre adapta\u00e7\u00e3o - P31","robots":{"index":"index","follow":"follow","max-snippet":"max-snippet:-1","max-image-preview":"max-image-preview:large","max-video-preview":"max-video-preview:-1"},"canonical":"https:\/\/www.p31noticias.com.br\/?p=50410","og_locale":"pt_BR","og_type":"article","og_title":"Fl\u00e1vio Bolsonaro nega causa da crise clim\u00e1tica em vota\u00e7\u00e3o de projeto sobre adapta\u00e7\u00e3o","og_description":"Durante a vota\u00e7\u00e3o de uma das propostas legislativas consideradas cruciais por ambientalistas e especialistas para evitar novas trag\u00e9dias como a que atinge o Rio Grande do Sul, o senador Fl\u00e1vio Bolsonaro (PL-RJ) negou que o epis\u00f3dio tenha rela\u00e7\u00e3o com as emiss\u00f5es de carbono na atmosfera. H\u00e1 um amplo consenso cient\u00edfico de que essas emiss\u00f5es, produzidas [&hellip;]","og_url":"https:\/\/www.p31noticias.com.br\/?p=50410","og_site_name":"P31","article_published_time":"2024-05-14T23:29:49+00:00","og_image":[{"width":150,"height":150,"url":"https:\/\/www.p31noticias.com.br\/wp-content\/uploads\/2024\/05\/2-CAPA-SITE-ENTRELINHAS-DO-PODER_Flavio-Bolsonaro-nega-causa-da-crise-climatica-em-votacao-de-projeto-sobre-adaptacao-anfMCB-150x150-1n19QK.jpeg","type":"image\/jpeg"}],"twitter_card":"summary_large_image","schema":{"@context":"https:\/\/schema.org","@graph":[{"@type":"Article","@id":"https:\/\/www.p31noticias.com.br\/?p=50410#article","isPartOf":{"@id":"https:\/\/www.p31noticias.com.br\/?p=50410"},"author":{"name":"","@id":""},"headline":"Fl\u00e1vio Bolsonaro nega causa da crise clim\u00e1tica em vota\u00e7\u00e3o de projeto sobre adapta\u00e7\u00e3o","datePublished":"2024-05-14T23:29:49+00:00","mainEntityOfPage":{"@id":"https:\/\/www.p31noticias.com.br\/?p=50410"},"wordCount":107,"commentCount":0,"image":{"@id":"https:\/\/www.p31noticias.com.br\/?p=50410#primaryimage"},"thumbnailUrl":"https:\/\/www.p31noticias.com.br\/wp-content\/uploads\/2024\/05\/2-CAPA-SITE-ENTRELINHAS-DO-PODER_Flavio-Bolsonaro-nega-causa-da-crise-climatica-em-votacao-de-projeto-sobre-adaptacao-anfMCB-150x150-1n19QK.jpeg","articleSection":["Bras\u00edlia"],"inLanguage":"pt-BR","potentialAction":[{"@type":"CommentAction","name":"Comment","target":["https:\/\/www.p31noticias.com.br\/?p=50410#respond"]}],"copyrightYear":"2024","copyrightHolder":{"@id":"https:\/\/www.p31noticias.com.br\/#organization"}},{"@type":"WebPage","@id":"https:\/\/www.p31noticias.com.br\/?p=50410","url":"https:\/\/www.p31noticias.com.br\/?p=50410","name":"Fl\u00e1vio Bolsonaro nega causa da crise clim\u00e1tica em vota\u00e7\u00e3o de projeto sobre adapta\u00e7\u00e3o - P31","isPartOf":{"@id":"https:\/\/www.p31noticias.com.br\/#website"},"primaryImageOfPage":{"@id":"https:\/\/www.p31noticias.com.br\/?p=50410#primaryimage"},"image":{"@id":"https:\/\/www.p31noticias.com.br\/?p=50410#primaryimage"},"thumbnailUrl":"https:\/\/www.p31noticias.com.br\/wp-content\/uploads\/2024\/05\/2-CAPA-SITE-ENTRELINHAS-DO-PODER_Flavio-Bolsonaro-nega-causa-da-crise-climatica-em-votacao-de-projeto-sobre-adaptacao-anfMCB-150x150-1n19QK.jpeg","datePublished":"2024-05-14T23:29:49+00:00","author":{"@id":""},"breadcrumb":{"@id":"https:\/\/www.p31noticias.com.br\/?p=50410#breadcrumb"},"inLanguage":"pt-BR","potentialAction":[{"@type":"ReadAction","target":["https:\/\/www.p31noticias.com.br\/?p=50410"]}]},{"@type":"ImageObject","inLanguage":"pt-BR","@id":"https:\/\/www.p31noticias.com.br\/?p=50410#primaryimage","url":"https:\/\/www.p31noticias.com.br\/wp-content\/uploads\/2024\/05\/2-CAPA-SITE-ENTRELINHAS-DO-PODER_Flavio-Bolsonaro-nega-causa-da-crise-climatica-em-votacao-de-projeto-sobre-adaptacao-anfMCB-150x150-1n19QK.jpeg","contentUrl":"https:\/\/www.p31noticias.com.br\/wp-content\/uploads\/2024\/05\/2-CAPA-SITE-ENTRELINHAS-DO-PODER_Flavio-Bolsonaro-nega-causa-da-crise-climatica-em-votacao-de-projeto-sobre-adaptacao-anfMCB-150x150-1n19QK.jpeg","width":150,"height":150},{"@type":"BreadcrumbList","@id":"https:\/\/www.p31noticias.com.br\/?p=50410#breadcrumb","itemListElement":[{"@type":"ListItem","position":1,"name":"In\u00edcio","item":"https:\/\/www.p31noticias.com.br\/"},{"@type":"ListItem","position":2,"name":"Fl\u00e1vio Bolsonaro nega causa da crise clim\u00e1tica em vota\u00e7\u00e3o de projeto sobre adapta\u00e7\u00e3o"}]},{"@type":"WebSite","@id":"https:\/\/www.p31noticias.com.br\/#website","url":"https:\/\/www.p31noticias.com.br\/","name":"P31","description":"NOT\u00cdCIAS","potentialAction":[{"@type":"SearchAction","target":{"@type":"EntryPoint","urlTemplate":"https:\/\/www.p31noticias.com.br\/?s={search_term_string}"},"query-input":{"@type":"PropertyValueSpecification","valueRequired":true,"valueName":"search_term_string"}}],"inLanguage":"pt-BR"}]}},"amp_enabled":true,"_links":{"self":[{"href":"https:\/\/www.p31noticias.com.br\/index.php?rest_route=\/wp\/v2\/posts\/50410","targetHints":{"allow":["GET"]}}],"collection":[{"href":"https:\/\/www.p31noticias.com.br\/index.php?rest_route=\/wp\/v2\/posts"}],"about":[{"href":"https:\/\/www.p31noticias.com.br\/index.php?rest_route=\/wp\/v2\/types\/post"}],"replies":[{"embeddable":true,"href":"https:\/\/www.p31noticias.com.br\/index.php?rest_route=%2Fwp%2Fv2%2Fcomments&post=50410"}],"version-history":[{"count":0,"href":"https:\/\/www.p31noticias.com.br\/index.php?rest_route=\/wp\/v2\/posts\/50410\/revisions"}],"wp:featuredmedia":[{"embeddable":true,"href":"https:\/\/www.p31noticias.com.br\/index.php?rest_route=\/wp\/v2\/media\/50411"}],"wp:attachment":[{"href":"https:\/\/www.p31noticias.com.br\/index.php?rest_route=%2Fwp%2Fv2%2Fmedia&parent=50410"}],"wp:term":[{"taxonomy":"category","embeddable":true,"href":"https:\/\/www.p31noticias.com.br\/index.php?rest_route=%2Fwp%2Fv2%2Fcategories&post=50410"},{"taxonomy":"post_tag","embeddable":true,"href":"https:\/\/www.p31noticias.com.br\/index.php?rest_route=%2Fwp%2Fv2%2Ftags&post=50410"}],"curies":[{"name":"wp","href":"https:\/\/api.w.org\/{rel}","templated":true}]}}