{"id":50357,"date":"2024-05-14T14:29:59","date_gmt":"2024-05-14T17:29:59","guid":{"rendered":"https:\/\/p31noticias.com.br\/undf-inscricoes-para-o-2o-semestre-sao-prorrogadas-ate-domingo-19-5\/"},"modified":"2024-05-14T14:29:59","modified_gmt":"2024-05-14T17:29:59","slug":"undf-inscricoes-para-o-2o-semestre-sao-prorrogadas-ate-domingo-19-5","status":"publish","type":"post","link":"https:\/\/www.p31noticias.com.br\/?p=50357","title":{"rendered":"UnDF: inscri\u00e7\u00f5es para o 2\u00ba semestre s\u00e3o prorrogadas at\u00e9 domingo (19\/5)"},"content":{"rendered":"<p>As inscri\u00e7\u00f5es para a sele\u00e7\u00e3o da Universidade do Distrito Federal (UnDF) para o segundo semestre de 2024 foram prorrogadas at\u00e9 domingo (19\/5). O processo seletivo, que abriu mais de 600 vagas para 14 cursos de ensino superior, \u00e9 com base nas notas obtidas em uma das cinco \u00faltimas edi\u00e7\u00f5es do Exame Nacional do Ensino M\u00e9dio [\u2026]<\/p>\n<p>O post <a href=\"https:\/\/www.delioandrade.com.br\/undf-inscricoes-para-o-2o-semestre-sao-prorrogadas-ate-domingo-19-5\/\">UnDF: inscri\u00e7\u00f5es para o 2\u00ba semestre s\u00e3o prorrogadas at\u00e9 domingo (19\/5)<\/a> apareceu primeiro em <a href=\"https:\/\/www.delioandrade.com.br\/\">Blog do D\u00c9LIO ANDRADE<\/a>.<\/p>\n","protected":false},"excerpt":{"rendered":"<p>As inscri\u00e7\u00f5es para a sele\u00e7\u00e3o da Universidade do Distrito Federal (UnDF) para o segundo semestre de 2024 foram prorrogadas at\u00e9 domingo (19\/5). O processo seletivo, que abriu mais de 600 vagas para 14 cursos de ensino superior, \u00e9 com base nas notas obtidas em uma das cinco \u00faltimas edi\u00e7\u00f5es do Exame Nacional do Ensino M\u00e9dio [&hellip;]<\/p>\n","protected":false},"author":0,"featured_media":0,"comment_status":"open","ping_status":"open","sticky":false,"template":"","format":"standard","meta":{"footnotes":""},"categories":[21],"tags":[],"class_list":{"0":"post-50357","1":"post","2":"type-post","3":"status-publish","4":"format-standard","6":"category-brasilia"},"yoast_head":"<!-- This site is optimized with the Yoast SEO Premium plugin v24.5 (Yoast SEO v27.5) - https:\/\/yoast.com\/product\/yoast-seo-premium-wordpress\/ -->\n<title>UnDF: inscri\u00e7\u00f5es para o 2\u00ba semestre s\u00e3o prorrogadas at\u00e9 domingo (19\/5) - P31<\/title>\n<meta name=\"robots\" content=\"index, follow, max-snippet:-1, max-image-preview:large, max-video-preview:-1\" \/>\n<link rel=\"canonical\" href=\"https:\/\/www.p31noticias.com.br\/?p=50357\" \/>\n<meta property=\"og:locale\" content=\"pt_BR\" \/>\n<meta property=\"og:type\" content=\"article\" \/>\n<meta property=\"og:title\" content=\"UnDF: inscri\u00e7\u00f5es para o 2\u00ba semestre s\u00e3o prorrogadas at\u00e9 domingo (19\/5)\" \/>\n<meta property=\"og:description\" content=\"As inscri\u00e7\u00f5es para a sele\u00e7\u00e3o da Universidade do Distrito Federal (UnDF) para o segundo semestre de 2024 foram prorrogadas at\u00e9 domingo (19\/5). O processo seletivo, que abriu mais de 600 vagas para 14 cursos de ensino superior, \u00e9 com base nas notas obtidas em uma das cinco \u00faltimas edi\u00e7\u00f5es do Exame Nacional do Ensino M\u00e9dio [&hellip;]\" \/>\n<meta property=\"og:url\" content=\"https:\/\/www.p31noticias.com.br\/?p=50357\" \/>\n<meta property=\"og:site_name\" content=\"P31\" \/>\n<meta property=\"article:published_time\" content=\"2024-05-14T17:29:59+00:00\" \/>\n<meta name=\"twitter:card\" content=\"summary_large_image\" \/>\n<script type=\"application\/ld+json\" class=\"yoast-schema-graph\">{\"@context\":\"https:\\\/\\\/schema.org\",\"@graph\":[{\"@type\":\"Article\",\"@id\":\"https:\\\/\\\/www.p31noticias.com.br\\\/?p=50357#article\",\"isPartOf\":{\"@id\":\"https:\\\/\\\/www.p31noticias.com.br\\\/?p=50357\"},\"author\":{\"name\":\"\",\"@id\":\"\"},\"headline\":\"UnDF: inscri\u00e7\u00f5es para o 2\u00ba semestre s\u00e3o prorrogadas at\u00e9 domingo (19\\\/5)\",\"datePublished\":\"2024-05-14T17:29:59+00:00\",\"mainEntityOfPage\":{\"@id\":\"https:\\\/\\\/www.p31noticias.com.br\\\/?p=50357\"},\"wordCount\":86,\"commentCount\":0,\"articleSection\":[\"Bras\u00edlia\"],\"inLanguage\":\"pt-BR\",\"potentialAction\":[{\"@type\":\"CommentAction\",\"name\":\"Comment\",\"target\":[\"https:\\\/\\\/www.p31noticias.com.br\\\/?p=50357#respond\"]}],\"copyrightYear\":\"2024\",\"copyrightHolder\":{\"@id\":\"https:\\\/\\\/www.p31noticias.com.br\\\/#organization\"}},{\"@type\":\"WebPage\",\"@id\":\"https:\\\/\\\/www.p31noticias.com.br\\\/?p=50357\",\"url\":\"https:\\\/\\\/www.p31noticias.com.br\\\/?p=50357\",\"name\":\"UnDF: inscri\u00e7\u00f5es para o 2\u00ba semestre s\u00e3o prorrogadas at\u00e9 domingo (19\\\/5) - P31\",\"isPartOf\":{\"@id\":\"https:\\\/\\\/www.p31noticias.com.br\\\/#website\"},\"datePublished\":\"2024-05-14T17:29:59+00:00\",\"author\":{\"@id\":\"\"},\"breadcrumb\":{\"@id\":\"https:\\\/\\\/www.p31noticias.com.br\\\/?p=50357#breadcrumb\"},\"inLanguage\":\"pt-BR\",\"potentialAction\":[{\"@type\":\"ReadAction\",\"target\":[\"https:\\\/\\\/www.p31noticias.com.br\\\/?p=50357\"]}]},{\"@type\":\"BreadcrumbList\",\"@id\":\"https:\\\/\\\/www.p31noticias.com.br\\\/?p=50357#breadcrumb\",\"itemListElement\":[{\"@type\":\"ListItem\",\"position\":1,\"name\":\"In\u00edcio\",\"item\":\"https:\\\/\\\/www.p31noticias.com.br\\\/\"},{\"@type\":\"ListItem\",\"position\":2,\"name\":\"UnDF: inscri\u00e7\u00f5es para o 2\u00ba semestre s\u00e3o prorrogadas at\u00e9 domingo (19\\\/5)\"}]},{\"@type\":\"WebSite\",\"@id\":\"https:\\\/\\\/www.p31noticias.com.br\\\/#website\",\"url\":\"https:\\\/\\\/www.p31noticias.com.br\\\/\",\"name\":\"P31\",\"description\":\"NOT\u00cdCIAS\",\"potentialAction\":[{\"@type\":\"SearchAction\",\"target\":{\"@type\":\"EntryPoint\",\"urlTemplate\":\"https:\\\/\\\/www.p31noticias.com.br\\\/?s={search_term_string}\"},\"query-input\":{\"@type\":\"PropertyValueSpecification\",\"valueRequired\":true,\"valueName\":\"search_term_string\"}}],\"inLanguage\":\"pt-BR\"}]}<\/script>\n<!-- \/ Yoast SEO Premium plugin. -->","yoast_head_json":{"title":"UnDF: inscri\u00e7\u00f5es para o 2\u00ba semestre s\u00e3o prorrogadas at\u00e9 domingo (19\/5) - P31","robots":{"index":"index","follow":"follow","max-snippet":"max-snippet:-1","max-image-preview":"max-image-preview:large","max-video-preview":"max-video-preview:-1"},"canonical":"https:\/\/www.p31noticias.com.br\/?p=50357","og_locale":"pt_BR","og_type":"article","og_title":"UnDF: inscri\u00e7\u00f5es para o 2\u00ba semestre s\u00e3o prorrogadas at\u00e9 domingo (19\/5)","og_description":"As inscri\u00e7\u00f5es para a sele\u00e7\u00e3o da Universidade do Distrito Federal (UnDF) para o segundo semestre de 2024 foram prorrogadas at\u00e9 domingo (19\/5). O processo seletivo, que abriu mais de 600 vagas para 14 cursos de ensino superior, \u00e9 com base nas notas obtidas em uma das cinco \u00faltimas edi\u00e7\u00f5es do Exame Nacional do Ensino M\u00e9dio [&hellip;]","og_url":"https:\/\/www.p31noticias.com.br\/?p=50357","og_site_name":"P31","article_published_time":"2024-05-14T17:29:59+00:00","twitter_card":"summary_large_image","schema":{"@context":"https:\/\/schema.org","@graph":[{"@type":"Article","@id":"https:\/\/www.p31noticias.com.br\/?p=50357#article","isPartOf":{"@id":"https:\/\/www.p31noticias.com.br\/?p=50357"},"author":{"name":"","@id":""},"headline":"UnDF: inscri\u00e7\u00f5es para o 2\u00ba semestre s\u00e3o prorrogadas at\u00e9 domingo (19\/5)","datePublished":"2024-05-14T17:29:59+00:00","mainEntityOfPage":{"@id":"https:\/\/www.p31noticias.com.br\/?p=50357"},"wordCount":86,"commentCount":0,"articleSection":["Bras\u00edlia"],"inLanguage":"pt-BR","potentialAction":[{"@type":"CommentAction","name":"Comment","target":["https:\/\/www.p31noticias.com.br\/?p=50357#respond"]}],"copyrightYear":"2024","copyrightHolder":{"@id":"https:\/\/www.p31noticias.com.br\/#organization"}},{"@type":"WebPage","@id":"https:\/\/www.p31noticias.com.br\/?p=50357","url":"https:\/\/www.p31noticias.com.br\/?p=50357","name":"UnDF: inscri\u00e7\u00f5es para o 2\u00ba semestre s\u00e3o prorrogadas at\u00e9 domingo (19\/5) - P31","isPartOf":{"@id":"https:\/\/www.p31noticias.com.br\/#website"},"datePublished":"2024-05-14T17:29:59+00:00","author":{"@id":""},"breadcrumb":{"@id":"https:\/\/www.p31noticias.com.br\/?p=50357#breadcrumb"},"inLanguage":"pt-BR","potentialAction":[{"@type":"ReadAction","target":["https:\/\/www.p31noticias.com.br\/?p=50357"]}]},{"@type":"BreadcrumbList","@id":"https:\/\/www.p31noticias.com.br\/?p=50357#breadcrumb","itemListElement":[{"@type":"ListItem","position":1,"name":"In\u00edcio","item":"https:\/\/www.p31noticias.com.br\/"},{"@type":"ListItem","position":2,"name":"UnDF: inscri\u00e7\u00f5es para o 2\u00ba semestre s\u00e3o prorrogadas at\u00e9 domingo (19\/5)"}]},{"@type":"WebSite","@id":"https:\/\/www.p31noticias.com.br\/#website","url":"https:\/\/www.p31noticias.com.br\/","name":"P31","description":"NOT\u00cdCIAS","potentialAction":[{"@type":"SearchAction","target":{"@type":"EntryPoint","urlTemplate":"https:\/\/www.p31noticias.com.br\/?s={search_term_string}"},"query-input":{"@type":"PropertyValueSpecification","valueRequired":true,"valueName":"search_term_string"}}],"inLanguage":"pt-BR"}]}},"amp_enabled":true,"_links":{"self":[{"href":"https:\/\/www.p31noticias.com.br\/index.php?rest_route=\/wp\/v2\/posts\/50357","targetHints":{"allow":["GET"]}}],"collection":[{"href":"https:\/\/www.p31noticias.com.br\/index.php?rest_route=\/wp\/v2\/posts"}],"about":[{"href":"https:\/\/www.p31noticias.com.br\/index.php?rest_route=\/wp\/v2\/types\/post"}],"replies":[{"embeddable":true,"href":"https:\/\/www.p31noticias.com.br\/index.php?rest_route=%2Fwp%2Fv2%2Fcomments&post=50357"}],"version-history":[{"count":0,"href":"https:\/\/www.p31noticias.com.br\/index.php?rest_route=\/wp\/v2\/posts\/50357\/revisions"}],"wp:attachment":[{"href":"https:\/\/www.p31noticias.com.br\/index.php?rest_route=%2Fwp%2Fv2%2Fmedia&parent=50357"}],"wp:term":[{"taxonomy":"category","embeddable":true,"href":"https:\/\/www.p31noticias.com.br\/index.php?rest_route=%2Fwp%2Fv2%2Fcategories&post=50357"},{"taxonomy":"post_tag","embeddable":true,"href":"https:\/\/www.p31noticias.com.br\/index.php?rest_route=%2Fwp%2Fv2%2Ftags&post=50357"}],"curies":[{"name":"wp","href":"https:\/\/api.w.org\/{rel}","templated":true}]}}