{"id":50226,"date":"2024-05-13T17:29:49","date_gmt":"2024-05-13T20:29:49","guid":{"rendered":"https:\/\/p31noticias.com.br\/jovens-sao-presos-pela-pf-com-685-capsulas-de-cocaina-no-estomago\/"},"modified":"2024-05-13T17:29:49","modified_gmt":"2024-05-13T20:29:49","slug":"jovens-sao-presos-pela-pf-com-685-capsulas-de-cocaina-no-estomago","status":"publish","type":"post","link":"https:\/\/www.p31noticias.com.br\/?p=50226","title":{"rendered":"Jovens s\u00e3o presos pela PF com 685 c\u00e1psulas de coca\u00edna no est\u00f4mago"},"content":{"rendered":"<p>Um grupo formado por tr\u00eas homens e tr\u00eas mulheres foi preso pela Pol\u00edcia Federal (PF) tentando embarcar no Aeroporto Internacional do Rio de Janeiro, com c\u00e1psulas de coca\u00edna no est\u00f4mago. O trio j\u00e1 expeliu 685 inv\u00f3lucros de p\u00f3. Dois suspeitos j\u00e1 est\u00e3o no sistema penitenci\u00e1rio, enquanto as tr\u00eas jovens e um homem seguem internados. O [\u2026]<\/p>\n<p>O post <a href=\"https:\/\/www.delioandrade.com.br\/jovens-sao-presos-pela-pf-com-685-capsulas-de-cocaina-no-estomago\/\">Jovens s\u00e3o presos pela PF com 685 c\u00e1psulas de coca\u00edna no est\u00f4mago<\/a> apareceu primeiro em <a href=\"https:\/\/www.delioandrade.com.br\/\">Blog do D\u00c9LIO ANDRADE<\/a>.<\/p>\n","protected":false},"excerpt":{"rendered":"<p>Um grupo formado por tr\u00eas homens e tr\u00eas mulheres foi preso pela Pol\u00edcia Federal (PF) tentando embarcar no Aeroporto Internacional do Rio de Janeiro, com c\u00e1psulas de coca\u00edna no est\u00f4mago. O trio j\u00e1 expeliu 685 inv\u00f3lucros de p\u00f3. Dois suspeitos j\u00e1 est\u00e3o no sistema penitenci\u00e1rio, enquanto as tr\u00eas jovens e um homem seguem internados. O [&hellip;]<\/p>\n","protected":false},"author":0,"featured_media":0,"comment_status":"open","ping_status":"open","sticky":false,"template":"","format":"standard","meta":{"footnotes":""},"categories":[21],"tags":[],"class_list":{"0":"post-50226","1":"post","2":"type-post","3":"status-publish","4":"format-standard","6":"category-brasilia"},"yoast_head":"<!-- This site is optimized with the Yoast SEO Premium plugin v24.5 (Yoast SEO v27.5) - https:\/\/yoast.com\/product\/yoast-seo-premium-wordpress\/ -->\n<title>Jovens s\u00e3o presos pela PF com 685 c\u00e1psulas de coca\u00edna no est\u00f4mago - P31<\/title>\n<meta name=\"robots\" content=\"index, follow, max-snippet:-1, max-image-preview:large, max-video-preview:-1\" \/>\n<link rel=\"canonical\" href=\"https:\/\/www.p31noticias.com.br\/?p=50226\" \/>\n<meta property=\"og:locale\" content=\"pt_BR\" \/>\n<meta property=\"og:type\" content=\"article\" \/>\n<meta property=\"og:title\" content=\"Jovens s\u00e3o presos pela PF com 685 c\u00e1psulas de coca\u00edna no est\u00f4mago\" \/>\n<meta property=\"og:description\" content=\"Um grupo formado por tr\u00eas homens e tr\u00eas mulheres foi preso pela Pol\u00edcia Federal (PF) tentando embarcar no Aeroporto Internacional do Rio de Janeiro, com c\u00e1psulas de coca\u00edna no est\u00f4mago. O trio j\u00e1 expeliu 685 inv\u00f3lucros de p\u00f3. Dois suspeitos j\u00e1 est\u00e3o no sistema penitenci\u00e1rio, enquanto as tr\u00eas jovens e um homem seguem internados. O [&hellip;]\" \/>\n<meta property=\"og:url\" content=\"https:\/\/www.p31noticias.com.br\/?p=50226\" \/>\n<meta property=\"og:site_name\" content=\"P31\" \/>\n<meta property=\"article:published_time\" content=\"2024-05-13T20:29:49+00:00\" \/>\n<meta name=\"twitter:card\" content=\"summary_large_image\" \/>\n<script type=\"application\/ld+json\" class=\"yoast-schema-graph\">{\"@context\":\"https:\\\/\\\/schema.org\",\"@graph\":[{\"@type\":\"Article\",\"@id\":\"https:\\\/\\\/www.p31noticias.com.br\\\/?p=50226#article\",\"isPartOf\":{\"@id\":\"https:\\\/\\\/www.p31noticias.com.br\\\/?p=50226\"},\"author\":{\"name\":\"\",\"@id\":\"\"},\"headline\":\"Jovens s\u00e3o presos pela PF com 685 c\u00e1psulas de coca\u00edna no est\u00f4mago\",\"datePublished\":\"2024-05-13T20:29:49+00:00\",\"mainEntityOfPage\":{\"@id\":\"https:\\\/\\\/www.p31noticias.com.br\\\/?p=50226\"},\"wordCount\":104,\"commentCount\":0,\"articleSection\":[\"Bras\u00edlia\"],\"inLanguage\":\"pt-BR\",\"potentialAction\":[{\"@type\":\"CommentAction\",\"name\":\"Comment\",\"target\":[\"https:\\\/\\\/www.p31noticias.com.br\\\/?p=50226#respond\"]}],\"copyrightYear\":\"2024\",\"copyrightHolder\":{\"@id\":\"https:\\\/\\\/www.p31noticias.com.br\\\/#organization\"}},{\"@type\":\"WebPage\",\"@id\":\"https:\\\/\\\/www.p31noticias.com.br\\\/?p=50226\",\"url\":\"https:\\\/\\\/www.p31noticias.com.br\\\/?p=50226\",\"name\":\"Jovens s\u00e3o presos pela PF com 685 c\u00e1psulas de coca\u00edna no est\u00f4mago - P31\",\"isPartOf\":{\"@id\":\"https:\\\/\\\/www.p31noticias.com.br\\\/#website\"},\"datePublished\":\"2024-05-13T20:29:49+00:00\",\"author\":{\"@id\":\"\"},\"breadcrumb\":{\"@id\":\"https:\\\/\\\/www.p31noticias.com.br\\\/?p=50226#breadcrumb\"},\"inLanguage\":\"pt-BR\",\"potentialAction\":[{\"@type\":\"ReadAction\",\"target\":[\"https:\\\/\\\/www.p31noticias.com.br\\\/?p=50226\"]}]},{\"@type\":\"BreadcrumbList\",\"@id\":\"https:\\\/\\\/www.p31noticias.com.br\\\/?p=50226#breadcrumb\",\"itemListElement\":[{\"@type\":\"ListItem\",\"position\":1,\"name\":\"In\u00edcio\",\"item\":\"https:\\\/\\\/www.p31noticias.com.br\\\/\"},{\"@type\":\"ListItem\",\"position\":2,\"name\":\"Jovens s\u00e3o presos pela PF com 685 c\u00e1psulas de coca\u00edna no est\u00f4mago\"}]},{\"@type\":\"WebSite\",\"@id\":\"https:\\\/\\\/www.p31noticias.com.br\\\/#website\",\"url\":\"https:\\\/\\\/www.p31noticias.com.br\\\/\",\"name\":\"P31\",\"description\":\"NOT\u00cdCIAS\",\"potentialAction\":[{\"@type\":\"SearchAction\",\"target\":{\"@type\":\"EntryPoint\",\"urlTemplate\":\"https:\\\/\\\/www.p31noticias.com.br\\\/?s={search_term_string}\"},\"query-input\":{\"@type\":\"PropertyValueSpecification\",\"valueRequired\":true,\"valueName\":\"search_term_string\"}}],\"inLanguage\":\"pt-BR\"}]}<\/script>\n<!-- \/ Yoast SEO Premium plugin. -->","yoast_head_json":{"title":"Jovens s\u00e3o presos pela PF com 685 c\u00e1psulas de coca\u00edna no est\u00f4mago - P31","robots":{"index":"index","follow":"follow","max-snippet":"max-snippet:-1","max-image-preview":"max-image-preview:large","max-video-preview":"max-video-preview:-1"},"canonical":"https:\/\/www.p31noticias.com.br\/?p=50226","og_locale":"pt_BR","og_type":"article","og_title":"Jovens s\u00e3o presos pela PF com 685 c\u00e1psulas de coca\u00edna no est\u00f4mago","og_description":"Um grupo formado por tr\u00eas homens e tr\u00eas mulheres foi preso pela Pol\u00edcia Federal (PF) tentando embarcar no Aeroporto Internacional do Rio de Janeiro, com c\u00e1psulas de coca\u00edna no est\u00f4mago. O trio j\u00e1 expeliu 685 inv\u00f3lucros de p\u00f3. Dois suspeitos j\u00e1 est\u00e3o no sistema penitenci\u00e1rio, enquanto as tr\u00eas jovens e um homem seguem internados. O [&hellip;]","og_url":"https:\/\/www.p31noticias.com.br\/?p=50226","og_site_name":"P31","article_published_time":"2024-05-13T20:29:49+00:00","twitter_card":"summary_large_image","schema":{"@context":"https:\/\/schema.org","@graph":[{"@type":"Article","@id":"https:\/\/www.p31noticias.com.br\/?p=50226#article","isPartOf":{"@id":"https:\/\/www.p31noticias.com.br\/?p=50226"},"author":{"name":"","@id":""},"headline":"Jovens s\u00e3o presos pela PF com 685 c\u00e1psulas de coca\u00edna no est\u00f4mago","datePublished":"2024-05-13T20:29:49+00:00","mainEntityOfPage":{"@id":"https:\/\/www.p31noticias.com.br\/?p=50226"},"wordCount":104,"commentCount":0,"articleSection":["Bras\u00edlia"],"inLanguage":"pt-BR","potentialAction":[{"@type":"CommentAction","name":"Comment","target":["https:\/\/www.p31noticias.com.br\/?p=50226#respond"]}],"copyrightYear":"2024","copyrightHolder":{"@id":"https:\/\/www.p31noticias.com.br\/#organization"}},{"@type":"WebPage","@id":"https:\/\/www.p31noticias.com.br\/?p=50226","url":"https:\/\/www.p31noticias.com.br\/?p=50226","name":"Jovens s\u00e3o presos pela PF com 685 c\u00e1psulas de coca\u00edna no est\u00f4mago - P31","isPartOf":{"@id":"https:\/\/www.p31noticias.com.br\/#website"},"datePublished":"2024-05-13T20:29:49+00:00","author":{"@id":""},"breadcrumb":{"@id":"https:\/\/www.p31noticias.com.br\/?p=50226#breadcrumb"},"inLanguage":"pt-BR","potentialAction":[{"@type":"ReadAction","target":["https:\/\/www.p31noticias.com.br\/?p=50226"]}]},{"@type":"BreadcrumbList","@id":"https:\/\/www.p31noticias.com.br\/?p=50226#breadcrumb","itemListElement":[{"@type":"ListItem","position":1,"name":"In\u00edcio","item":"https:\/\/www.p31noticias.com.br\/"},{"@type":"ListItem","position":2,"name":"Jovens s\u00e3o presos pela PF com 685 c\u00e1psulas de coca\u00edna no est\u00f4mago"}]},{"@type":"WebSite","@id":"https:\/\/www.p31noticias.com.br\/#website","url":"https:\/\/www.p31noticias.com.br\/","name":"P31","description":"NOT\u00cdCIAS","potentialAction":[{"@type":"SearchAction","target":{"@type":"EntryPoint","urlTemplate":"https:\/\/www.p31noticias.com.br\/?s={search_term_string}"},"query-input":{"@type":"PropertyValueSpecification","valueRequired":true,"valueName":"search_term_string"}}],"inLanguage":"pt-BR"}]}},"amp_enabled":true,"_links":{"self":[{"href":"https:\/\/www.p31noticias.com.br\/index.php?rest_route=\/wp\/v2\/posts\/50226","targetHints":{"allow":["GET"]}}],"collection":[{"href":"https:\/\/www.p31noticias.com.br\/index.php?rest_route=\/wp\/v2\/posts"}],"about":[{"href":"https:\/\/www.p31noticias.com.br\/index.php?rest_route=\/wp\/v2\/types\/post"}],"replies":[{"embeddable":true,"href":"https:\/\/www.p31noticias.com.br\/index.php?rest_route=%2Fwp%2Fv2%2Fcomments&post=50226"}],"version-history":[{"count":0,"href":"https:\/\/www.p31noticias.com.br\/index.php?rest_route=\/wp\/v2\/posts\/50226\/revisions"}],"wp:attachment":[{"href":"https:\/\/www.p31noticias.com.br\/index.php?rest_route=%2Fwp%2Fv2%2Fmedia&parent=50226"}],"wp:term":[{"taxonomy":"category","embeddable":true,"href":"https:\/\/www.p31noticias.com.br\/index.php?rest_route=%2Fwp%2Fv2%2Fcategories&post=50226"},{"taxonomy":"post_tag","embeddable":true,"href":"https:\/\/www.p31noticias.com.br\/index.php?rest_route=%2Fwp%2Fv2%2Ftags&post=50226"}],"curies":[{"name":"wp","href":"https:\/\/api.w.org\/{rel}","templated":true}]}}