{"id":50211,"date":"2024-05-13T16:30:27","date_gmt":"2024-05-13T19:30:27","guid":{"rendered":"https:\/\/p31noticias.com.br\/unidade-movel-do-hvep-inicia-atendimento-em-sao-sebastiao\/"},"modified":"2024-05-13T16:30:27","modified_gmt":"2024-05-13T19:30:27","slug":"unidade-movel-do-hvep-inicia-atendimento-em-sao-sebastiao","status":"publish","type":"post","link":"https:\/\/www.p31noticias.com.br\/?p=50211","title":{"rendered":"Unidade m\u00f3vel do Hvep inicia atendimento em S\u00e3o Sebasti\u00e3o"},"content":{"rendered":"<p>A popula\u00e7\u00e3o de S\u00e3o Sebasti\u00e3o vai contar com atendimento gratuito para animais dom\u00e9sticos nos pr\u00f3ximos tr\u00eas meses. A unidade m\u00f3vel do Servi\u00e7o Veterin\u00e1rio P\u00fablico (Hvep) estacionou nesta segunda-feira (13) na regi\u00e3o administrativa, e passa a prestar assist\u00eancia no estacionamento da administra\u00e7\u00e3o regional (Quadra 101, Conjunto 08), com entrega de dez senhas di\u00e1rias, sempre a partir [\u2026]<\/p>\n<p>O post <a href=\"https:\/\/www.delioandrade.com.br\/unidade-movel-do-hvep-inicia-atendimento-em-sao-sebastiao\/\">Unidade m\u00f3vel do Hvep inicia atendimento em S\u00e3o Sebasti\u00e3o<\/a> apareceu primeiro em <a href=\"https:\/\/www.delioandrade.com.br\/\">Blog do D\u00c9LIO ANDRADE<\/a>.<\/p>\n","protected":false},"excerpt":{"rendered":"<p>A popula\u00e7\u00e3o de S\u00e3o Sebasti\u00e3o vai contar com atendimento gratuito para animais dom\u00e9sticos nos pr\u00f3ximos tr\u00eas meses. A unidade m\u00f3vel do Servi\u00e7o Veterin\u00e1rio P\u00fablico (Hvep) estacionou nesta segunda-feira (13) na regi\u00e3o administrativa, e passa a prestar assist\u00eancia no estacionamento da administra\u00e7\u00e3o regional (Quadra 101, Conjunto 08), com entrega de dez senhas di\u00e1rias, sempre a partir [&hellip;]<\/p>\n","protected":false},"author":0,"featured_media":50212,"comment_status":"open","ping_status":"open","sticky":false,"template":"","format":"standard","meta":{"footnotes":""},"categories":[21],"tags":[],"class_list":{"0":"post-50211","1":"post","2":"type-post","3":"status-publish","4":"format-standard","5":"has-post-thumbnail","7":"category-brasilia"},"yoast_head":"<!-- This site is optimized with the Yoast SEO Premium plugin v24.5 (Yoast SEO v27.5) - https:\/\/yoast.com\/product\/yoast-seo-premium-wordpress\/ -->\n<title>Unidade m\u00f3vel do Hvep inicia atendimento em S\u00e3o Sebasti\u00e3o - P31<\/title>\n<meta name=\"robots\" content=\"index, follow, max-snippet:-1, max-image-preview:large, max-video-preview:-1\" \/>\n<link rel=\"canonical\" href=\"https:\/\/www.p31noticias.com.br\/?p=50211\" \/>\n<meta property=\"og:locale\" content=\"pt_BR\" \/>\n<meta property=\"og:type\" content=\"article\" \/>\n<meta property=\"og:title\" content=\"Unidade m\u00f3vel do Hvep inicia atendimento em S\u00e3o Sebasti\u00e3o\" \/>\n<meta property=\"og:description\" content=\"A popula\u00e7\u00e3o de S\u00e3o Sebasti\u00e3o vai contar com atendimento gratuito para animais dom\u00e9sticos nos pr\u00f3ximos tr\u00eas meses. A unidade m\u00f3vel do Servi\u00e7o Veterin\u00e1rio P\u00fablico (Hvep) estacionou nesta segunda-feira (13) na regi\u00e3o administrativa, e passa a prestar assist\u00eancia no estacionamento da administra\u00e7\u00e3o regional (Quadra 101, Conjunto 08), com entrega de dez senhas di\u00e1rias, sempre a partir [&hellip;]\" \/>\n<meta property=\"og:url\" content=\"https:\/\/www.p31noticias.com.br\/?p=50211\" \/>\n<meta property=\"og:site_name\" content=\"P31\" \/>\n<meta property=\"article:published_time\" content=\"2024-05-13T19:30:27+00:00\" \/>\n<meta property=\"og:image\" content=\"https:\/\/www.p31noticias.com.br\/wp-content\/uploads\/2024\/05\/hvep-movel-divulgacao-sema-OJ8hJd-150x150-XzPsVr.jpeg\" \/>\n\t<meta property=\"og:image:width\" content=\"150\" \/>\n\t<meta property=\"og:image:height\" content=\"150\" \/>\n\t<meta property=\"og:image:type\" content=\"image\/jpeg\" \/>\n<meta name=\"twitter:card\" content=\"summary_large_image\" \/>\n<script type=\"application\/ld+json\" class=\"yoast-schema-graph\">{\"@context\":\"https:\\\/\\\/schema.org\",\"@graph\":[{\"@type\":\"Article\",\"@id\":\"https:\\\/\\\/www.p31noticias.com.br\\\/?p=50211#article\",\"isPartOf\":{\"@id\":\"https:\\\/\\\/www.p31noticias.com.br\\\/?p=50211\"},\"author\":{\"name\":\"\",\"@id\":\"\"},\"headline\":\"Unidade m\u00f3vel do Hvep inicia atendimento em S\u00e3o Sebasti\u00e3o\",\"datePublished\":\"2024-05-13T19:30:27+00:00\",\"mainEntityOfPage\":{\"@id\":\"https:\\\/\\\/www.p31noticias.com.br\\\/?p=50211\"},\"wordCount\":100,\"commentCount\":0,\"image\":{\"@id\":\"https:\\\/\\\/www.p31noticias.com.br\\\/?p=50211#primaryimage\"},\"thumbnailUrl\":\"https:\\\/\\\/www.p31noticias.com.br\\\/wp-content\\\/uploads\\\/2024\\\/05\\\/hvep-movel-divulgacao-sema-OJ8hJd-150x150-XzPsVr.jpeg\",\"articleSection\":[\"Bras\u00edlia\"],\"inLanguage\":\"pt-BR\",\"potentialAction\":[{\"@type\":\"CommentAction\",\"name\":\"Comment\",\"target\":[\"https:\\\/\\\/www.p31noticias.com.br\\\/?p=50211#respond\"]}],\"copyrightYear\":\"2024\",\"copyrightHolder\":{\"@id\":\"https:\\\/\\\/www.p31noticias.com.br\\\/#organization\"}},{\"@type\":\"WebPage\",\"@id\":\"https:\\\/\\\/www.p31noticias.com.br\\\/?p=50211\",\"url\":\"https:\\\/\\\/www.p31noticias.com.br\\\/?p=50211\",\"name\":\"Unidade m\u00f3vel do Hvep inicia atendimento em S\u00e3o Sebasti\u00e3o - P31\",\"isPartOf\":{\"@id\":\"https:\\\/\\\/www.p31noticias.com.br\\\/#website\"},\"primaryImageOfPage\":{\"@id\":\"https:\\\/\\\/www.p31noticias.com.br\\\/?p=50211#primaryimage\"},\"image\":{\"@id\":\"https:\\\/\\\/www.p31noticias.com.br\\\/?p=50211#primaryimage\"},\"thumbnailUrl\":\"https:\\\/\\\/www.p31noticias.com.br\\\/wp-content\\\/uploads\\\/2024\\\/05\\\/hvep-movel-divulgacao-sema-OJ8hJd-150x150-XzPsVr.jpeg\",\"datePublished\":\"2024-05-13T19:30:27+00:00\",\"author\":{\"@id\":\"\"},\"breadcrumb\":{\"@id\":\"https:\\\/\\\/www.p31noticias.com.br\\\/?p=50211#breadcrumb\"},\"inLanguage\":\"pt-BR\",\"potentialAction\":[{\"@type\":\"ReadAction\",\"target\":[\"https:\\\/\\\/www.p31noticias.com.br\\\/?p=50211\"]}]},{\"@type\":\"ImageObject\",\"inLanguage\":\"pt-BR\",\"@id\":\"https:\\\/\\\/www.p31noticias.com.br\\\/?p=50211#primaryimage\",\"url\":\"https:\\\/\\\/www.p31noticias.com.br\\\/wp-content\\\/uploads\\\/2024\\\/05\\\/hvep-movel-divulgacao-sema-OJ8hJd-150x150-XzPsVr.jpeg\",\"contentUrl\":\"https:\\\/\\\/www.p31noticias.com.br\\\/wp-content\\\/uploads\\\/2024\\\/05\\\/hvep-movel-divulgacao-sema-OJ8hJd-150x150-XzPsVr.jpeg\",\"width\":150,\"height\":150},{\"@type\":\"BreadcrumbList\",\"@id\":\"https:\\\/\\\/www.p31noticias.com.br\\\/?p=50211#breadcrumb\",\"itemListElement\":[{\"@type\":\"ListItem\",\"position\":1,\"name\":\"In\u00edcio\",\"item\":\"https:\\\/\\\/www.p31noticias.com.br\\\/\"},{\"@type\":\"ListItem\",\"position\":2,\"name\":\"Unidade m\u00f3vel do Hvep inicia atendimento em S\u00e3o Sebasti\u00e3o\"}]},{\"@type\":\"WebSite\",\"@id\":\"https:\\\/\\\/www.p31noticias.com.br\\\/#website\",\"url\":\"https:\\\/\\\/www.p31noticias.com.br\\\/\",\"name\":\"P31\",\"description\":\"NOT\u00cdCIAS\",\"potentialAction\":[{\"@type\":\"SearchAction\",\"target\":{\"@type\":\"EntryPoint\",\"urlTemplate\":\"https:\\\/\\\/www.p31noticias.com.br\\\/?s={search_term_string}\"},\"query-input\":{\"@type\":\"PropertyValueSpecification\",\"valueRequired\":true,\"valueName\":\"search_term_string\"}}],\"inLanguage\":\"pt-BR\"}]}<\/script>\n<!-- \/ Yoast SEO Premium plugin. -->","yoast_head_json":{"title":"Unidade m\u00f3vel do Hvep inicia atendimento em S\u00e3o Sebasti\u00e3o - P31","robots":{"index":"index","follow":"follow","max-snippet":"max-snippet:-1","max-image-preview":"max-image-preview:large","max-video-preview":"max-video-preview:-1"},"canonical":"https:\/\/www.p31noticias.com.br\/?p=50211","og_locale":"pt_BR","og_type":"article","og_title":"Unidade m\u00f3vel do Hvep inicia atendimento em S\u00e3o Sebasti\u00e3o","og_description":"A popula\u00e7\u00e3o de S\u00e3o Sebasti\u00e3o vai contar com atendimento gratuito para animais dom\u00e9sticos nos pr\u00f3ximos tr\u00eas meses. A unidade m\u00f3vel do Servi\u00e7o Veterin\u00e1rio P\u00fablico (Hvep) estacionou nesta segunda-feira (13) na regi\u00e3o administrativa, e passa a prestar assist\u00eancia no estacionamento da administra\u00e7\u00e3o regional (Quadra 101, Conjunto 08), com entrega de dez senhas di\u00e1rias, sempre a partir [&hellip;]","og_url":"https:\/\/www.p31noticias.com.br\/?p=50211","og_site_name":"P31","article_published_time":"2024-05-13T19:30:27+00:00","og_image":[{"width":150,"height":150,"url":"https:\/\/www.p31noticias.com.br\/wp-content\/uploads\/2024\/05\/hvep-movel-divulgacao-sema-OJ8hJd-150x150-XzPsVr.jpeg","type":"image\/jpeg"}],"twitter_card":"summary_large_image","schema":{"@context":"https:\/\/schema.org","@graph":[{"@type":"Article","@id":"https:\/\/www.p31noticias.com.br\/?p=50211#article","isPartOf":{"@id":"https:\/\/www.p31noticias.com.br\/?p=50211"},"author":{"name":"","@id":""},"headline":"Unidade m\u00f3vel do Hvep inicia atendimento em S\u00e3o Sebasti\u00e3o","datePublished":"2024-05-13T19:30:27+00:00","mainEntityOfPage":{"@id":"https:\/\/www.p31noticias.com.br\/?p=50211"},"wordCount":100,"commentCount":0,"image":{"@id":"https:\/\/www.p31noticias.com.br\/?p=50211#primaryimage"},"thumbnailUrl":"https:\/\/www.p31noticias.com.br\/wp-content\/uploads\/2024\/05\/hvep-movel-divulgacao-sema-OJ8hJd-150x150-XzPsVr.jpeg","articleSection":["Bras\u00edlia"],"inLanguage":"pt-BR","potentialAction":[{"@type":"CommentAction","name":"Comment","target":["https:\/\/www.p31noticias.com.br\/?p=50211#respond"]}],"copyrightYear":"2024","copyrightHolder":{"@id":"https:\/\/www.p31noticias.com.br\/#organization"}},{"@type":"WebPage","@id":"https:\/\/www.p31noticias.com.br\/?p=50211","url":"https:\/\/www.p31noticias.com.br\/?p=50211","name":"Unidade m\u00f3vel do Hvep inicia atendimento em S\u00e3o Sebasti\u00e3o - P31","isPartOf":{"@id":"https:\/\/www.p31noticias.com.br\/#website"},"primaryImageOfPage":{"@id":"https:\/\/www.p31noticias.com.br\/?p=50211#primaryimage"},"image":{"@id":"https:\/\/www.p31noticias.com.br\/?p=50211#primaryimage"},"thumbnailUrl":"https:\/\/www.p31noticias.com.br\/wp-content\/uploads\/2024\/05\/hvep-movel-divulgacao-sema-OJ8hJd-150x150-XzPsVr.jpeg","datePublished":"2024-05-13T19:30:27+00:00","author":{"@id":""},"breadcrumb":{"@id":"https:\/\/www.p31noticias.com.br\/?p=50211#breadcrumb"},"inLanguage":"pt-BR","potentialAction":[{"@type":"ReadAction","target":["https:\/\/www.p31noticias.com.br\/?p=50211"]}]},{"@type":"ImageObject","inLanguage":"pt-BR","@id":"https:\/\/www.p31noticias.com.br\/?p=50211#primaryimage","url":"https:\/\/www.p31noticias.com.br\/wp-content\/uploads\/2024\/05\/hvep-movel-divulgacao-sema-OJ8hJd-150x150-XzPsVr.jpeg","contentUrl":"https:\/\/www.p31noticias.com.br\/wp-content\/uploads\/2024\/05\/hvep-movel-divulgacao-sema-OJ8hJd-150x150-XzPsVr.jpeg","width":150,"height":150},{"@type":"BreadcrumbList","@id":"https:\/\/www.p31noticias.com.br\/?p=50211#breadcrumb","itemListElement":[{"@type":"ListItem","position":1,"name":"In\u00edcio","item":"https:\/\/www.p31noticias.com.br\/"},{"@type":"ListItem","position":2,"name":"Unidade m\u00f3vel do Hvep inicia atendimento em S\u00e3o Sebasti\u00e3o"}]},{"@type":"WebSite","@id":"https:\/\/www.p31noticias.com.br\/#website","url":"https:\/\/www.p31noticias.com.br\/","name":"P31","description":"NOT\u00cdCIAS","potentialAction":[{"@type":"SearchAction","target":{"@type":"EntryPoint","urlTemplate":"https:\/\/www.p31noticias.com.br\/?s={search_term_string}"},"query-input":{"@type":"PropertyValueSpecification","valueRequired":true,"valueName":"search_term_string"}}],"inLanguage":"pt-BR"}]}},"amp_enabled":true,"_links":{"self":[{"href":"https:\/\/www.p31noticias.com.br\/index.php?rest_route=\/wp\/v2\/posts\/50211","targetHints":{"allow":["GET"]}}],"collection":[{"href":"https:\/\/www.p31noticias.com.br\/index.php?rest_route=\/wp\/v2\/posts"}],"about":[{"href":"https:\/\/www.p31noticias.com.br\/index.php?rest_route=\/wp\/v2\/types\/post"}],"replies":[{"embeddable":true,"href":"https:\/\/www.p31noticias.com.br\/index.php?rest_route=%2Fwp%2Fv2%2Fcomments&post=50211"}],"version-history":[{"count":0,"href":"https:\/\/www.p31noticias.com.br\/index.php?rest_route=\/wp\/v2\/posts\/50211\/revisions"}],"wp:featuredmedia":[{"embeddable":true,"href":"https:\/\/www.p31noticias.com.br\/index.php?rest_route=\/wp\/v2\/media\/50212"}],"wp:attachment":[{"href":"https:\/\/www.p31noticias.com.br\/index.php?rest_route=%2Fwp%2Fv2%2Fmedia&parent=50211"}],"wp:term":[{"taxonomy":"category","embeddable":true,"href":"https:\/\/www.p31noticias.com.br\/index.php?rest_route=%2Fwp%2Fv2%2Fcategories&post=50211"},{"taxonomy":"post_tag","embeddable":true,"href":"https:\/\/www.p31noticias.com.br\/index.php?rest_route=%2Fwp%2Fv2%2Ftags&post=50211"}],"curies":[{"name":"wp","href":"https:\/\/api.w.org\/{rel}","templated":true}]}}