{"id":50176,"date":"2024-05-13T11:32:36","date_gmt":"2024-05-13T14:32:36","guid":{"rendered":"https:\/\/p31noticias.com.br\/pmdf-mobiliza-equipe-que-atuara-em-missao-tatica-no-rs-veja-imagens\/"},"modified":"2024-05-13T11:32:36","modified_gmt":"2024-05-13T14:32:36","slug":"pmdf-mobiliza-equipe-que-atuara-em-missao-tatica-no-rs-veja-imagens","status":"publish","type":"post","link":"https:\/\/www.p31noticias.com.br\/?p=50176","title":{"rendered":"PMDF mobiliza equipe que atuar\u00e1 em miss\u00e3o t\u00e1tica no RS. Veja imagens"},"content":{"rendered":"<p>Com a miss\u00e3o t\u00e1tica de auxiliar no combate ao crime no Rio Grande do Sul (RS), servidores da Pol\u00edcia Militar do Distrito Federal (PMDF) sa\u00edram do Batalh\u00e3o de Policiamento de Choque (BPChoque), na manh\u00e3 desta segunda-feira (13\/5), para seguir em viagem at\u00e9 o estado, que sofre as consequ\u00eancias de uma trag\u00e9dia clim\u00e1tica. A regi\u00e3o afetada [\u2026]<\/p>\n<p>O post <a href=\"https:\/\/www.delioandrade.com.br\/pmdf-mobiliza-equipe-que-atuara-em-missao-tatica-no-rs-veja-imagens\/\">PMDF mobiliza equipe que atuar\u00e1 em miss\u00e3o t\u00e1tica no RS. Veja imagens<\/a> apareceu primeiro em <a href=\"https:\/\/www.delioandrade.com.br\/\">Blog do D\u00c9LIO ANDRADE<\/a>.<\/p>\n","protected":false},"excerpt":{"rendered":"<p>Com a miss\u00e3o t\u00e1tica de auxiliar no combate ao crime no Rio Grande do Sul (RS), servidores da Pol\u00edcia Militar do Distrito Federal (PMDF) sa\u00edram do Batalh\u00e3o de Policiamento de Choque (BPChoque), na manh\u00e3 desta segunda-feira (13\/5), para seguir em viagem at\u00e9 o estado, que sofre as consequ\u00eancias de uma trag\u00e9dia clim\u00e1tica. A regi\u00e3o afetada [&hellip;]<\/p>\n","protected":false},"author":0,"featured_media":50177,"comment_status":"open","ping_status":"open","sticky":false,"template":"","format":"standard","meta":{"footnotes":""},"categories":[21],"tags":[],"class_list":{"0":"post-50176","1":"post","2":"type-post","3":"status-publish","4":"format-standard","5":"has-post-thumbnail","7":"category-brasilia"},"yoast_head":"<!-- This site is optimized with the Yoast SEO Premium plugin v24.5 (Yoast SEO v27.4) - https:\/\/yoast.com\/product\/yoast-seo-premium-wordpress\/ -->\n<title>PMDF mobiliza equipe que atuar\u00e1 em miss\u00e3o t\u00e1tica no RS. Veja imagens - P31<\/title>\n<meta name=\"robots\" content=\"index, follow, max-snippet:-1, max-image-preview:large, max-video-preview:-1\" \/>\n<link rel=\"canonical\" href=\"https:\/\/www.p31noticias.com.br\/?p=50176\" \/>\n<meta property=\"og:locale\" content=\"pt_BR\" \/>\n<meta property=\"og:type\" content=\"article\" \/>\n<meta property=\"og:title\" content=\"PMDF mobiliza equipe que atuar\u00e1 em miss\u00e3o t\u00e1tica no RS. Veja imagens\" \/>\n<meta property=\"og:description\" content=\"Com a miss\u00e3o t\u00e1tica de auxiliar no combate ao crime no Rio Grande do Sul (RS), servidores da Pol\u00edcia Militar do Distrito Federal (PMDF) sa\u00edram do Batalh\u00e3o de Policiamento de Choque (BPChoque), na manh\u00e3 desta segunda-feira (13\/5), para seguir em viagem at\u00e9 o estado, que sofre as consequ\u00eancias de uma trag\u00e9dia clim\u00e1tica. A regi\u00e3o afetada [&hellip;]\" \/>\n<meta property=\"og:url\" content=\"https:\/\/www.p31noticias.com.br\/?p=50176\" \/>\n<meta property=\"og:site_name\" content=\"P31\" \/>\n<meta property=\"article:published_time\" content=\"2024-05-13T14:32:36+00:00\" \/>\n<meta property=\"og:image\" content=\"https:\/\/www.p31noticias.com.br\/wp-content\/uploads\/2024\/05\/WhatsApp-Image-2024-05-13-at-09.19.44-nbsb0N-150x150-Vxe2n4.jpeg\" \/>\n\t<meta property=\"og:image:width\" content=\"150\" \/>\n\t<meta property=\"og:image:height\" content=\"150\" \/>\n\t<meta property=\"og:image:type\" content=\"image\/jpeg\" \/>\n<meta name=\"twitter:card\" content=\"summary_large_image\" \/>\n<script type=\"application\/ld+json\" class=\"yoast-schema-graph\">{\"@context\":\"https:\\\/\\\/schema.org\",\"@graph\":[{\"@type\":\"Article\",\"@id\":\"https:\\\/\\\/www.p31noticias.com.br\\\/?p=50176#article\",\"isPartOf\":{\"@id\":\"https:\\\/\\\/www.p31noticias.com.br\\\/?p=50176\"},\"author\":{\"name\":\"\",\"@id\":\"\"},\"headline\":\"PMDF mobiliza equipe que atuar\u00e1 em miss\u00e3o t\u00e1tica no RS. Veja imagens\",\"datePublished\":\"2024-05-13T14:32:36+00:00\",\"mainEntityOfPage\":{\"@id\":\"https:\\\/\\\/www.p31noticias.com.br\\\/?p=50176\"},\"wordCount\":101,\"commentCount\":0,\"image\":{\"@id\":\"https:\\\/\\\/www.p31noticias.com.br\\\/?p=50176#primaryimage\"},\"thumbnailUrl\":\"https:\\\/\\\/www.p31noticias.com.br\\\/wp-content\\\/uploads\\\/2024\\\/05\\\/WhatsApp-Image-2024-05-13-at-09.19.44-nbsb0N-150x150-Vxe2n4.jpeg\",\"articleSection\":[\"Bras\u00edlia\"],\"inLanguage\":\"pt-BR\",\"potentialAction\":[{\"@type\":\"CommentAction\",\"name\":\"Comment\",\"target\":[\"https:\\\/\\\/www.p31noticias.com.br\\\/?p=50176#respond\"]}],\"copyrightYear\":\"2024\",\"copyrightHolder\":{\"@id\":\"https:\\\/\\\/www.p31noticias.com.br\\\/#organization\"}},{\"@type\":\"WebPage\",\"@id\":\"https:\\\/\\\/www.p31noticias.com.br\\\/?p=50176\",\"url\":\"https:\\\/\\\/www.p31noticias.com.br\\\/?p=50176\",\"name\":\"PMDF mobiliza equipe que atuar\u00e1 em miss\u00e3o t\u00e1tica no RS. Veja imagens - P31\",\"isPartOf\":{\"@id\":\"https:\\\/\\\/www.p31noticias.com.br\\\/#website\"},\"primaryImageOfPage\":{\"@id\":\"https:\\\/\\\/www.p31noticias.com.br\\\/?p=50176#primaryimage\"},\"image\":{\"@id\":\"https:\\\/\\\/www.p31noticias.com.br\\\/?p=50176#primaryimage\"},\"thumbnailUrl\":\"https:\\\/\\\/www.p31noticias.com.br\\\/wp-content\\\/uploads\\\/2024\\\/05\\\/WhatsApp-Image-2024-05-13-at-09.19.44-nbsb0N-150x150-Vxe2n4.jpeg\",\"datePublished\":\"2024-05-13T14:32:36+00:00\",\"author\":{\"@id\":\"\"},\"breadcrumb\":{\"@id\":\"https:\\\/\\\/www.p31noticias.com.br\\\/?p=50176#breadcrumb\"},\"inLanguage\":\"pt-BR\",\"potentialAction\":[{\"@type\":\"ReadAction\",\"target\":[\"https:\\\/\\\/www.p31noticias.com.br\\\/?p=50176\"]}]},{\"@type\":\"ImageObject\",\"inLanguage\":\"pt-BR\",\"@id\":\"https:\\\/\\\/www.p31noticias.com.br\\\/?p=50176#primaryimage\",\"url\":\"https:\\\/\\\/www.p31noticias.com.br\\\/wp-content\\\/uploads\\\/2024\\\/05\\\/WhatsApp-Image-2024-05-13-at-09.19.44-nbsb0N-150x150-Vxe2n4.jpeg\",\"contentUrl\":\"https:\\\/\\\/www.p31noticias.com.br\\\/wp-content\\\/uploads\\\/2024\\\/05\\\/WhatsApp-Image-2024-05-13-at-09.19.44-nbsb0N-150x150-Vxe2n4.jpeg\",\"width\":150,\"height\":150},{\"@type\":\"BreadcrumbList\",\"@id\":\"https:\\\/\\\/www.p31noticias.com.br\\\/?p=50176#breadcrumb\",\"itemListElement\":[{\"@type\":\"ListItem\",\"position\":1,\"name\":\"In\u00edcio\",\"item\":\"https:\\\/\\\/www.p31noticias.com.br\\\/\"},{\"@type\":\"ListItem\",\"position\":2,\"name\":\"PMDF mobiliza equipe que atuar\u00e1 em miss\u00e3o t\u00e1tica no RS. Veja imagens\"}]},{\"@type\":\"WebSite\",\"@id\":\"https:\\\/\\\/www.p31noticias.com.br\\\/#website\",\"url\":\"https:\\\/\\\/www.p31noticias.com.br\\\/\",\"name\":\"P31\",\"description\":\"NOT\u00cdCIAS\",\"potentialAction\":[{\"@type\":\"SearchAction\",\"target\":{\"@type\":\"EntryPoint\",\"urlTemplate\":\"https:\\\/\\\/www.p31noticias.com.br\\\/?s={search_term_string}\"},\"query-input\":{\"@type\":\"PropertyValueSpecification\",\"valueRequired\":true,\"valueName\":\"search_term_string\"}}],\"inLanguage\":\"pt-BR\"}]}<\/script>\n<!-- \/ Yoast SEO Premium plugin. -->","yoast_head_json":{"title":"PMDF mobiliza equipe que atuar\u00e1 em miss\u00e3o t\u00e1tica no RS. Veja imagens - P31","robots":{"index":"index","follow":"follow","max-snippet":"max-snippet:-1","max-image-preview":"max-image-preview:large","max-video-preview":"max-video-preview:-1"},"canonical":"https:\/\/www.p31noticias.com.br\/?p=50176","og_locale":"pt_BR","og_type":"article","og_title":"PMDF mobiliza equipe que atuar\u00e1 em miss\u00e3o t\u00e1tica no RS. Veja imagens","og_description":"Com a miss\u00e3o t\u00e1tica de auxiliar no combate ao crime no Rio Grande do Sul (RS), servidores da Pol\u00edcia Militar do Distrito Federal (PMDF) sa\u00edram do Batalh\u00e3o de Policiamento de Choque (BPChoque), na manh\u00e3 desta segunda-feira (13\/5), para seguir em viagem at\u00e9 o estado, que sofre as consequ\u00eancias de uma trag\u00e9dia clim\u00e1tica. A regi\u00e3o afetada [&hellip;]","og_url":"https:\/\/www.p31noticias.com.br\/?p=50176","og_site_name":"P31","article_published_time":"2024-05-13T14:32:36+00:00","og_image":[{"width":150,"height":150,"url":"https:\/\/www.p31noticias.com.br\/wp-content\/uploads\/2024\/05\/WhatsApp-Image-2024-05-13-at-09.19.44-nbsb0N-150x150-Vxe2n4.jpeg","type":"image\/jpeg"}],"twitter_card":"summary_large_image","schema":{"@context":"https:\/\/schema.org","@graph":[{"@type":"Article","@id":"https:\/\/www.p31noticias.com.br\/?p=50176#article","isPartOf":{"@id":"https:\/\/www.p31noticias.com.br\/?p=50176"},"author":{"name":"","@id":""},"headline":"PMDF mobiliza equipe que atuar\u00e1 em miss\u00e3o t\u00e1tica no RS. Veja imagens","datePublished":"2024-05-13T14:32:36+00:00","mainEntityOfPage":{"@id":"https:\/\/www.p31noticias.com.br\/?p=50176"},"wordCount":101,"commentCount":0,"image":{"@id":"https:\/\/www.p31noticias.com.br\/?p=50176#primaryimage"},"thumbnailUrl":"https:\/\/www.p31noticias.com.br\/wp-content\/uploads\/2024\/05\/WhatsApp-Image-2024-05-13-at-09.19.44-nbsb0N-150x150-Vxe2n4.jpeg","articleSection":["Bras\u00edlia"],"inLanguage":"pt-BR","potentialAction":[{"@type":"CommentAction","name":"Comment","target":["https:\/\/www.p31noticias.com.br\/?p=50176#respond"]}],"copyrightYear":"2024","copyrightHolder":{"@id":"https:\/\/www.p31noticias.com.br\/#organization"}},{"@type":"WebPage","@id":"https:\/\/www.p31noticias.com.br\/?p=50176","url":"https:\/\/www.p31noticias.com.br\/?p=50176","name":"PMDF mobiliza equipe que atuar\u00e1 em miss\u00e3o t\u00e1tica no RS. Veja imagens - P31","isPartOf":{"@id":"https:\/\/www.p31noticias.com.br\/#website"},"primaryImageOfPage":{"@id":"https:\/\/www.p31noticias.com.br\/?p=50176#primaryimage"},"image":{"@id":"https:\/\/www.p31noticias.com.br\/?p=50176#primaryimage"},"thumbnailUrl":"https:\/\/www.p31noticias.com.br\/wp-content\/uploads\/2024\/05\/WhatsApp-Image-2024-05-13-at-09.19.44-nbsb0N-150x150-Vxe2n4.jpeg","datePublished":"2024-05-13T14:32:36+00:00","author":{"@id":""},"breadcrumb":{"@id":"https:\/\/www.p31noticias.com.br\/?p=50176#breadcrumb"},"inLanguage":"pt-BR","potentialAction":[{"@type":"ReadAction","target":["https:\/\/www.p31noticias.com.br\/?p=50176"]}]},{"@type":"ImageObject","inLanguage":"pt-BR","@id":"https:\/\/www.p31noticias.com.br\/?p=50176#primaryimage","url":"https:\/\/www.p31noticias.com.br\/wp-content\/uploads\/2024\/05\/WhatsApp-Image-2024-05-13-at-09.19.44-nbsb0N-150x150-Vxe2n4.jpeg","contentUrl":"https:\/\/www.p31noticias.com.br\/wp-content\/uploads\/2024\/05\/WhatsApp-Image-2024-05-13-at-09.19.44-nbsb0N-150x150-Vxe2n4.jpeg","width":150,"height":150},{"@type":"BreadcrumbList","@id":"https:\/\/www.p31noticias.com.br\/?p=50176#breadcrumb","itemListElement":[{"@type":"ListItem","position":1,"name":"In\u00edcio","item":"https:\/\/www.p31noticias.com.br\/"},{"@type":"ListItem","position":2,"name":"PMDF mobiliza equipe que atuar\u00e1 em miss\u00e3o t\u00e1tica no RS. Veja imagens"}]},{"@type":"WebSite","@id":"https:\/\/www.p31noticias.com.br\/#website","url":"https:\/\/www.p31noticias.com.br\/","name":"P31","description":"NOT\u00cdCIAS","potentialAction":[{"@type":"SearchAction","target":{"@type":"EntryPoint","urlTemplate":"https:\/\/www.p31noticias.com.br\/?s={search_term_string}"},"query-input":{"@type":"PropertyValueSpecification","valueRequired":true,"valueName":"search_term_string"}}],"inLanguage":"pt-BR"}]}},"amp_enabled":true,"_links":{"self":[{"href":"https:\/\/www.p31noticias.com.br\/index.php?rest_route=\/wp\/v2\/posts\/50176","targetHints":{"allow":["GET"]}}],"collection":[{"href":"https:\/\/www.p31noticias.com.br\/index.php?rest_route=\/wp\/v2\/posts"}],"about":[{"href":"https:\/\/www.p31noticias.com.br\/index.php?rest_route=\/wp\/v2\/types\/post"}],"replies":[{"embeddable":true,"href":"https:\/\/www.p31noticias.com.br\/index.php?rest_route=%2Fwp%2Fv2%2Fcomments&post=50176"}],"version-history":[{"count":0,"href":"https:\/\/www.p31noticias.com.br\/index.php?rest_route=\/wp\/v2\/posts\/50176\/revisions"}],"wp:featuredmedia":[{"embeddable":true,"href":"https:\/\/www.p31noticias.com.br\/index.php?rest_route=\/wp\/v2\/media\/50177"}],"wp:attachment":[{"href":"https:\/\/www.p31noticias.com.br\/index.php?rest_route=%2Fwp%2Fv2%2Fmedia&parent=50176"}],"wp:term":[{"taxonomy":"category","embeddable":true,"href":"https:\/\/www.p31noticias.com.br\/index.php?rest_route=%2Fwp%2Fv2%2Fcategories&post=50176"},{"taxonomy":"post_tag","embeddable":true,"href":"https:\/\/www.p31noticias.com.br\/index.php?rest_route=%2Fwp%2Fv2%2Ftags&post=50176"}],"curies":[{"name":"wp","href":"https:\/\/api.w.org\/{rel}","templated":true}]}}