{"id":50164,"date":"2024-05-13T08:30:17","date_gmt":"2024-05-13T11:30:17","guid":{"rendered":"https:\/\/p31noticias.com.br\/iptu-vencimento-da-cota-unica-e-da-1a-parcela-no-df-comeca-nesta-2a\/"},"modified":"2024-05-13T08:30:17","modified_gmt":"2024-05-13T11:30:17","slug":"iptu-vencimento-da-cota-unica-e-da-1a-parcela-no-df-comeca-nesta-2a","status":"publish","type":"post","link":"https:\/\/www.p31noticias.com.br\/?p=50164","title":{"rendered":"IPTU: vencimento da cota \u00fanica e da 1\u00aa parcela no DF come\u00e7a nesta 2\u00aa"},"content":{"rendered":"<p>O vencimento da cota \u00fanica ou da primeira parcela do Imposto sobre a Propriedade Predial e Territorial Urbana (IPTU) de 2024 come\u00e7a nesta semana no Distrito Federal. As datas de vencimento das parcelas do imposto s\u00e3o definidas conforme o n\u00famero final (d\u00edgito verificador) da inscri\u00e7\u00e3o do im\u00f3vel no Cadastro Imobili\u00e1rio do Distrito Federal (CIDF). A [\u2026]<\/p>\n<p>O post <a href=\"https:\/\/www.delioandrade.com.br\/iptu-vencimento-da-cota-unica-e-da-1a-parcela-no-df-comeca-nesta-2a\/\">IPTU: vencimento da cota \u00fanica e da 1\u00aa parcela no DF come\u00e7a nesta 2\u00aa<\/a> apareceu primeiro em <a href=\"https:\/\/www.delioandrade.com.br\/\">Blog do D\u00c9LIO ANDRADE<\/a>.<\/p>\n","protected":false},"excerpt":{"rendered":"<p>O vencimento da cota \u00fanica ou da primeira parcela do Imposto sobre a Propriedade Predial e Territorial Urbana (IPTU) de 2024 come\u00e7a nesta semana no Distrito Federal. As datas de vencimento das parcelas do imposto s\u00e3o definidas conforme o n\u00famero final (d\u00edgito verificador) da inscri\u00e7\u00e3o do im\u00f3vel no Cadastro Imobili\u00e1rio do Distrito Federal (CIDF). A [&hellip;]<\/p>\n","protected":false},"author":0,"featured_media":50165,"comment_status":"open","ping_status":"open","sticky":false,"template":"","format":"standard","meta":{"footnotes":""},"categories":[21],"tags":[],"class_list":{"0":"post-50164","1":"post","2":"type-post","3":"status-publish","4":"format-standard","5":"has-post-thumbnail","7":"category-brasilia"},"yoast_head":"<!-- This site is optimized with the Yoast SEO Premium plugin v24.5 (Yoast SEO v27.4) - https:\/\/yoast.com\/product\/yoast-seo-premium-wordpress\/ -->\n<title>IPTU: vencimento da cota \u00fanica e da 1\u00aa parcela no DF come\u00e7a nesta 2\u00aa - P31<\/title>\n<meta name=\"robots\" content=\"index, follow, max-snippet:-1, max-image-preview:large, max-video-preview:-1\" \/>\n<link rel=\"canonical\" href=\"https:\/\/www.p31noticias.com.br\/?p=50164\" \/>\n<meta property=\"og:locale\" content=\"pt_BR\" \/>\n<meta property=\"og:type\" content=\"article\" \/>\n<meta property=\"og:title\" content=\"IPTU: vencimento da cota \u00fanica e da 1\u00aa parcela no DF come\u00e7a nesta 2\u00aa\" \/>\n<meta property=\"og:description\" content=\"O vencimento da cota \u00fanica ou da primeira parcela do Imposto sobre a Propriedade Predial e Territorial Urbana (IPTU) de 2024 come\u00e7a nesta semana no Distrito Federal. As datas de vencimento das parcelas do imposto s\u00e3o definidas conforme o n\u00famero final (d\u00edgito verificador) da inscri\u00e7\u00e3o do im\u00f3vel no Cadastro Imobili\u00e1rio do Distrito Federal (CIDF). A [&hellip;]\" \/>\n<meta property=\"og:url\" content=\"https:\/\/www.p31noticias.com.br\/?p=50164\" \/>\n<meta property=\"og:site_name\" content=\"P31\" \/>\n<meta property=\"article:published_time\" content=\"2024-05-13T11:30:17+00:00\" \/>\n<meta property=\"og:image\" content=\"https:\/\/www.p31noticias.com.br\/wp-content\/uploads\/2024\/05\/IPTU-2024-pSktVB-150x150-3uqfcY.jpeg\" \/>\n\t<meta property=\"og:image:width\" content=\"150\" \/>\n\t<meta property=\"og:image:height\" content=\"150\" \/>\n\t<meta property=\"og:image:type\" content=\"image\/jpeg\" \/>\n<meta name=\"twitter:card\" content=\"summary_large_image\" \/>\n<script type=\"application\/ld+json\" class=\"yoast-schema-graph\">{\"@context\":\"https:\\\/\\\/schema.org\",\"@graph\":[{\"@type\":\"Article\",\"@id\":\"https:\\\/\\\/www.p31noticias.com.br\\\/?p=50164#article\",\"isPartOf\":{\"@id\":\"https:\\\/\\\/www.p31noticias.com.br\\\/?p=50164\"},\"author\":{\"name\":\"\",\"@id\":\"\"},\"headline\":\"IPTU: vencimento da cota \u00fanica e da 1\u00aa parcela no DF come\u00e7a nesta 2\u00aa\",\"datePublished\":\"2024-05-13T11:30:17+00:00\",\"mainEntityOfPage\":{\"@id\":\"https:\\\/\\\/www.p31noticias.com.br\\\/?p=50164\"},\"wordCount\":97,\"commentCount\":0,\"image\":{\"@id\":\"https:\\\/\\\/www.p31noticias.com.br\\\/?p=50164#primaryimage\"},\"thumbnailUrl\":\"https:\\\/\\\/www.p31noticias.com.br\\\/wp-content\\\/uploads\\\/2024\\\/05\\\/IPTU-2024-pSktVB-150x150-3uqfcY.jpeg\",\"articleSection\":[\"Bras\u00edlia\"],\"inLanguage\":\"pt-BR\",\"potentialAction\":[{\"@type\":\"CommentAction\",\"name\":\"Comment\",\"target\":[\"https:\\\/\\\/www.p31noticias.com.br\\\/?p=50164#respond\"]}],\"copyrightYear\":\"2024\",\"copyrightHolder\":{\"@id\":\"https:\\\/\\\/www.p31noticias.com.br\\\/#organization\"}},{\"@type\":\"WebPage\",\"@id\":\"https:\\\/\\\/www.p31noticias.com.br\\\/?p=50164\",\"url\":\"https:\\\/\\\/www.p31noticias.com.br\\\/?p=50164\",\"name\":\"IPTU: vencimento da cota \u00fanica e da 1\u00aa parcela no DF come\u00e7a nesta 2\u00aa - P31\",\"isPartOf\":{\"@id\":\"https:\\\/\\\/www.p31noticias.com.br\\\/#website\"},\"primaryImageOfPage\":{\"@id\":\"https:\\\/\\\/www.p31noticias.com.br\\\/?p=50164#primaryimage\"},\"image\":{\"@id\":\"https:\\\/\\\/www.p31noticias.com.br\\\/?p=50164#primaryimage\"},\"thumbnailUrl\":\"https:\\\/\\\/www.p31noticias.com.br\\\/wp-content\\\/uploads\\\/2024\\\/05\\\/IPTU-2024-pSktVB-150x150-3uqfcY.jpeg\",\"datePublished\":\"2024-05-13T11:30:17+00:00\",\"author\":{\"@id\":\"\"},\"breadcrumb\":{\"@id\":\"https:\\\/\\\/www.p31noticias.com.br\\\/?p=50164#breadcrumb\"},\"inLanguage\":\"pt-BR\",\"potentialAction\":[{\"@type\":\"ReadAction\",\"target\":[\"https:\\\/\\\/www.p31noticias.com.br\\\/?p=50164\"]}]},{\"@type\":\"ImageObject\",\"inLanguage\":\"pt-BR\",\"@id\":\"https:\\\/\\\/www.p31noticias.com.br\\\/?p=50164#primaryimage\",\"url\":\"https:\\\/\\\/www.p31noticias.com.br\\\/wp-content\\\/uploads\\\/2024\\\/05\\\/IPTU-2024-pSktVB-150x150-3uqfcY.jpeg\",\"contentUrl\":\"https:\\\/\\\/www.p31noticias.com.br\\\/wp-content\\\/uploads\\\/2024\\\/05\\\/IPTU-2024-pSktVB-150x150-3uqfcY.jpeg\",\"width\":150,\"height\":150},{\"@type\":\"BreadcrumbList\",\"@id\":\"https:\\\/\\\/www.p31noticias.com.br\\\/?p=50164#breadcrumb\",\"itemListElement\":[{\"@type\":\"ListItem\",\"position\":1,\"name\":\"In\u00edcio\",\"item\":\"https:\\\/\\\/www.p31noticias.com.br\\\/\"},{\"@type\":\"ListItem\",\"position\":2,\"name\":\"IPTU: vencimento da cota \u00fanica e da 1\u00aa parcela no DF come\u00e7a nesta 2\u00aa\"}]},{\"@type\":\"WebSite\",\"@id\":\"https:\\\/\\\/www.p31noticias.com.br\\\/#website\",\"url\":\"https:\\\/\\\/www.p31noticias.com.br\\\/\",\"name\":\"P31\",\"description\":\"NOT\u00cdCIAS\",\"potentialAction\":[{\"@type\":\"SearchAction\",\"target\":{\"@type\":\"EntryPoint\",\"urlTemplate\":\"https:\\\/\\\/www.p31noticias.com.br\\\/?s={search_term_string}\"},\"query-input\":{\"@type\":\"PropertyValueSpecification\",\"valueRequired\":true,\"valueName\":\"search_term_string\"}}],\"inLanguage\":\"pt-BR\"}]}<\/script>\n<!-- \/ Yoast SEO Premium plugin. -->","yoast_head_json":{"title":"IPTU: vencimento da cota \u00fanica e da 1\u00aa parcela no DF come\u00e7a nesta 2\u00aa - P31","robots":{"index":"index","follow":"follow","max-snippet":"max-snippet:-1","max-image-preview":"max-image-preview:large","max-video-preview":"max-video-preview:-1"},"canonical":"https:\/\/www.p31noticias.com.br\/?p=50164","og_locale":"pt_BR","og_type":"article","og_title":"IPTU: vencimento da cota \u00fanica e da 1\u00aa parcela no DF come\u00e7a nesta 2\u00aa","og_description":"O vencimento da cota \u00fanica ou da primeira parcela do Imposto sobre a Propriedade Predial e Territorial Urbana (IPTU) de 2024 come\u00e7a nesta semana no Distrito Federal. As datas de vencimento das parcelas do imposto s\u00e3o definidas conforme o n\u00famero final (d\u00edgito verificador) da inscri\u00e7\u00e3o do im\u00f3vel no Cadastro Imobili\u00e1rio do Distrito Federal (CIDF). A [&hellip;]","og_url":"https:\/\/www.p31noticias.com.br\/?p=50164","og_site_name":"P31","article_published_time":"2024-05-13T11:30:17+00:00","og_image":[{"width":150,"height":150,"url":"https:\/\/www.p31noticias.com.br\/wp-content\/uploads\/2024\/05\/IPTU-2024-pSktVB-150x150-3uqfcY.jpeg","type":"image\/jpeg"}],"twitter_card":"summary_large_image","schema":{"@context":"https:\/\/schema.org","@graph":[{"@type":"Article","@id":"https:\/\/www.p31noticias.com.br\/?p=50164#article","isPartOf":{"@id":"https:\/\/www.p31noticias.com.br\/?p=50164"},"author":{"name":"","@id":""},"headline":"IPTU: vencimento da cota \u00fanica e da 1\u00aa parcela no DF come\u00e7a nesta 2\u00aa","datePublished":"2024-05-13T11:30:17+00:00","mainEntityOfPage":{"@id":"https:\/\/www.p31noticias.com.br\/?p=50164"},"wordCount":97,"commentCount":0,"image":{"@id":"https:\/\/www.p31noticias.com.br\/?p=50164#primaryimage"},"thumbnailUrl":"https:\/\/www.p31noticias.com.br\/wp-content\/uploads\/2024\/05\/IPTU-2024-pSktVB-150x150-3uqfcY.jpeg","articleSection":["Bras\u00edlia"],"inLanguage":"pt-BR","potentialAction":[{"@type":"CommentAction","name":"Comment","target":["https:\/\/www.p31noticias.com.br\/?p=50164#respond"]}],"copyrightYear":"2024","copyrightHolder":{"@id":"https:\/\/www.p31noticias.com.br\/#organization"}},{"@type":"WebPage","@id":"https:\/\/www.p31noticias.com.br\/?p=50164","url":"https:\/\/www.p31noticias.com.br\/?p=50164","name":"IPTU: vencimento da cota \u00fanica e da 1\u00aa parcela no DF come\u00e7a nesta 2\u00aa - P31","isPartOf":{"@id":"https:\/\/www.p31noticias.com.br\/#website"},"primaryImageOfPage":{"@id":"https:\/\/www.p31noticias.com.br\/?p=50164#primaryimage"},"image":{"@id":"https:\/\/www.p31noticias.com.br\/?p=50164#primaryimage"},"thumbnailUrl":"https:\/\/www.p31noticias.com.br\/wp-content\/uploads\/2024\/05\/IPTU-2024-pSktVB-150x150-3uqfcY.jpeg","datePublished":"2024-05-13T11:30:17+00:00","author":{"@id":""},"breadcrumb":{"@id":"https:\/\/www.p31noticias.com.br\/?p=50164#breadcrumb"},"inLanguage":"pt-BR","potentialAction":[{"@type":"ReadAction","target":["https:\/\/www.p31noticias.com.br\/?p=50164"]}]},{"@type":"ImageObject","inLanguage":"pt-BR","@id":"https:\/\/www.p31noticias.com.br\/?p=50164#primaryimage","url":"https:\/\/www.p31noticias.com.br\/wp-content\/uploads\/2024\/05\/IPTU-2024-pSktVB-150x150-3uqfcY.jpeg","contentUrl":"https:\/\/www.p31noticias.com.br\/wp-content\/uploads\/2024\/05\/IPTU-2024-pSktVB-150x150-3uqfcY.jpeg","width":150,"height":150},{"@type":"BreadcrumbList","@id":"https:\/\/www.p31noticias.com.br\/?p=50164#breadcrumb","itemListElement":[{"@type":"ListItem","position":1,"name":"In\u00edcio","item":"https:\/\/www.p31noticias.com.br\/"},{"@type":"ListItem","position":2,"name":"IPTU: vencimento da cota \u00fanica e da 1\u00aa parcela no DF come\u00e7a nesta 2\u00aa"}]},{"@type":"WebSite","@id":"https:\/\/www.p31noticias.com.br\/#website","url":"https:\/\/www.p31noticias.com.br\/","name":"P31","description":"NOT\u00cdCIAS","potentialAction":[{"@type":"SearchAction","target":{"@type":"EntryPoint","urlTemplate":"https:\/\/www.p31noticias.com.br\/?s={search_term_string}"},"query-input":{"@type":"PropertyValueSpecification","valueRequired":true,"valueName":"search_term_string"}}],"inLanguage":"pt-BR"}]}},"amp_enabled":true,"_links":{"self":[{"href":"https:\/\/www.p31noticias.com.br\/index.php?rest_route=\/wp\/v2\/posts\/50164","targetHints":{"allow":["GET"]}}],"collection":[{"href":"https:\/\/www.p31noticias.com.br\/index.php?rest_route=\/wp\/v2\/posts"}],"about":[{"href":"https:\/\/www.p31noticias.com.br\/index.php?rest_route=\/wp\/v2\/types\/post"}],"replies":[{"embeddable":true,"href":"https:\/\/www.p31noticias.com.br\/index.php?rest_route=%2Fwp%2Fv2%2Fcomments&post=50164"}],"version-history":[{"count":0,"href":"https:\/\/www.p31noticias.com.br\/index.php?rest_route=\/wp\/v2\/posts\/50164\/revisions"}],"wp:featuredmedia":[{"embeddable":true,"href":"https:\/\/www.p31noticias.com.br\/index.php?rest_route=\/wp\/v2\/media\/50165"}],"wp:attachment":[{"href":"https:\/\/www.p31noticias.com.br\/index.php?rest_route=%2Fwp%2Fv2%2Fmedia&parent=50164"}],"wp:term":[{"taxonomy":"category","embeddable":true,"href":"https:\/\/www.p31noticias.com.br\/index.php?rest_route=%2Fwp%2Fv2%2Fcategories&post=50164"},{"taxonomy":"post_tag","embeddable":true,"href":"https:\/\/www.p31noticias.com.br\/index.php?rest_route=%2Fwp%2Fv2%2Ftags&post=50164"}],"curies":[{"name":"wp","href":"https:\/\/api.w.org\/{rel}","templated":true}]}}