{"id":49984,"date":"2024-05-10T19:29:36","date_gmt":"2024-05-10T22:29:36","guid":{"rendered":"https:\/\/p31noticias.com.br\/seminario-debate-prevencao-de-violencia-sexual-contra-criancas-e-adolescentes\/"},"modified":"2024-05-10T19:29:36","modified_gmt":"2024-05-10T22:29:36","slug":"seminario-debate-prevencao-de-violencia-sexual-contra-criancas-e-adolescentes","status":"publish","type":"post","link":"https:\/\/www.p31noticias.com.br\/?p=49984","title":{"rendered":"Semin\u00e1rio debate preven\u00e7\u00e3o de viol\u00eancia sexual contra crian\u00e7as e adolescentes"},"content":{"rendered":"<p>A Secretaria de Educa\u00e7\u00e3o do Distrito Federal (SEEDF) promoveu, nesta sexta-feira (10), o semin\u00e1rio \u201cPreven\u00e7\u00e3o da Viol\u00eancia Sexual contra Crian\u00e7as e Adolescentes\u201d. O encontro, direcionado aos orientadores educacionais da rede p\u00fablica de ensino do DF, teve como prop\u00f3sito discutir e apresentar estrat\u00e9gias de preven\u00e7\u00e3o ao abuso sexual na inf\u00e2ncia e adolesc\u00eancia nas escolas p\u00fablicas. O [\u2026]<\/p>\n<p>O post <a href=\"https:\/\/www.delioandrade.com.br\/seminario-debate-prevencao-de-violencia-sexual-contra-criancas-e-adolescentes\/\">Semin\u00e1rio debate preven\u00e7\u00e3o de viol\u00eancia sexual contra crian\u00e7as e adolescentes<\/a> apareceu primeiro em <a href=\"https:\/\/www.delioandrade.com.br\/\">Blog do D\u00c9LIO ANDRADE<\/a>.<\/p>\n","protected":false},"excerpt":{"rendered":"<p>A Secretaria de Educa\u00e7\u00e3o do Distrito Federal (SEEDF) promoveu, nesta sexta-feira (10), o semin\u00e1rio \u201cPreven\u00e7\u00e3o da Viol\u00eancia Sexual contra Crian\u00e7as e Adolescentes\u201d. O encontro, direcionado aos orientadores educacionais da rede p\u00fablica de ensino do DF, teve como prop\u00f3sito discutir e apresentar estrat\u00e9gias de preven\u00e7\u00e3o ao abuso sexual na inf\u00e2ncia e adolesc\u00eancia nas escolas p\u00fablicas. O [&hellip;]<\/p>\n","protected":false},"author":0,"featured_media":49985,"comment_status":"open","ping_status":"open","sticky":false,"template":"","format":"standard","meta":{"footnotes":""},"categories":[21],"tags":[],"class_list":{"0":"post-49984","1":"post","2":"type-post","3":"status-publish","4":"format-standard","5":"has-post-thumbnail","7":"category-brasilia"},"yoast_head":"<!-- This site is optimized with the Yoast SEO Premium plugin v24.5 (Yoast SEO v27.4) - https:\/\/yoast.com\/product\/yoast-seo-premium-wordpress\/ -->\n<title>Semin\u00e1rio debate preven\u00e7\u00e3o de viol\u00eancia sexual contra crian\u00e7as e adolescentes - P31<\/title>\n<meta name=\"robots\" content=\"index, follow, max-snippet:-1, max-image-preview:large, max-video-preview:-1\" \/>\n<link rel=\"canonical\" href=\"https:\/\/www.p31noticias.com.br\/?p=49984\" \/>\n<meta property=\"og:locale\" content=\"pt_BR\" \/>\n<meta property=\"og:type\" content=\"article\" \/>\n<meta property=\"og:title\" content=\"Semin\u00e1rio debate preven\u00e7\u00e3o de viol\u00eancia sexual contra crian\u00e7as e adolescentes\" \/>\n<meta property=\"og:description\" content=\"A Secretaria de Educa\u00e7\u00e3o do Distrito Federal (SEEDF) promoveu, nesta sexta-feira (10), o semin\u00e1rio \u201cPreven\u00e7\u00e3o da Viol\u00eancia Sexual contra Crian\u00e7as e Adolescentes\u201d. O encontro, direcionado aos orientadores educacionais da rede p\u00fablica de ensino do DF, teve como prop\u00f3sito discutir e apresentar estrat\u00e9gias de preven\u00e7\u00e3o ao abuso sexual na inf\u00e2ncia e adolesc\u00eancia nas escolas p\u00fablicas. O [&hellip;]\" \/>\n<meta property=\"og:url\" content=\"https:\/\/www.p31noticias.com.br\/?p=49984\" \/>\n<meta property=\"og:site_name\" content=\"P31\" \/>\n<meta property=\"article:published_time\" content=\"2024-05-10T22:29:36+00:00\" \/>\n<meta property=\"og:image\" content=\"https:\/\/www.p31noticias.com.br\/wp-content\/uploads\/2024\/05\/Foto-Mary-Leal-9-scaled-Jc6Ue4-150x150-GMbgAT.jpeg\" \/>\n\t<meta property=\"og:image:width\" content=\"150\" \/>\n\t<meta property=\"og:image:height\" content=\"150\" \/>\n\t<meta property=\"og:image:type\" content=\"image\/jpeg\" \/>\n<meta name=\"twitter:card\" content=\"summary_large_image\" \/>\n<script type=\"application\/ld+json\" class=\"yoast-schema-graph\">{\"@context\":\"https:\\\/\\\/schema.org\",\"@graph\":[{\"@type\":\"Article\",\"@id\":\"https:\\\/\\\/www.p31noticias.com.br\\\/?p=49984#article\",\"isPartOf\":{\"@id\":\"https:\\\/\\\/www.p31noticias.com.br\\\/?p=49984\"},\"author\":{\"name\":\"\",\"@id\":\"\"},\"headline\":\"Semin\u00e1rio debate preven\u00e7\u00e3o de viol\u00eancia sexual contra crian\u00e7as e adolescentes\",\"datePublished\":\"2024-05-10T22:29:36+00:00\",\"mainEntityOfPage\":{\"@id\":\"https:\\\/\\\/www.p31noticias.com.br\\\/?p=49984\"},\"wordCount\":104,\"commentCount\":0,\"image\":{\"@id\":\"https:\\\/\\\/www.p31noticias.com.br\\\/?p=49984#primaryimage\"},\"thumbnailUrl\":\"https:\\\/\\\/www.p31noticias.com.br\\\/wp-content\\\/uploads\\\/2024\\\/05\\\/Foto-Mary-Leal-9-scaled-Jc6Ue4-150x150-GMbgAT.jpeg\",\"articleSection\":[\"Bras\u00edlia\"],\"inLanguage\":\"pt-BR\",\"potentialAction\":[{\"@type\":\"CommentAction\",\"name\":\"Comment\",\"target\":[\"https:\\\/\\\/www.p31noticias.com.br\\\/?p=49984#respond\"]}],\"copyrightYear\":\"2024\",\"copyrightHolder\":{\"@id\":\"https:\\\/\\\/www.p31noticias.com.br\\\/#organization\"}},{\"@type\":\"WebPage\",\"@id\":\"https:\\\/\\\/www.p31noticias.com.br\\\/?p=49984\",\"url\":\"https:\\\/\\\/www.p31noticias.com.br\\\/?p=49984\",\"name\":\"Semin\u00e1rio debate preven\u00e7\u00e3o de viol\u00eancia sexual contra crian\u00e7as e adolescentes - P31\",\"isPartOf\":{\"@id\":\"https:\\\/\\\/www.p31noticias.com.br\\\/#website\"},\"primaryImageOfPage\":{\"@id\":\"https:\\\/\\\/www.p31noticias.com.br\\\/?p=49984#primaryimage\"},\"image\":{\"@id\":\"https:\\\/\\\/www.p31noticias.com.br\\\/?p=49984#primaryimage\"},\"thumbnailUrl\":\"https:\\\/\\\/www.p31noticias.com.br\\\/wp-content\\\/uploads\\\/2024\\\/05\\\/Foto-Mary-Leal-9-scaled-Jc6Ue4-150x150-GMbgAT.jpeg\",\"datePublished\":\"2024-05-10T22:29:36+00:00\",\"author\":{\"@id\":\"\"},\"breadcrumb\":{\"@id\":\"https:\\\/\\\/www.p31noticias.com.br\\\/?p=49984#breadcrumb\"},\"inLanguage\":\"pt-BR\",\"potentialAction\":[{\"@type\":\"ReadAction\",\"target\":[\"https:\\\/\\\/www.p31noticias.com.br\\\/?p=49984\"]}]},{\"@type\":\"ImageObject\",\"inLanguage\":\"pt-BR\",\"@id\":\"https:\\\/\\\/www.p31noticias.com.br\\\/?p=49984#primaryimage\",\"url\":\"https:\\\/\\\/www.p31noticias.com.br\\\/wp-content\\\/uploads\\\/2024\\\/05\\\/Foto-Mary-Leal-9-scaled-Jc6Ue4-150x150-GMbgAT.jpeg\",\"contentUrl\":\"https:\\\/\\\/www.p31noticias.com.br\\\/wp-content\\\/uploads\\\/2024\\\/05\\\/Foto-Mary-Leal-9-scaled-Jc6Ue4-150x150-GMbgAT.jpeg\",\"width\":150,\"height\":150},{\"@type\":\"BreadcrumbList\",\"@id\":\"https:\\\/\\\/www.p31noticias.com.br\\\/?p=49984#breadcrumb\",\"itemListElement\":[{\"@type\":\"ListItem\",\"position\":1,\"name\":\"In\u00edcio\",\"item\":\"https:\\\/\\\/www.p31noticias.com.br\\\/\"},{\"@type\":\"ListItem\",\"position\":2,\"name\":\"Semin\u00e1rio debate preven\u00e7\u00e3o de viol\u00eancia sexual contra crian\u00e7as e adolescentes\"}]},{\"@type\":\"WebSite\",\"@id\":\"https:\\\/\\\/www.p31noticias.com.br\\\/#website\",\"url\":\"https:\\\/\\\/www.p31noticias.com.br\\\/\",\"name\":\"P31\",\"description\":\"NOT\u00cdCIAS\",\"potentialAction\":[{\"@type\":\"SearchAction\",\"target\":{\"@type\":\"EntryPoint\",\"urlTemplate\":\"https:\\\/\\\/www.p31noticias.com.br\\\/?s={search_term_string}\"},\"query-input\":{\"@type\":\"PropertyValueSpecification\",\"valueRequired\":true,\"valueName\":\"search_term_string\"}}],\"inLanguage\":\"pt-BR\"}]}<\/script>\n<!-- \/ Yoast SEO Premium plugin. -->","yoast_head_json":{"title":"Semin\u00e1rio debate preven\u00e7\u00e3o de viol\u00eancia sexual contra crian\u00e7as e adolescentes - P31","robots":{"index":"index","follow":"follow","max-snippet":"max-snippet:-1","max-image-preview":"max-image-preview:large","max-video-preview":"max-video-preview:-1"},"canonical":"https:\/\/www.p31noticias.com.br\/?p=49984","og_locale":"pt_BR","og_type":"article","og_title":"Semin\u00e1rio debate preven\u00e7\u00e3o de viol\u00eancia sexual contra crian\u00e7as e adolescentes","og_description":"A Secretaria de Educa\u00e7\u00e3o do Distrito Federal (SEEDF) promoveu, nesta sexta-feira (10), o semin\u00e1rio \u201cPreven\u00e7\u00e3o da Viol\u00eancia Sexual contra Crian\u00e7as e Adolescentes\u201d. O encontro, direcionado aos orientadores educacionais da rede p\u00fablica de ensino do DF, teve como prop\u00f3sito discutir e apresentar estrat\u00e9gias de preven\u00e7\u00e3o ao abuso sexual na inf\u00e2ncia e adolesc\u00eancia nas escolas p\u00fablicas. O [&hellip;]","og_url":"https:\/\/www.p31noticias.com.br\/?p=49984","og_site_name":"P31","article_published_time":"2024-05-10T22:29:36+00:00","og_image":[{"width":150,"height":150,"url":"https:\/\/www.p31noticias.com.br\/wp-content\/uploads\/2024\/05\/Foto-Mary-Leal-9-scaled-Jc6Ue4-150x150-GMbgAT.jpeg","type":"image\/jpeg"}],"twitter_card":"summary_large_image","schema":{"@context":"https:\/\/schema.org","@graph":[{"@type":"Article","@id":"https:\/\/www.p31noticias.com.br\/?p=49984#article","isPartOf":{"@id":"https:\/\/www.p31noticias.com.br\/?p=49984"},"author":{"name":"","@id":""},"headline":"Semin\u00e1rio debate preven\u00e7\u00e3o de viol\u00eancia sexual contra crian\u00e7as e adolescentes","datePublished":"2024-05-10T22:29:36+00:00","mainEntityOfPage":{"@id":"https:\/\/www.p31noticias.com.br\/?p=49984"},"wordCount":104,"commentCount":0,"image":{"@id":"https:\/\/www.p31noticias.com.br\/?p=49984#primaryimage"},"thumbnailUrl":"https:\/\/www.p31noticias.com.br\/wp-content\/uploads\/2024\/05\/Foto-Mary-Leal-9-scaled-Jc6Ue4-150x150-GMbgAT.jpeg","articleSection":["Bras\u00edlia"],"inLanguage":"pt-BR","potentialAction":[{"@type":"CommentAction","name":"Comment","target":["https:\/\/www.p31noticias.com.br\/?p=49984#respond"]}],"copyrightYear":"2024","copyrightHolder":{"@id":"https:\/\/www.p31noticias.com.br\/#organization"}},{"@type":"WebPage","@id":"https:\/\/www.p31noticias.com.br\/?p=49984","url":"https:\/\/www.p31noticias.com.br\/?p=49984","name":"Semin\u00e1rio debate preven\u00e7\u00e3o de viol\u00eancia sexual contra crian\u00e7as e adolescentes - P31","isPartOf":{"@id":"https:\/\/www.p31noticias.com.br\/#website"},"primaryImageOfPage":{"@id":"https:\/\/www.p31noticias.com.br\/?p=49984#primaryimage"},"image":{"@id":"https:\/\/www.p31noticias.com.br\/?p=49984#primaryimage"},"thumbnailUrl":"https:\/\/www.p31noticias.com.br\/wp-content\/uploads\/2024\/05\/Foto-Mary-Leal-9-scaled-Jc6Ue4-150x150-GMbgAT.jpeg","datePublished":"2024-05-10T22:29:36+00:00","author":{"@id":""},"breadcrumb":{"@id":"https:\/\/www.p31noticias.com.br\/?p=49984#breadcrumb"},"inLanguage":"pt-BR","potentialAction":[{"@type":"ReadAction","target":["https:\/\/www.p31noticias.com.br\/?p=49984"]}]},{"@type":"ImageObject","inLanguage":"pt-BR","@id":"https:\/\/www.p31noticias.com.br\/?p=49984#primaryimage","url":"https:\/\/www.p31noticias.com.br\/wp-content\/uploads\/2024\/05\/Foto-Mary-Leal-9-scaled-Jc6Ue4-150x150-GMbgAT.jpeg","contentUrl":"https:\/\/www.p31noticias.com.br\/wp-content\/uploads\/2024\/05\/Foto-Mary-Leal-9-scaled-Jc6Ue4-150x150-GMbgAT.jpeg","width":150,"height":150},{"@type":"BreadcrumbList","@id":"https:\/\/www.p31noticias.com.br\/?p=49984#breadcrumb","itemListElement":[{"@type":"ListItem","position":1,"name":"In\u00edcio","item":"https:\/\/www.p31noticias.com.br\/"},{"@type":"ListItem","position":2,"name":"Semin\u00e1rio debate preven\u00e7\u00e3o de viol\u00eancia sexual contra crian\u00e7as e adolescentes"}]},{"@type":"WebSite","@id":"https:\/\/www.p31noticias.com.br\/#website","url":"https:\/\/www.p31noticias.com.br\/","name":"P31","description":"NOT\u00cdCIAS","potentialAction":[{"@type":"SearchAction","target":{"@type":"EntryPoint","urlTemplate":"https:\/\/www.p31noticias.com.br\/?s={search_term_string}"},"query-input":{"@type":"PropertyValueSpecification","valueRequired":true,"valueName":"search_term_string"}}],"inLanguage":"pt-BR"}]}},"amp_enabled":true,"_links":{"self":[{"href":"https:\/\/www.p31noticias.com.br\/index.php?rest_route=\/wp\/v2\/posts\/49984","targetHints":{"allow":["GET"]}}],"collection":[{"href":"https:\/\/www.p31noticias.com.br\/index.php?rest_route=\/wp\/v2\/posts"}],"about":[{"href":"https:\/\/www.p31noticias.com.br\/index.php?rest_route=\/wp\/v2\/types\/post"}],"replies":[{"embeddable":true,"href":"https:\/\/www.p31noticias.com.br\/index.php?rest_route=%2Fwp%2Fv2%2Fcomments&post=49984"}],"version-history":[{"count":0,"href":"https:\/\/www.p31noticias.com.br\/index.php?rest_route=\/wp\/v2\/posts\/49984\/revisions"}],"wp:featuredmedia":[{"embeddable":true,"href":"https:\/\/www.p31noticias.com.br\/index.php?rest_route=\/wp\/v2\/media\/49985"}],"wp:attachment":[{"href":"https:\/\/www.p31noticias.com.br\/index.php?rest_route=%2Fwp%2Fv2%2Fmedia&parent=49984"}],"wp:term":[{"taxonomy":"category","embeddable":true,"href":"https:\/\/www.p31noticias.com.br\/index.php?rest_route=%2Fwp%2Fv2%2Fcategories&post=49984"},{"taxonomy":"post_tag","embeddable":true,"href":"https:\/\/www.p31noticias.com.br\/index.php?rest_route=%2Fwp%2Fv2%2Ftags&post=49984"}],"curies":[{"name":"wp","href":"https:\/\/api.w.org\/{rel}","templated":true}]}}