{"id":49983,"date":"2024-05-10T18:29:50","date_gmt":"2024-05-10T21:29:50","guid":{"rendered":"https:\/\/p31noticias.com.br\/8-1-pgr-se-manifesta-a-favor-de-liberdade-provisoria-de-coronel-naime\/"},"modified":"2024-05-10T18:29:50","modified_gmt":"2024-05-10T21:29:50","slug":"8-1-pgr-se-manifesta-a-favor-de-liberdade-provisoria-de-coronel-naime","status":"publish","type":"post","link":"https:\/\/www.p31noticias.com.br\/?p=49983","title":{"rendered":"8\/1: PGR se manifesta a favor de liberdade provis\u00f3ria de coronel Naime"},"content":{"rendered":"<p>A Procuradoria-Geral da Rep\u00fablica (PGR) se manifestou a favor do pedido de liberdade provis\u00f3ria de Jorge Eduardo Naime, coronel da Pol\u00edcia Militar do Distrito Federal (PMDF) que est\u00e1 h\u00e1 mais tempo preso entre os PMs r\u00e9us investigados por poss\u00edveis crimes relacionados aos atos antidemocr\u00e1ticos de 8 de Janeiro. O ministro Alexandre de Moraes havia solicitado [\u2026]<\/p>\n<p>O post <a href=\"https:\/\/www.delioandrade.com.br\/8-1-pgr-se-manifesta-a-favor-de-liberdade-provisoria-de-coronel-naime\/\">8\/1: PGR se manifesta a favor de liberdade provis\u00f3ria de coronel Naime<\/a> apareceu primeiro em <a href=\"https:\/\/www.delioandrade.com.br\/\">Blog do D\u00c9LIO ANDRADE<\/a>.<\/p>\n","protected":false},"excerpt":{"rendered":"<p>A Procuradoria-Geral da Rep\u00fablica (PGR) se manifestou a favor do pedido de liberdade provis\u00f3ria de Jorge Eduardo Naime, coronel da Pol\u00edcia Militar do Distrito Federal (PMDF) que est\u00e1 h\u00e1 mais tempo preso entre os PMs r\u00e9us investigados por poss\u00edveis crimes relacionados aos atos antidemocr\u00e1ticos de 8 de Janeiro. O ministro Alexandre de Moraes havia solicitado [&hellip;]<\/p>\n","protected":false},"author":0,"featured_media":0,"comment_status":"open","ping_status":"open","sticky":false,"template":"","format":"standard","meta":{"footnotes":""},"categories":[21],"tags":[],"class_list":{"0":"post-49983","1":"post","2":"type-post","3":"status-publish","4":"format-standard","6":"category-brasilia"},"yoast_head":"<!-- This site is optimized with the Yoast SEO Premium plugin v24.5 (Yoast SEO v27.4) - https:\/\/yoast.com\/product\/yoast-seo-premium-wordpress\/ -->\n<title>8\/1: PGR se manifesta a favor de liberdade provis\u00f3ria de coronel Naime - P31<\/title>\n<meta name=\"robots\" content=\"index, follow, max-snippet:-1, max-image-preview:large, max-video-preview:-1\" \/>\n<link rel=\"canonical\" href=\"https:\/\/www.p31noticias.com.br\/?p=49983\" \/>\n<meta property=\"og:locale\" content=\"pt_BR\" \/>\n<meta property=\"og:type\" content=\"article\" \/>\n<meta property=\"og:title\" content=\"8\/1: PGR se manifesta a favor de liberdade provis\u00f3ria de coronel Naime\" \/>\n<meta property=\"og:description\" content=\"A Procuradoria-Geral da Rep\u00fablica (PGR) se manifestou a favor do pedido de liberdade provis\u00f3ria de Jorge Eduardo Naime, coronel da Pol\u00edcia Militar do Distrito Federal (PMDF) que est\u00e1 h\u00e1 mais tempo preso entre os PMs r\u00e9us investigados por poss\u00edveis crimes relacionados aos atos antidemocr\u00e1ticos de 8 de Janeiro. O ministro Alexandre de Moraes havia solicitado [&hellip;]\" \/>\n<meta property=\"og:url\" content=\"https:\/\/www.p31noticias.com.br\/?p=49983\" \/>\n<meta property=\"og:site_name\" content=\"P31\" \/>\n<meta property=\"article:published_time\" content=\"2024-05-10T21:29:50+00:00\" \/>\n<meta name=\"twitter:card\" content=\"summary_large_image\" \/>\n<script type=\"application\/ld+json\" class=\"yoast-schema-graph\">{\"@context\":\"https:\\\/\\\/schema.org\",\"@graph\":[{\"@type\":\"Article\",\"@id\":\"https:\\\/\\\/www.p31noticias.com.br\\\/?p=49983#article\",\"isPartOf\":{\"@id\":\"https:\\\/\\\/www.p31noticias.com.br\\\/?p=49983\"},\"author\":{\"name\":\"\",\"@id\":\"\"},\"headline\":\"8\\\/1: PGR se manifesta a favor de liberdade provis\u00f3ria de coronel Naime\",\"datePublished\":\"2024-05-10T21:29:50+00:00\",\"mainEntityOfPage\":{\"@id\":\"https:\\\/\\\/www.p31noticias.com.br\\\/?p=49983\"},\"wordCount\":94,\"commentCount\":0,\"articleSection\":[\"Bras\u00edlia\"],\"inLanguage\":\"pt-BR\",\"potentialAction\":[{\"@type\":\"CommentAction\",\"name\":\"Comment\",\"target\":[\"https:\\\/\\\/www.p31noticias.com.br\\\/?p=49983#respond\"]}],\"copyrightYear\":\"2024\",\"copyrightHolder\":{\"@id\":\"https:\\\/\\\/www.p31noticias.com.br\\\/#organization\"}},{\"@type\":\"WebPage\",\"@id\":\"https:\\\/\\\/www.p31noticias.com.br\\\/?p=49983\",\"url\":\"https:\\\/\\\/www.p31noticias.com.br\\\/?p=49983\",\"name\":\"8\\\/1: PGR se manifesta a favor de liberdade provis\u00f3ria de coronel Naime - P31\",\"isPartOf\":{\"@id\":\"https:\\\/\\\/www.p31noticias.com.br\\\/#website\"},\"datePublished\":\"2024-05-10T21:29:50+00:00\",\"author\":{\"@id\":\"\"},\"breadcrumb\":{\"@id\":\"https:\\\/\\\/www.p31noticias.com.br\\\/?p=49983#breadcrumb\"},\"inLanguage\":\"pt-BR\",\"potentialAction\":[{\"@type\":\"ReadAction\",\"target\":[\"https:\\\/\\\/www.p31noticias.com.br\\\/?p=49983\"]}]},{\"@type\":\"BreadcrumbList\",\"@id\":\"https:\\\/\\\/www.p31noticias.com.br\\\/?p=49983#breadcrumb\",\"itemListElement\":[{\"@type\":\"ListItem\",\"position\":1,\"name\":\"In\u00edcio\",\"item\":\"https:\\\/\\\/www.p31noticias.com.br\\\/\"},{\"@type\":\"ListItem\",\"position\":2,\"name\":\"8\\\/1: PGR se manifesta a favor de liberdade provis\u00f3ria de coronel Naime\"}]},{\"@type\":\"WebSite\",\"@id\":\"https:\\\/\\\/www.p31noticias.com.br\\\/#website\",\"url\":\"https:\\\/\\\/www.p31noticias.com.br\\\/\",\"name\":\"P31\",\"description\":\"NOT\u00cdCIAS\",\"potentialAction\":[{\"@type\":\"SearchAction\",\"target\":{\"@type\":\"EntryPoint\",\"urlTemplate\":\"https:\\\/\\\/www.p31noticias.com.br\\\/?s={search_term_string}\"},\"query-input\":{\"@type\":\"PropertyValueSpecification\",\"valueRequired\":true,\"valueName\":\"search_term_string\"}}],\"inLanguage\":\"pt-BR\"}]}<\/script>\n<!-- \/ Yoast SEO Premium plugin. -->","yoast_head_json":{"title":"8\/1: PGR se manifesta a favor de liberdade provis\u00f3ria de coronel Naime - P31","robots":{"index":"index","follow":"follow","max-snippet":"max-snippet:-1","max-image-preview":"max-image-preview:large","max-video-preview":"max-video-preview:-1"},"canonical":"https:\/\/www.p31noticias.com.br\/?p=49983","og_locale":"pt_BR","og_type":"article","og_title":"8\/1: PGR se manifesta a favor de liberdade provis\u00f3ria de coronel Naime","og_description":"A Procuradoria-Geral da Rep\u00fablica (PGR) se manifestou a favor do pedido de liberdade provis\u00f3ria de Jorge Eduardo Naime, coronel da Pol\u00edcia Militar do Distrito Federal (PMDF) que est\u00e1 h\u00e1 mais tempo preso entre os PMs r\u00e9us investigados por poss\u00edveis crimes relacionados aos atos antidemocr\u00e1ticos de 8 de Janeiro. O ministro Alexandre de Moraes havia solicitado [&hellip;]","og_url":"https:\/\/www.p31noticias.com.br\/?p=49983","og_site_name":"P31","article_published_time":"2024-05-10T21:29:50+00:00","twitter_card":"summary_large_image","schema":{"@context":"https:\/\/schema.org","@graph":[{"@type":"Article","@id":"https:\/\/www.p31noticias.com.br\/?p=49983#article","isPartOf":{"@id":"https:\/\/www.p31noticias.com.br\/?p=49983"},"author":{"name":"","@id":""},"headline":"8\/1: PGR se manifesta a favor de liberdade provis\u00f3ria de coronel Naime","datePublished":"2024-05-10T21:29:50+00:00","mainEntityOfPage":{"@id":"https:\/\/www.p31noticias.com.br\/?p=49983"},"wordCount":94,"commentCount":0,"articleSection":["Bras\u00edlia"],"inLanguage":"pt-BR","potentialAction":[{"@type":"CommentAction","name":"Comment","target":["https:\/\/www.p31noticias.com.br\/?p=49983#respond"]}],"copyrightYear":"2024","copyrightHolder":{"@id":"https:\/\/www.p31noticias.com.br\/#organization"}},{"@type":"WebPage","@id":"https:\/\/www.p31noticias.com.br\/?p=49983","url":"https:\/\/www.p31noticias.com.br\/?p=49983","name":"8\/1: PGR se manifesta a favor de liberdade provis\u00f3ria de coronel Naime - P31","isPartOf":{"@id":"https:\/\/www.p31noticias.com.br\/#website"},"datePublished":"2024-05-10T21:29:50+00:00","author":{"@id":""},"breadcrumb":{"@id":"https:\/\/www.p31noticias.com.br\/?p=49983#breadcrumb"},"inLanguage":"pt-BR","potentialAction":[{"@type":"ReadAction","target":["https:\/\/www.p31noticias.com.br\/?p=49983"]}]},{"@type":"BreadcrumbList","@id":"https:\/\/www.p31noticias.com.br\/?p=49983#breadcrumb","itemListElement":[{"@type":"ListItem","position":1,"name":"In\u00edcio","item":"https:\/\/www.p31noticias.com.br\/"},{"@type":"ListItem","position":2,"name":"8\/1: PGR se manifesta a favor de liberdade provis\u00f3ria de coronel Naime"}]},{"@type":"WebSite","@id":"https:\/\/www.p31noticias.com.br\/#website","url":"https:\/\/www.p31noticias.com.br\/","name":"P31","description":"NOT\u00cdCIAS","potentialAction":[{"@type":"SearchAction","target":{"@type":"EntryPoint","urlTemplate":"https:\/\/www.p31noticias.com.br\/?s={search_term_string}"},"query-input":{"@type":"PropertyValueSpecification","valueRequired":true,"valueName":"search_term_string"}}],"inLanguage":"pt-BR"}]}},"amp_enabled":true,"_links":{"self":[{"href":"https:\/\/www.p31noticias.com.br\/index.php?rest_route=\/wp\/v2\/posts\/49983","targetHints":{"allow":["GET"]}}],"collection":[{"href":"https:\/\/www.p31noticias.com.br\/index.php?rest_route=\/wp\/v2\/posts"}],"about":[{"href":"https:\/\/www.p31noticias.com.br\/index.php?rest_route=\/wp\/v2\/types\/post"}],"replies":[{"embeddable":true,"href":"https:\/\/www.p31noticias.com.br\/index.php?rest_route=%2Fwp%2Fv2%2Fcomments&post=49983"}],"version-history":[{"count":0,"href":"https:\/\/www.p31noticias.com.br\/index.php?rest_route=\/wp\/v2\/posts\/49983\/revisions"}],"wp:attachment":[{"href":"https:\/\/www.p31noticias.com.br\/index.php?rest_route=%2Fwp%2Fv2%2Fmedia&parent=49983"}],"wp:term":[{"taxonomy":"category","embeddable":true,"href":"https:\/\/www.p31noticias.com.br\/index.php?rest_route=%2Fwp%2Fv2%2Fcategories&post=49983"},{"taxonomy":"post_tag","embeddable":true,"href":"https:\/\/www.p31noticias.com.br\/index.php?rest_route=%2Fwp%2Fv2%2Ftags&post=49983"}],"curies":[{"name":"wp","href":"https:\/\/api.w.org\/{rel}","templated":true}]}}