{"id":49976,"date":"2024-05-10T18:29:48","date_gmt":"2024-05-10T21:29:48","guid":{"rendered":"https:\/\/p31noticias.com.br\/programa-df-legal-nas-escolas-leva-importancia-da-fiscalizacao-a-alunos-de-sao-sebastiao\/"},"modified":"2024-05-10T18:29:48","modified_gmt":"2024-05-10T21:29:48","slug":"programa-df-legal-nas-escolas-leva-importancia-da-fiscalizacao-a-alunos-de-sao-sebastiao","status":"publish","type":"post","link":"https:\/\/www.p31noticias.com.br\/?p=49976","title":{"rendered":"Programa DF Legal nas Escolas leva import\u00e2ncia da fiscaliza\u00e7\u00e3o a alunos de S\u00e3o Sebasti\u00e3o"},"content":{"rendered":"<p>Com cara nova para o ano de 2024, a Secretaria DF Legal realizou, nessa quinta-feira (9), no Centro Educacional (CED) Zumbi dos Palmares, em S\u00e3o Sebasti\u00e3o, mais uma edi\u00e7\u00e3o do programa DF Legal nas Escolas. Participaram do evento 170 alunos do 3\u00ba ano do ensino m\u00e9dio. O palestrante Jansler Arag\u00e3o conversou com alunos sobre temas [\u2026]<\/p>\n<p>O post <a href=\"https:\/\/www.delioandrade.com.br\/programa-df-legal-nas-escolas-leva-importancia-da-fiscalizacao-a-alunos-de-sao-sebastiao\/\">Programa DF Legal nas Escolas leva import\u00e2ncia da fiscaliza\u00e7\u00e3o a alunos de S\u00e3o Sebasti\u00e3o<\/a> apareceu primeiro em <a href=\"https:\/\/www.delioandrade.com.br\/\">Blog do D\u00c9LIO ANDRADE<\/a>.<\/p>\n","protected":false},"excerpt":{"rendered":"<p>Com cara nova para o ano de 2024, a Secretaria DF Legal realizou, nessa quinta-feira (9), no Centro Educacional (CED) Zumbi dos Palmares, em S\u00e3o Sebasti\u00e3o, mais uma edi\u00e7\u00e3o do programa DF Legal nas Escolas. Participaram do evento 170 alunos do 3\u00ba ano do ensino m\u00e9dio. O palestrante Jansler Arag\u00e3o conversou com alunos sobre temas [&hellip;]<\/p>\n","protected":false},"author":0,"featured_media":49977,"comment_status":"open","ping_status":"open","sticky":false,"template":"","format":"standard","meta":{"footnotes":""},"categories":[21],"tags":[],"class_list":{"0":"post-49976","1":"post","2":"type-post","3":"status-publish","4":"format-standard","5":"has-post-thumbnail","7":"category-brasilia"},"yoast_head":"<!-- This site is optimized with the Yoast SEO Premium plugin v24.5 (Yoast SEO v27.4) - https:\/\/yoast.com\/product\/yoast-seo-premium-wordpress\/ -->\n<title>Programa DF Legal nas Escolas leva import\u00e2ncia da fiscaliza\u00e7\u00e3o a alunos de S\u00e3o Sebasti\u00e3o - P31<\/title>\n<meta name=\"robots\" content=\"index, follow, max-snippet:-1, max-image-preview:large, max-video-preview:-1\" \/>\n<link rel=\"canonical\" href=\"https:\/\/www.p31noticias.com.br\/?p=49976\" \/>\n<meta property=\"og:locale\" content=\"pt_BR\" \/>\n<meta property=\"og:type\" content=\"article\" \/>\n<meta property=\"og:title\" content=\"Programa DF Legal nas Escolas leva import\u00e2ncia da fiscaliza\u00e7\u00e3o a alunos de S\u00e3o Sebasti\u00e3o\" \/>\n<meta property=\"og:description\" content=\"Com cara nova para o ano de 2024, a Secretaria DF Legal realizou, nessa quinta-feira (9), no Centro Educacional (CED) Zumbi dos Palmares, em S\u00e3o Sebasti\u00e3o, mais uma edi\u00e7\u00e3o do programa DF Legal nas Escolas. Participaram do evento 170 alunos do 3\u00ba ano do ensino m\u00e9dio. O palestrante Jansler Arag\u00e3o conversou com alunos sobre temas [&hellip;]\" \/>\n<meta property=\"og:url\" content=\"https:\/\/www.p31noticias.com.br\/?p=49976\" \/>\n<meta property=\"og:site_name\" content=\"P31\" \/>\n<meta property=\"article:published_time\" content=\"2024-05-10T21:29:48+00:00\" \/>\n<meta property=\"og:image\" content=\"https:\/\/www.p31noticias.com.br\/wp-content\/uploads\/2024\/05\/DF-LEGAL-nas-Escolas-Zumbi-dos-Palmares-S.-Sebastiao-34-scaled-X6v2yh-150x150-NkKEFK.jpeg\" \/>\n\t<meta property=\"og:image:width\" content=\"150\" \/>\n\t<meta property=\"og:image:height\" content=\"150\" \/>\n\t<meta property=\"og:image:type\" content=\"image\/jpeg\" \/>\n<meta name=\"twitter:card\" content=\"summary_large_image\" \/>\n<script type=\"application\/ld+json\" class=\"yoast-schema-graph\">{\"@context\":\"https:\\\/\\\/schema.org\",\"@graph\":[{\"@type\":\"Article\",\"@id\":\"https:\\\/\\\/www.p31noticias.com.br\\\/?p=49976#article\",\"isPartOf\":{\"@id\":\"https:\\\/\\\/www.p31noticias.com.br\\\/?p=49976\"},\"author\":{\"name\":\"\",\"@id\":\"\"},\"headline\":\"Programa DF Legal nas Escolas leva import\u00e2ncia da fiscaliza\u00e7\u00e3o a alunos de S\u00e3o Sebasti\u00e3o\",\"datePublished\":\"2024-05-10T21:29:48+00:00\",\"mainEntityOfPage\":{\"@id\":\"https:\\\/\\\/www.p31noticias.com.br\\\/?p=49976\"},\"wordCount\":102,\"commentCount\":0,\"image\":{\"@id\":\"https:\\\/\\\/www.p31noticias.com.br\\\/?p=49976#primaryimage\"},\"thumbnailUrl\":\"https:\\\/\\\/www.p31noticias.com.br\\\/wp-content\\\/uploads\\\/2024\\\/05\\\/DF-LEGAL-nas-Escolas-Zumbi-dos-Palmares-S.-Sebastiao-34-scaled-X6v2yh-150x150-NkKEFK.jpeg\",\"articleSection\":[\"Bras\u00edlia\"],\"inLanguage\":\"pt-BR\",\"potentialAction\":[{\"@type\":\"CommentAction\",\"name\":\"Comment\",\"target\":[\"https:\\\/\\\/www.p31noticias.com.br\\\/?p=49976#respond\"]}],\"copyrightYear\":\"2024\",\"copyrightHolder\":{\"@id\":\"https:\\\/\\\/www.p31noticias.com.br\\\/#organization\"}},{\"@type\":\"WebPage\",\"@id\":\"https:\\\/\\\/www.p31noticias.com.br\\\/?p=49976\",\"url\":\"https:\\\/\\\/www.p31noticias.com.br\\\/?p=49976\",\"name\":\"Programa DF Legal nas Escolas leva import\u00e2ncia da fiscaliza\u00e7\u00e3o a alunos de S\u00e3o Sebasti\u00e3o - P31\",\"isPartOf\":{\"@id\":\"https:\\\/\\\/www.p31noticias.com.br\\\/#website\"},\"primaryImageOfPage\":{\"@id\":\"https:\\\/\\\/www.p31noticias.com.br\\\/?p=49976#primaryimage\"},\"image\":{\"@id\":\"https:\\\/\\\/www.p31noticias.com.br\\\/?p=49976#primaryimage\"},\"thumbnailUrl\":\"https:\\\/\\\/www.p31noticias.com.br\\\/wp-content\\\/uploads\\\/2024\\\/05\\\/DF-LEGAL-nas-Escolas-Zumbi-dos-Palmares-S.-Sebastiao-34-scaled-X6v2yh-150x150-NkKEFK.jpeg\",\"datePublished\":\"2024-05-10T21:29:48+00:00\",\"author\":{\"@id\":\"\"},\"breadcrumb\":{\"@id\":\"https:\\\/\\\/www.p31noticias.com.br\\\/?p=49976#breadcrumb\"},\"inLanguage\":\"pt-BR\",\"potentialAction\":[{\"@type\":\"ReadAction\",\"target\":[\"https:\\\/\\\/www.p31noticias.com.br\\\/?p=49976\"]}]},{\"@type\":\"ImageObject\",\"inLanguage\":\"pt-BR\",\"@id\":\"https:\\\/\\\/www.p31noticias.com.br\\\/?p=49976#primaryimage\",\"url\":\"https:\\\/\\\/www.p31noticias.com.br\\\/wp-content\\\/uploads\\\/2024\\\/05\\\/DF-LEGAL-nas-Escolas-Zumbi-dos-Palmares-S.-Sebastiao-34-scaled-X6v2yh-150x150-NkKEFK.jpeg\",\"contentUrl\":\"https:\\\/\\\/www.p31noticias.com.br\\\/wp-content\\\/uploads\\\/2024\\\/05\\\/DF-LEGAL-nas-Escolas-Zumbi-dos-Palmares-S.-Sebastiao-34-scaled-X6v2yh-150x150-NkKEFK.jpeg\",\"width\":150,\"height\":150},{\"@type\":\"BreadcrumbList\",\"@id\":\"https:\\\/\\\/www.p31noticias.com.br\\\/?p=49976#breadcrumb\",\"itemListElement\":[{\"@type\":\"ListItem\",\"position\":1,\"name\":\"In\u00edcio\",\"item\":\"https:\\\/\\\/www.p31noticias.com.br\\\/\"},{\"@type\":\"ListItem\",\"position\":2,\"name\":\"Programa DF Legal nas Escolas leva import\u00e2ncia da fiscaliza\u00e7\u00e3o a alunos de S\u00e3o Sebasti\u00e3o\"}]},{\"@type\":\"WebSite\",\"@id\":\"https:\\\/\\\/www.p31noticias.com.br\\\/#website\",\"url\":\"https:\\\/\\\/www.p31noticias.com.br\\\/\",\"name\":\"P31\",\"description\":\"NOT\u00cdCIAS\",\"potentialAction\":[{\"@type\":\"SearchAction\",\"target\":{\"@type\":\"EntryPoint\",\"urlTemplate\":\"https:\\\/\\\/www.p31noticias.com.br\\\/?s={search_term_string}\"},\"query-input\":{\"@type\":\"PropertyValueSpecification\",\"valueRequired\":true,\"valueName\":\"search_term_string\"}}],\"inLanguage\":\"pt-BR\"}]}<\/script>\n<!-- \/ Yoast SEO Premium plugin. -->","yoast_head_json":{"title":"Programa DF Legal nas Escolas leva import\u00e2ncia da fiscaliza\u00e7\u00e3o a alunos de S\u00e3o Sebasti\u00e3o - P31","robots":{"index":"index","follow":"follow","max-snippet":"max-snippet:-1","max-image-preview":"max-image-preview:large","max-video-preview":"max-video-preview:-1"},"canonical":"https:\/\/www.p31noticias.com.br\/?p=49976","og_locale":"pt_BR","og_type":"article","og_title":"Programa DF Legal nas Escolas leva import\u00e2ncia da fiscaliza\u00e7\u00e3o a alunos de S\u00e3o Sebasti\u00e3o","og_description":"Com cara nova para o ano de 2024, a Secretaria DF Legal realizou, nessa quinta-feira (9), no Centro Educacional (CED) Zumbi dos Palmares, em S\u00e3o Sebasti\u00e3o, mais uma edi\u00e7\u00e3o do programa DF Legal nas Escolas. Participaram do evento 170 alunos do 3\u00ba ano do ensino m\u00e9dio. O palestrante Jansler Arag\u00e3o conversou com alunos sobre temas [&hellip;]","og_url":"https:\/\/www.p31noticias.com.br\/?p=49976","og_site_name":"P31","article_published_time":"2024-05-10T21:29:48+00:00","og_image":[{"width":150,"height":150,"url":"https:\/\/www.p31noticias.com.br\/wp-content\/uploads\/2024\/05\/DF-LEGAL-nas-Escolas-Zumbi-dos-Palmares-S.-Sebastiao-34-scaled-X6v2yh-150x150-NkKEFK.jpeg","type":"image\/jpeg"}],"twitter_card":"summary_large_image","schema":{"@context":"https:\/\/schema.org","@graph":[{"@type":"Article","@id":"https:\/\/www.p31noticias.com.br\/?p=49976#article","isPartOf":{"@id":"https:\/\/www.p31noticias.com.br\/?p=49976"},"author":{"name":"","@id":""},"headline":"Programa DF Legal nas Escolas leva import\u00e2ncia da fiscaliza\u00e7\u00e3o a alunos de S\u00e3o Sebasti\u00e3o","datePublished":"2024-05-10T21:29:48+00:00","mainEntityOfPage":{"@id":"https:\/\/www.p31noticias.com.br\/?p=49976"},"wordCount":102,"commentCount":0,"image":{"@id":"https:\/\/www.p31noticias.com.br\/?p=49976#primaryimage"},"thumbnailUrl":"https:\/\/www.p31noticias.com.br\/wp-content\/uploads\/2024\/05\/DF-LEGAL-nas-Escolas-Zumbi-dos-Palmares-S.-Sebastiao-34-scaled-X6v2yh-150x150-NkKEFK.jpeg","articleSection":["Bras\u00edlia"],"inLanguage":"pt-BR","potentialAction":[{"@type":"CommentAction","name":"Comment","target":["https:\/\/www.p31noticias.com.br\/?p=49976#respond"]}],"copyrightYear":"2024","copyrightHolder":{"@id":"https:\/\/www.p31noticias.com.br\/#organization"}},{"@type":"WebPage","@id":"https:\/\/www.p31noticias.com.br\/?p=49976","url":"https:\/\/www.p31noticias.com.br\/?p=49976","name":"Programa DF Legal nas Escolas leva import\u00e2ncia da fiscaliza\u00e7\u00e3o a alunos de S\u00e3o Sebasti\u00e3o - P31","isPartOf":{"@id":"https:\/\/www.p31noticias.com.br\/#website"},"primaryImageOfPage":{"@id":"https:\/\/www.p31noticias.com.br\/?p=49976#primaryimage"},"image":{"@id":"https:\/\/www.p31noticias.com.br\/?p=49976#primaryimage"},"thumbnailUrl":"https:\/\/www.p31noticias.com.br\/wp-content\/uploads\/2024\/05\/DF-LEGAL-nas-Escolas-Zumbi-dos-Palmares-S.-Sebastiao-34-scaled-X6v2yh-150x150-NkKEFK.jpeg","datePublished":"2024-05-10T21:29:48+00:00","author":{"@id":""},"breadcrumb":{"@id":"https:\/\/www.p31noticias.com.br\/?p=49976#breadcrumb"},"inLanguage":"pt-BR","potentialAction":[{"@type":"ReadAction","target":["https:\/\/www.p31noticias.com.br\/?p=49976"]}]},{"@type":"ImageObject","inLanguage":"pt-BR","@id":"https:\/\/www.p31noticias.com.br\/?p=49976#primaryimage","url":"https:\/\/www.p31noticias.com.br\/wp-content\/uploads\/2024\/05\/DF-LEGAL-nas-Escolas-Zumbi-dos-Palmares-S.-Sebastiao-34-scaled-X6v2yh-150x150-NkKEFK.jpeg","contentUrl":"https:\/\/www.p31noticias.com.br\/wp-content\/uploads\/2024\/05\/DF-LEGAL-nas-Escolas-Zumbi-dos-Palmares-S.-Sebastiao-34-scaled-X6v2yh-150x150-NkKEFK.jpeg","width":150,"height":150},{"@type":"BreadcrumbList","@id":"https:\/\/www.p31noticias.com.br\/?p=49976#breadcrumb","itemListElement":[{"@type":"ListItem","position":1,"name":"In\u00edcio","item":"https:\/\/www.p31noticias.com.br\/"},{"@type":"ListItem","position":2,"name":"Programa DF Legal nas Escolas leva import\u00e2ncia da fiscaliza\u00e7\u00e3o a alunos de S\u00e3o Sebasti\u00e3o"}]},{"@type":"WebSite","@id":"https:\/\/www.p31noticias.com.br\/#website","url":"https:\/\/www.p31noticias.com.br\/","name":"P31","description":"NOT\u00cdCIAS","potentialAction":[{"@type":"SearchAction","target":{"@type":"EntryPoint","urlTemplate":"https:\/\/www.p31noticias.com.br\/?s={search_term_string}"},"query-input":{"@type":"PropertyValueSpecification","valueRequired":true,"valueName":"search_term_string"}}],"inLanguage":"pt-BR"}]}},"amp_enabled":true,"_links":{"self":[{"href":"https:\/\/www.p31noticias.com.br\/index.php?rest_route=\/wp\/v2\/posts\/49976","targetHints":{"allow":["GET"]}}],"collection":[{"href":"https:\/\/www.p31noticias.com.br\/index.php?rest_route=\/wp\/v2\/posts"}],"about":[{"href":"https:\/\/www.p31noticias.com.br\/index.php?rest_route=\/wp\/v2\/types\/post"}],"replies":[{"embeddable":true,"href":"https:\/\/www.p31noticias.com.br\/index.php?rest_route=%2Fwp%2Fv2%2Fcomments&post=49976"}],"version-history":[{"count":0,"href":"https:\/\/www.p31noticias.com.br\/index.php?rest_route=\/wp\/v2\/posts\/49976\/revisions"}],"wp:featuredmedia":[{"embeddable":true,"href":"https:\/\/www.p31noticias.com.br\/index.php?rest_route=\/wp\/v2\/media\/49977"}],"wp:attachment":[{"href":"https:\/\/www.p31noticias.com.br\/index.php?rest_route=%2Fwp%2Fv2%2Fmedia&parent=49976"}],"wp:term":[{"taxonomy":"category","embeddable":true,"href":"https:\/\/www.p31noticias.com.br\/index.php?rest_route=%2Fwp%2Fv2%2Fcategories&post=49976"},{"taxonomy":"post_tag","embeddable":true,"href":"https:\/\/www.p31noticias.com.br\/index.php?rest_route=%2Fwp%2Fv2%2Ftags&post=49976"}],"curies":[{"name":"wp","href":"https:\/\/api.w.org\/{rel}","templated":true}]}}