{"id":49950,"date":"2024-05-10T15:30:06","date_gmt":"2024-05-10T18:30:06","guid":{"rendered":"https:\/\/p31noticias.com.br\/curso-para-primeiros-socorros-em-ambientes-escolares-inicia-aulas-praticas\/"},"modified":"2024-05-10T15:30:06","modified_gmt":"2024-05-10T18:30:06","slug":"curso-para-primeiros-socorros-em-ambientes-escolares-inicia-aulas-praticas","status":"publish","type":"post","link":"https:\/\/www.p31noticias.com.br\/?p=49950","title":{"rendered":"Curso para primeiros-socorros em ambientes escolares inicia aulas pr\u00e1ticas"},"content":{"rendered":"<p>A primeira aula pr\u00e1tica do curso para primeiros-socorros nas escolas foi realizada nessa quinta-feira (9), com alunos que obtiveram avalia\u00e7\u00e3o positiva durante as aulas virtuais \u2013 um pr\u00e9-requisito para participar do momento presencial. Com carga hor\u00e1ria de 20 horas, sendo 15 online e cinco pr\u00e1ticas, o curso teve 336 inscritos, no per\u00edodo de 15 a [\u2026]<\/p>\n<p>O post <a href=\"https:\/\/www.delioandrade.com.br\/curso-para-primeiros-socorros-em-ambientes-escolares-inicia-aulas-praticas\/\">Curso para primeiros-socorros em ambientes escolares inicia aulas pr\u00e1ticas<\/a> apareceu primeiro em <a href=\"https:\/\/www.delioandrade.com.br\/\">Blog do D\u00c9LIO ANDRADE<\/a>.<\/p>\n","protected":false},"excerpt":{"rendered":"<p>A primeira aula pr\u00e1tica do curso para primeiros-socorros nas escolas foi realizada nessa quinta-feira (9), com alunos que obtiveram avalia\u00e7\u00e3o positiva durante as aulas virtuais \u2013 um pr\u00e9-requisito para participar do momento presencial. Com carga hor\u00e1ria de 20 horas, sendo 15 online e cinco pr\u00e1ticas, o curso teve 336 inscritos, no per\u00edodo de 15 a [&hellip;]<\/p>\n","protected":false},"author":0,"featured_media":49951,"comment_status":"open","ping_status":"open","sticky":false,"template":"","format":"standard","meta":{"footnotes":""},"categories":[21],"tags":[],"class_list":{"0":"post-49950","1":"post","2":"type-post","3":"status-publish","4":"format-standard","5":"has-post-thumbnail","7":"category-brasilia"},"yoast_head":"<!-- This site is optimized with the Yoast SEO Premium plugin v24.5 (Yoast SEO v27.4) - https:\/\/yoast.com\/product\/yoast-seo-premium-wordpress\/ -->\n<title>Curso para primeiros-socorros em ambientes escolares inicia aulas pr\u00e1ticas - P31<\/title>\n<meta name=\"robots\" content=\"index, follow, max-snippet:-1, max-image-preview:large, max-video-preview:-1\" \/>\n<link rel=\"canonical\" href=\"https:\/\/www.p31noticias.com.br\/?p=49950\" \/>\n<meta property=\"og:locale\" content=\"pt_BR\" \/>\n<meta property=\"og:type\" content=\"article\" \/>\n<meta property=\"og:title\" content=\"Curso para primeiros-socorros em ambientes escolares inicia aulas pr\u00e1ticas\" \/>\n<meta property=\"og:description\" content=\"A primeira aula pr\u00e1tica do curso para primeiros-socorros nas escolas foi realizada nessa quinta-feira (9), com alunos que obtiveram avalia\u00e7\u00e3o positiva durante as aulas virtuais \u2013 um pr\u00e9-requisito para participar do momento presencial. Com carga hor\u00e1ria de 20 horas, sendo 15 online e cinco pr\u00e1ticas, o curso teve 336 inscritos, no per\u00edodo de 15 a [&hellip;]\" \/>\n<meta property=\"og:url\" content=\"https:\/\/www.p31noticias.com.br\/?p=49950\" \/>\n<meta property=\"og:site_name\" content=\"P31\" \/>\n<meta property=\"article:published_time\" content=\"2024-05-10T18:30:06+00:00\" \/>\n<meta property=\"og:image\" content=\"https:\/\/www.p31noticias.com.br\/wp-content\/uploads\/2024\/05\/WhatsApp-Image-2024-05-10-at-10.22.53-e1715349587573-rhlApZ-150x150-2cGAv8.jpeg\" \/>\n\t<meta property=\"og:image:width\" content=\"150\" \/>\n\t<meta property=\"og:image:height\" content=\"150\" \/>\n\t<meta property=\"og:image:type\" content=\"image\/jpeg\" \/>\n<meta name=\"twitter:card\" content=\"summary_large_image\" \/>\n<script type=\"application\/ld+json\" class=\"yoast-schema-graph\">{\"@context\":\"https:\\\/\\\/schema.org\",\"@graph\":[{\"@type\":\"Article\",\"@id\":\"https:\\\/\\\/www.p31noticias.com.br\\\/?p=49950#article\",\"isPartOf\":{\"@id\":\"https:\\\/\\\/www.p31noticias.com.br\\\/?p=49950\"},\"author\":{\"name\":\"\",\"@id\":\"\"},\"headline\":\"Curso para primeiros-socorros em ambientes escolares inicia aulas pr\u00e1ticas\",\"datePublished\":\"2024-05-10T18:30:06+00:00\",\"mainEntityOfPage\":{\"@id\":\"https:\\\/\\\/www.p31noticias.com.br\\\/?p=49950\"},\"wordCount\":85,\"commentCount\":0,\"image\":{\"@id\":\"https:\\\/\\\/www.p31noticias.com.br\\\/?p=49950#primaryimage\"},\"thumbnailUrl\":\"https:\\\/\\\/www.p31noticias.com.br\\\/wp-content\\\/uploads\\\/2024\\\/05\\\/WhatsApp-Image-2024-05-10-at-10.22.53-e1715349587573-rhlApZ-150x150-2cGAv8.jpeg\",\"articleSection\":[\"Bras\u00edlia\"],\"inLanguage\":\"pt-BR\",\"potentialAction\":[{\"@type\":\"CommentAction\",\"name\":\"Comment\",\"target\":[\"https:\\\/\\\/www.p31noticias.com.br\\\/?p=49950#respond\"]}],\"copyrightYear\":\"2024\",\"copyrightHolder\":{\"@id\":\"https:\\\/\\\/www.p31noticias.com.br\\\/#organization\"}},{\"@type\":\"WebPage\",\"@id\":\"https:\\\/\\\/www.p31noticias.com.br\\\/?p=49950\",\"url\":\"https:\\\/\\\/www.p31noticias.com.br\\\/?p=49950\",\"name\":\"Curso para primeiros-socorros em ambientes escolares inicia aulas pr\u00e1ticas - P31\",\"isPartOf\":{\"@id\":\"https:\\\/\\\/www.p31noticias.com.br\\\/#website\"},\"primaryImageOfPage\":{\"@id\":\"https:\\\/\\\/www.p31noticias.com.br\\\/?p=49950#primaryimage\"},\"image\":{\"@id\":\"https:\\\/\\\/www.p31noticias.com.br\\\/?p=49950#primaryimage\"},\"thumbnailUrl\":\"https:\\\/\\\/www.p31noticias.com.br\\\/wp-content\\\/uploads\\\/2024\\\/05\\\/WhatsApp-Image-2024-05-10-at-10.22.53-e1715349587573-rhlApZ-150x150-2cGAv8.jpeg\",\"datePublished\":\"2024-05-10T18:30:06+00:00\",\"author\":{\"@id\":\"\"},\"breadcrumb\":{\"@id\":\"https:\\\/\\\/www.p31noticias.com.br\\\/?p=49950#breadcrumb\"},\"inLanguage\":\"pt-BR\",\"potentialAction\":[{\"@type\":\"ReadAction\",\"target\":[\"https:\\\/\\\/www.p31noticias.com.br\\\/?p=49950\"]}]},{\"@type\":\"ImageObject\",\"inLanguage\":\"pt-BR\",\"@id\":\"https:\\\/\\\/www.p31noticias.com.br\\\/?p=49950#primaryimage\",\"url\":\"https:\\\/\\\/www.p31noticias.com.br\\\/wp-content\\\/uploads\\\/2024\\\/05\\\/WhatsApp-Image-2024-05-10-at-10.22.53-e1715349587573-rhlApZ-150x150-2cGAv8.jpeg\",\"contentUrl\":\"https:\\\/\\\/www.p31noticias.com.br\\\/wp-content\\\/uploads\\\/2024\\\/05\\\/WhatsApp-Image-2024-05-10-at-10.22.53-e1715349587573-rhlApZ-150x150-2cGAv8.jpeg\",\"width\":150,\"height\":150},{\"@type\":\"BreadcrumbList\",\"@id\":\"https:\\\/\\\/www.p31noticias.com.br\\\/?p=49950#breadcrumb\",\"itemListElement\":[{\"@type\":\"ListItem\",\"position\":1,\"name\":\"In\u00edcio\",\"item\":\"https:\\\/\\\/www.p31noticias.com.br\\\/\"},{\"@type\":\"ListItem\",\"position\":2,\"name\":\"Curso para primeiros-socorros em ambientes escolares inicia aulas pr\u00e1ticas\"}]},{\"@type\":\"WebSite\",\"@id\":\"https:\\\/\\\/www.p31noticias.com.br\\\/#website\",\"url\":\"https:\\\/\\\/www.p31noticias.com.br\\\/\",\"name\":\"P31\",\"description\":\"NOT\u00cdCIAS\",\"potentialAction\":[{\"@type\":\"SearchAction\",\"target\":{\"@type\":\"EntryPoint\",\"urlTemplate\":\"https:\\\/\\\/www.p31noticias.com.br\\\/?s={search_term_string}\"},\"query-input\":{\"@type\":\"PropertyValueSpecification\",\"valueRequired\":true,\"valueName\":\"search_term_string\"}}],\"inLanguage\":\"pt-BR\"}]}<\/script>\n<!-- \/ Yoast SEO Premium plugin. -->","yoast_head_json":{"title":"Curso para primeiros-socorros em ambientes escolares inicia aulas pr\u00e1ticas - P31","robots":{"index":"index","follow":"follow","max-snippet":"max-snippet:-1","max-image-preview":"max-image-preview:large","max-video-preview":"max-video-preview:-1"},"canonical":"https:\/\/www.p31noticias.com.br\/?p=49950","og_locale":"pt_BR","og_type":"article","og_title":"Curso para primeiros-socorros em ambientes escolares inicia aulas pr\u00e1ticas","og_description":"A primeira aula pr\u00e1tica do curso para primeiros-socorros nas escolas foi realizada nessa quinta-feira (9), com alunos que obtiveram avalia\u00e7\u00e3o positiva durante as aulas virtuais \u2013 um pr\u00e9-requisito para participar do momento presencial. Com carga hor\u00e1ria de 20 horas, sendo 15 online e cinco pr\u00e1ticas, o curso teve 336 inscritos, no per\u00edodo de 15 a [&hellip;]","og_url":"https:\/\/www.p31noticias.com.br\/?p=49950","og_site_name":"P31","article_published_time":"2024-05-10T18:30:06+00:00","og_image":[{"width":150,"height":150,"url":"https:\/\/www.p31noticias.com.br\/wp-content\/uploads\/2024\/05\/WhatsApp-Image-2024-05-10-at-10.22.53-e1715349587573-rhlApZ-150x150-2cGAv8.jpeg","type":"image\/jpeg"}],"twitter_card":"summary_large_image","schema":{"@context":"https:\/\/schema.org","@graph":[{"@type":"Article","@id":"https:\/\/www.p31noticias.com.br\/?p=49950#article","isPartOf":{"@id":"https:\/\/www.p31noticias.com.br\/?p=49950"},"author":{"name":"","@id":""},"headline":"Curso para primeiros-socorros em ambientes escolares inicia aulas pr\u00e1ticas","datePublished":"2024-05-10T18:30:06+00:00","mainEntityOfPage":{"@id":"https:\/\/www.p31noticias.com.br\/?p=49950"},"wordCount":85,"commentCount":0,"image":{"@id":"https:\/\/www.p31noticias.com.br\/?p=49950#primaryimage"},"thumbnailUrl":"https:\/\/www.p31noticias.com.br\/wp-content\/uploads\/2024\/05\/WhatsApp-Image-2024-05-10-at-10.22.53-e1715349587573-rhlApZ-150x150-2cGAv8.jpeg","articleSection":["Bras\u00edlia"],"inLanguage":"pt-BR","potentialAction":[{"@type":"CommentAction","name":"Comment","target":["https:\/\/www.p31noticias.com.br\/?p=49950#respond"]}],"copyrightYear":"2024","copyrightHolder":{"@id":"https:\/\/www.p31noticias.com.br\/#organization"}},{"@type":"WebPage","@id":"https:\/\/www.p31noticias.com.br\/?p=49950","url":"https:\/\/www.p31noticias.com.br\/?p=49950","name":"Curso para primeiros-socorros em ambientes escolares inicia aulas pr\u00e1ticas - P31","isPartOf":{"@id":"https:\/\/www.p31noticias.com.br\/#website"},"primaryImageOfPage":{"@id":"https:\/\/www.p31noticias.com.br\/?p=49950#primaryimage"},"image":{"@id":"https:\/\/www.p31noticias.com.br\/?p=49950#primaryimage"},"thumbnailUrl":"https:\/\/www.p31noticias.com.br\/wp-content\/uploads\/2024\/05\/WhatsApp-Image-2024-05-10-at-10.22.53-e1715349587573-rhlApZ-150x150-2cGAv8.jpeg","datePublished":"2024-05-10T18:30:06+00:00","author":{"@id":""},"breadcrumb":{"@id":"https:\/\/www.p31noticias.com.br\/?p=49950#breadcrumb"},"inLanguage":"pt-BR","potentialAction":[{"@type":"ReadAction","target":["https:\/\/www.p31noticias.com.br\/?p=49950"]}]},{"@type":"ImageObject","inLanguage":"pt-BR","@id":"https:\/\/www.p31noticias.com.br\/?p=49950#primaryimage","url":"https:\/\/www.p31noticias.com.br\/wp-content\/uploads\/2024\/05\/WhatsApp-Image-2024-05-10-at-10.22.53-e1715349587573-rhlApZ-150x150-2cGAv8.jpeg","contentUrl":"https:\/\/www.p31noticias.com.br\/wp-content\/uploads\/2024\/05\/WhatsApp-Image-2024-05-10-at-10.22.53-e1715349587573-rhlApZ-150x150-2cGAv8.jpeg","width":150,"height":150},{"@type":"BreadcrumbList","@id":"https:\/\/www.p31noticias.com.br\/?p=49950#breadcrumb","itemListElement":[{"@type":"ListItem","position":1,"name":"In\u00edcio","item":"https:\/\/www.p31noticias.com.br\/"},{"@type":"ListItem","position":2,"name":"Curso para primeiros-socorros em ambientes escolares inicia aulas pr\u00e1ticas"}]},{"@type":"WebSite","@id":"https:\/\/www.p31noticias.com.br\/#website","url":"https:\/\/www.p31noticias.com.br\/","name":"P31","description":"NOT\u00cdCIAS","potentialAction":[{"@type":"SearchAction","target":{"@type":"EntryPoint","urlTemplate":"https:\/\/www.p31noticias.com.br\/?s={search_term_string}"},"query-input":{"@type":"PropertyValueSpecification","valueRequired":true,"valueName":"search_term_string"}}],"inLanguage":"pt-BR"}]}},"amp_enabled":true,"_links":{"self":[{"href":"https:\/\/www.p31noticias.com.br\/index.php?rest_route=\/wp\/v2\/posts\/49950","targetHints":{"allow":["GET"]}}],"collection":[{"href":"https:\/\/www.p31noticias.com.br\/index.php?rest_route=\/wp\/v2\/posts"}],"about":[{"href":"https:\/\/www.p31noticias.com.br\/index.php?rest_route=\/wp\/v2\/types\/post"}],"replies":[{"embeddable":true,"href":"https:\/\/www.p31noticias.com.br\/index.php?rest_route=%2Fwp%2Fv2%2Fcomments&post=49950"}],"version-history":[{"count":0,"href":"https:\/\/www.p31noticias.com.br\/index.php?rest_route=\/wp\/v2\/posts\/49950\/revisions"}],"wp:featuredmedia":[{"embeddable":true,"href":"https:\/\/www.p31noticias.com.br\/index.php?rest_route=\/wp\/v2\/media\/49951"}],"wp:attachment":[{"href":"https:\/\/www.p31noticias.com.br\/index.php?rest_route=%2Fwp%2Fv2%2Fmedia&parent=49950"}],"wp:term":[{"taxonomy":"category","embeddable":true,"href":"https:\/\/www.p31noticias.com.br\/index.php?rest_route=%2Fwp%2Fv2%2Fcategories&post=49950"},{"taxonomy":"post_tag","embeddable":true,"href":"https:\/\/www.p31noticias.com.br\/index.php?rest_route=%2Fwp%2Fv2%2Ftags&post=49950"}],"curies":[{"name":"wp","href":"https:\/\/api.w.org\/{rel}","templated":true}]}}