{"id":49938,"date":"2024-05-10T12:29:48","date_gmt":"2024-05-10T15:29:48","guid":{"rendered":"https:\/\/p31noticias.com.br\/nucleo-de-transporte-e-remocao-de-pacientes-tem-central-de-comando-no-hbdf\/"},"modified":"2024-05-10T12:29:48","modified_gmt":"2024-05-10T15:29:48","slug":"nucleo-de-transporte-e-remocao-de-pacientes-tem-central-de-comando-no-hbdf","status":"publish","type":"post","link":"https:\/\/www.p31noticias.com.br\/?p=49938","title":{"rendered":"N\u00facleo de Transporte e Remo\u00e7\u00e3o de Pacientes tem central de comando no HBDF"},"content":{"rendered":"<p>O N\u00facleo de Transporte e Remo\u00e7\u00e3o de Pacientes (Nurem) do Instituto de Gest\u00e3o Estrat\u00e9gica de Sa\u00fade do Distrito Federal (IgesDF) tem agora uma central de comando funcionando na sobreloja da interna\u00e7\u00e3o do Hospital de Base. \u201cCom a instala\u00e7\u00e3o do centro de comando do Nurem, esses pedidos v\u00e3o passar a ter mais controle, e poderemos organizar [\u2026]<\/p>\n<p>O post <a href=\"https:\/\/www.delioandrade.com.br\/nucleo-de-transporte-e-remocao-de-pacientes-tem-central-de-comando-no-hbdf\/\">N\u00facleo de Transporte e Remo\u00e7\u00e3o de Pacientes tem central de comando no HBDF<\/a> apareceu primeiro em <a href=\"https:\/\/www.delioandrade.com.br\/\">Blog do D\u00c9LIO ANDRADE<\/a>.<\/p>\n","protected":false},"excerpt":{"rendered":"<p>O N\u00facleo de Transporte e Remo\u00e7\u00e3o de Pacientes (Nurem) do Instituto de Gest\u00e3o Estrat\u00e9gica de Sa\u00fade do Distrito Federal (IgesDF) tem agora uma central de comando funcionando na sobreloja da interna\u00e7\u00e3o do Hospital de Base. \u201cCom a instala\u00e7\u00e3o do centro de comando do Nurem, esses pedidos v\u00e3o passar a ter mais controle, e poderemos organizar [&hellip;]<\/p>\n","protected":false},"author":0,"featured_media":49939,"comment_status":"open","ping_status":"open","sticky":false,"template":"","format":"standard","meta":{"footnotes":""},"categories":[21],"tags":[],"class_list":{"0":"post-49938","1":"post","2":"type-post","3":"status-publish","4":"format-standard","5":"has-post-thumbnail","7":"category-brasilia"},"yoast_head":"<!-- This site is optimized with the Yoast SEO Premium plugin v24.5 (Yoast SEO v27.4) - https:\/\/yoast.com\/product\/yoast-seo-premium-wordpress\/ -->\n<title>N\u00facleo de Transporte e Remo\u00e7\u00e3o de Pacientes tem central de comando no HBDF - P31<\/title>\n<meta name=\"robots\" content=\"index, follow, max-snippet:-1, max-image-preview:large, max-video-preview:-1\" \/>\n<link rel=\"canonical\" href=\"https:\/\/www.p31noticias.com.br\/?p=49938\" \/>\n<meta property=\"og:locale\" content=\"pt_BR\" \/>\n<meta property=\"og:type\" content=\"article\" \/>\n<meta property=\"og:title\" content=\"N\u00facleo de Transporte e Remo\u00e7\u00e3o de Pacientes tem central de comando no HBDF\" \/>\n<meta property=\"og:description\" content=\"O N\u00facleo de Transporte e Remo\u00e7\u00e3o de Pacientes (Nurem) do Instituto de Gest\u00e3o Estrat\u00e9gica de Sa\u00fade do Distrito Federal (IgesDF) tem agora uma central de comando funcionando na sobreloja da interna\u00e7\u00e3o do Hospital de Base. \u201cCom a instala\u00e7\u00e3o do centro de comando do Nurem, esses pedidos v\u00e3o passar a ter mais controle, e poderemos organizar [&hellip;]\" \/>\n<meta property=\"og:url\" content=\"https:\/\/www.p31noticias.com.br\/?p=49938\" \/>\n<meta property=\"og:site_name\" content=\"P31\" \/>\n<meta property=\"article:published_time\" content=\"2024-05-10T15:29:48+00:00\" \/>\n<meta property=\"og:image\" content=\"https:\/\/www.p31noticias.com.br\/wp-content\/uploads\/2024\/05\/53710671590_1701ae2abd_k-vCqflH-150x150-VC8TXv.jpeg\" \/>\n\t<meta property=\"og:image:width\" content=\"150\" \/>\n\t<meta property=\"og:image:height\" content=\"150\" \/>\n\t<meta property=\"og:image:type\" content=\"image\/jpeg\" \/>\n<meta name=\"twitter:card\" content=\"summary_large_image\" \/>\n<script type=\"application\/ld+json\" class=\"yoast-schema-graph\">{\"@context\":\"https:\\\/\\\/schema.org\",\"@graph\":[{\"@type\":\"Article\",\"@id\":\"https:\\\/\\\/www.p31noticias.com.br\\\/?p=49938#article\",\"isPartOf\":{\"@id\":\"https:\\\/\\\/www.p31noticias.com.br\\\/?p=49938\"},\"author\":{\"name\":\"\",\"@id\":\"\"},\"headline\":\"N\u00facleo de Transporte e Remo\u00e7\u00e3o de Pacientes tem central de comando no HBDF\",\"datePublished\":\"2024-05-10T15:29:48+00:00\",\"mainEntityOfPage\":{\"@id\":\"https:\\\/\\\/www.p31noticias.com.br\\\/?p=49938\"},\"wordCount\":103,\"commentCount\":0,\"image\":{\"@id\":\"https:\\\/\\\/www.p31noticias.com.br\\\/?p=49938#primaryimage\"},\"thumbnailUrl\":\"https:\\\/\\\/www.p31noticias.com.br\\\/wp-content\\\/uploads\\\/2024\\\/05\\\/53710671590_1701ae2abd_k-vCqflH-150x150-VC8TXv.jpeg\",\"articleSection\":[\"Bras\u00edlia\"],\"inLanguage\":\"pt-BR\",\"potentialAction\":[{\"@type\":\"CommentAction\",\"name\":\"Comment\",\"target\":[\"https:\\\/\\\/www.p31noticias.com.br\\\/?p=49938#respond\"]}],\"copyrightYear\":\"2024\",\"copyrightHolder\":{\"@id\":\"https:\\\/\\\/www.p31noticias.com.br\\\/#organization\"}},{\"@type\":\"WebPage\",\"@id\":\"https:\\\/\\\/www.p31noticias.com.br\\\/?p=49938\",\"url\":\"https:\\\/\\\/www.p31noticias.com.br\\\/?p=49938\",\"name\":\"N\u00facleo de Transporte e Remo\u00e7\u00e3o de Pacientes tem central de comando no HBDF - P31\",\"isPartOf\":{\"@id\":\"https:\\\/\\\/www.p31noticias.com.br\\\/#website\"},\"primaryImageOfPage\":{\"@id\":\"https:\\\/\\\/www.p31noticias.com.br\\\/?p=49938#primaryimage\"},\"image\":{\"@id\":\"https:\\\/\\\/www.p31noticias.com.br\\\/?p=49938#primaryimage\"},\"thumbnailUrl\":\"https:\\\/\\\/www.p31noticias.com.br\\\/wp-content\\\/uploads\\\/2024\\\/05\\\/53710671590_1701ae2abd_k-vCqflH-150x150-VC8TXv.jpeg\",\"datePublished\":\"2024-05-10T15:29:48+00:00\",\"author\":{\"@id\":\"\"},\"breadcrumb\":{\"@id\":\"https:\\\/\\\/www.p31noticias.com.br\\\/?p=49938#breadcrumb\"},\"inLanguage\":\"pt-BR\",\"potentialAction\":[{\"@type\":\"ReadAction\",\"target\":[\"https:\\\/\\\/www.p31noticias.com.br\\\/?p=49938\"]}]},{\"@type\":\"ImageObject\",\"inLanguage\":\"pt-BR\",\"@id\":\"https:\\\/\\\/www.p31noticias.com.br\\\/?p=49938#primaryimage\",\"url\":\"https:\\\/\\\/www.p31noticias.com.br\\\/wp-content\\\/uploads\\\/2024\\\/05\\\/53710671590_1701ae2abd_k-vCqflH-150x150-VC8TXv.jpeg\",\"contentUrl\":\"https:\\\/\\\/www.p31noticias.com.br\\\/wp-content\\\/uploads\\\/2024\\\/05\\\/53710671590_1701ae2abd_k-vCqflH-150x150-VC8TXv.jpeg\",\"width\":150,\"height\":150},{\"@type\":\"BreadcrumbList\",\"@id\":\"https:\\\/\\\/www.p31noticias.com.br\\\/?p=49938#breadcrumb\",\"itemListElement\":[{\"@type\":\"ListItem\",\"position\":1,\"name\":\"In\u00edcio\",\"item\":\"https:\\\/\\\/www.p31noticias.com.br\\\/\"},{\"@type\":\"ListItem\",\"position\":2,\"name\":\"N\u00facleo de Transporte e Remo\u00e7\u00e3o de Pacientes tem central de comando no HBDF\"}]},{\"@type\":\"WebSite\",\"@id\":\"https:\\\/\\\/www.p31noticias.com.br\\\/#website\",\"url\":\"https:\\\/\\\/www.p31noticias.com.br\\\/\",\"name\":\"P31\",\"description\":\"NOT\u00cdCIAS\",\"potentialAction\":[{\"@type\":\"SearchAction\",\"target\":{\"@type\":\"EntryPoint\",\"urlTemplate\":\"https:\\\/\\\/www.p31noticias.com.br\\\/?s={search_term_string}\"},\"query-input\":{\"@type\":\"PropertyValueSpecification\",\"valueRequired\":true,\"valueName\":\"search_term_string\"}}],\"inLanguage\":\"pt-BR\"}]}<\/script>\n<!-- \/ Yoast SEO Premium plugin. -->","yoast_head_json":{"title":"N\u00facleo de Transporte e Remo\u00e7\u00e3o de Pacientes tem central de comando no HBDF - P31","robots":{"index":"index","follow":"follow","max-snippet":"max-snippet:-1","max-image-preview":"max-image-preview:large","max-video-preview":"max-video-preview:-1"},"canonical":"https:\/\/www.p31noticias.com.br\/?p=49938","og_locale":"pt_BR","og_type":"article","og_title":"N\u00facleo de Transporte e Remo\u00e7\u00e3o de Pacientes tem central de comando no HBDF","og_description":"O N\u00facleo de Transporte e Remo\u00e7\u00e3o de Pacientes (Nurem) do Instituto de Gest\u00e3o Estrat\u00e9gica de Sa\u00fade do Distrito Federal (IgesDF) tem agora uma central de comando funcionando na sobreloja da interna\u00e7\u00e3o do Hospital de Base. \u201cCom a instala\u00e7\u00e3o do centro de comando do Nurem, esses pedidos v\u00e3o passar a ter mais controle, e poderemos organizar [&hellip;]","og_url":"https:\/\/www.p31noticias.com.br\/?p=49938","og_site_name":"P31","article_published_time":"2024-05-10T15:29:48+00:00","og_image":[{"width":150,"height":150,"url":"https:\/\/www.p31noticias.com.br\/wp-content\/uploads\/2024\/05\/53710671590_1701ae2abd_k-vCqflH-150x150-VC8TXv.jpeg","type":"image\/jpeg"}],"twitter_card":"summary_large_image","schema":{"@context":"https:\/\/schema.org","@graph":[{"@type":"Article","@id":"https:\/\/www.p31noticias.com.br\/?p=49938#article","isPartOf":{"@id":"https:\/\/www.p31noticias.com.br\/?p=49938"},"author":{"name":"","@id":""},"headline":"N\u00facleo de Transporte e Remo\u00e7\u00e3o de Pacientes tem central de comando no HBDF","datePublished":"2024-05-10T15:29:48+00:00","mainEntityOfPage":{"@id":"https:\/\/www.p31noticias.com.br\/?p=49938"},"wordCount":103,"commentCount":0,"image":{"@id":"https:\/\/www.p31noticias.com.br\/?p=49938#primaryimage"},"thumbnailUrl":"https:\/\/www.p31noticias.com.br\/wp-content\/uploads\/2024\/05\/53710671590_1701ae2abd_k-vCqflH-150x150-VC8TXv.jpeg","articleSection":["Bras\u00edlia"],"inLanguage":"pt-BR","potentialAction":[{"@type":"CommentAction","name":"Comment","target":["https:\/\/www.p31noticias.com.br\/?p=49938#respond"]}],"copyrightYear":"2024","copyrightHolder":{"@id":"https:\/\/www.p31noticias.com.br\/#organization"}},{"@type":"WebPage","@id":"https:\/\/www.p31noticias.com.br\/?p=49938","url":"https:\/\/www.p31noticias.com.br\/?p=49938","name":"N\u00facleo de Transporte e Remo\u00e7\u00e3o de Pacientes tem central de comando no HBDF - P31","isPartOf":{"@id":"https:\/\/www.p31noticias.com.br\/#website"},"primaryImageOfPage":{"@id":"https:\/\/www.p31noticias.com.br\/?p=49938#primaryimage"},"image":{"@id":"https:\/\/www.p31noticias.com.br\/?p=49938#primaryimage"},"thumbnailUrl":"https:\/\/www.p31noticias.com.br\/wp-content\/uploads\/2024\/05\/53710671590_1701ae2abd_k-vCqflH-150x150-VC8TXv.jpeg","datePublished":"2024-05-10T15:29:48+00:00","author":{"@id":""},"breadcrumb":{"@id":"https:\/\/www.p31noticias.com.br\/?p=49938#breadcrumb"},"inLanguage":"pt-BR","potentialAction":[{"@type":"ReadAction","target":["https:\/\/www.p31noticias.com.br\/?p=49938"]}]},{"@type":"ImageObject","inLanguage":"pt-BR","@id":"https:\/\/www.p31noticias.com.br\/?p=49938#primaryimage","url":"https:\/\/www.p31noticias.com.br\/wp-content\/uploads\/2024\/05\/53710671590_1701ae2abd_k-vCqflH-150x150-VC8TXv.jpeg","contentUrl":"https:\/\/www.p31noticias.com.br\/wp-content\/uploads\/2024\/05\/53710671590_1701ae2abd_k-vCqflH-150x150-VC8TXv.jpeg","width":150,"height":150},{"@type":"BreadcrumbList","@id":"https:\/\/www.p31noticias.com.br\/?p=49938#breadcrumb","itemListElement":[{"@type":"ListItem","position":1,"name":"In\u00edcio","item":"https:\/\/www.p31noticias.com.br\/"},{"@type":"ListItem","position":2,"name":"N\u00facleo de Transporte e Remo\u00e7\u00e3o de Pacientes tem central de comando no HBDF"}]},{"@type":"WebSite","@id":"https:\/\/www.p31noticias.com.br\/#website","url":"https:\/\/www.p31noticias.com.br\/","name":"P31","description":"NOT\u00cdCIAS","potentialAction":[{"@type":"SearchAction","target":{"@type":"EntryPoint","urlTemplate":"https:\/\/www.p31noticias.com.br\/?s={search_term_string}"},"query-input":{"@type":"PropertyValueSpecification","valueRequired":true,"valueName":"search_term_string"}}],"inLanguage":"pt-BR"}]}},"amp_enabled":true,"_links":{"self":[{"href":"https:\/\/www.p31noticias.com.br\/index.php?rest_route=\/wp\/v2\/posts\/49938","targetHints":{"allow":["GET"]}}],"collection":[{"href":"https:\/\/www.p31noticias.com.br\/index.php?rest_route=\/wp\/v2\/posts"}],"about":[{"href":"https:\/\/www.p31noticias.com.br\/index.php?rest_route=\/wp\/v2\/types\/post"}],"replies":[{"embeddable":true,"href":"https:\/\/www.p31noticias.com.br\/index.php?rest_route=%2Fwp%2Fv2%2Fcomments&post=49938"}],"version-history":[{"count":0,"href":"https:\/\/www.p31noticias.com.br\/index.php?rest_route=\/wp\/v2\/posts\/49938\/revisions"}],"wp:featuredmedia":[{"embeddable":true,"href":"https:\/\/www.p31noticias.com.br\/index.php?rest_route=\/wp\/v2\/media\/49939"}],"wp:attachment":[{"href":"https:\/\/www.p31noticias.com.br\/index.php?rest_route=%2Fwp%2Fv2%2Fmedia&parent=49938"}],"wp:term":[{"taxonomy":"category","embeddable":true,"href":"https:\/\/www.p31noticias.com.br\/index.php?rest_route=%2Fwp%2Fv2%2Fcategories&post=49938"},{"taxonomy":"post_tag","embeddable":true,"href":"https:\/\/www.p31noticias.com.br\/index.php?rest_route=%2Fwp%2Fv2%2Ftags&post=49938"}],"curies":[{"name":"wp","href":"https:\/\/api.w.org\/{rel}","templated":true}]}}