{"id":49906,"date":"2024-05-10T03:29:42","date_gmt":"2024-05-10T06:29:42","guid":{"rendered":"https:\/\/p31noticias.com.br\/a-rotina-das-influencers-do-bagulho-encarceradas-no-presidio-feminino\/"},"modified":"2024-05-10T03:29:42","modified_gmt":"2024-05-10T06:29:42","slug":"a-rotina-das-influencers-do-bagulho-encarceradas-no-presidio-feminino","status":"publish","type":"post","link":"https:\/\/www.p31noticias.com.br\/?p=49906","title":{"rendered":"A rotina das influencers do bagulho encarceradas no pres\u00eddio feminino"},"content":{"rendered":"<p>Encarceradas h\u00e1 17 dias no Pres\u00eddio Feminino do Distrito Federal (PFDF), as tr\u00eas influenciadoras digitais presas no \u00e2mbito da Opera\u00e7\u00e3o Refil Verde, da Coordena\u00e7\u00e3o de Repress\u00e3o \u00e0s Drogas (Cord), est\u00e3o adaptadas \u00e0 rotina no sistema penitenci\u00e1rio. Nesta semana, o Minist\u00e9rio P\u00fablico\u00a0 do DF (MPDFT) se manifestou favor\u00e1vel \u00e0 manuten\u00e7\u00e3o das tr\u00eas pris\u00f5es preventivas. Rhaynara Didoff, [\u2026]<\/p>\n<p>O post <a href=\"https:\/\/www.delioandrade.com.br\/a-rotina-das-influencers-do-bagulho-encarceradas-no-presidio-feminino\/\">A rotina das influencers do bagulho encarceradas no pres\u00eddio feminino<\/a> apareceu primeiro em <a href=\"https:\/\/www.delioandrade.com.br\/\">Blog do D\u00c9LIO ANDRADE<\/a>.<\/p>\n","protected":false},"excerpt":{"rendered":"<p>Encarceradas h\u00e1 17 dias no Pres\u00eddio Feminino do Distrito Federal (PFDF), as tr\u00eas influenciadoras digitais presas no \u00e2mbito da Opera\u00e7\u00e3o Refil Verde, da Coordena\u00e7\u00e3o de Repress\u00e3o \u00e0s Drogas (Cord), est\u00e3o adaptadas \u00e0 rotina no sistema penitenci\u00e1rio. Nesta semana, o Minist\u00e9rio P\u00fablico\u00a0 do DF (MPDFT) se manifestou favor\u00e1vel \u00e0 manuten\u00e7\u00e3o das tr\u00eas pris\u00f5es preventivas. Rhaynara Didoff, [&hellip;]<\/p>\n","protected":false},"author":0,"featured_media":0,"comment_status":"open","ping_status":"open","sticky":false,"template":"","format":"standard","meta":{"footnotes":""},"categories":[21],"tags":[],"class_list":{"0":"post-49906","1":"post","2":"type-post","3":"status-publish","4":"format-standard","6":"category-brasilia"},"yoast_head":"<!-- This site is optimized with the Yoast SEO Premium plugin v24.5 (Yoast SEO v27.5) - https:\/\/yoast.com\/product\/yoast-seo-premium-wordpress\/ -->\n<title>A rotina das influencers do bagulho encarceradas no pres\u00eddio feminino - P31<\/title>\n<meta name=\"robots\" content=\"index, follow, max-snippet:-1, max-image-preview:large, max-video-preview:-1\" \/>\n<link rel=\"canonical\" href=\"https:\/\/www.p31noticias.com.br\/?p=49906\" \/>\n<meta property=\"og:locale\" content=\"pt_BR\" \/>\n<meta property=\"og:type\" content=\"article\" \/>\n<meta property=\"og:title\" content=\"A rotina das influencers do bagulho encarceradas no pres\u00eddio feminino\" \/>\n<meta property=\"og:description\" content=\"Encarceradas h\u00e1 17 dias no Pres\u00eddio Feminino do Distrito Federal (PFDF), as tr\u00eas influenciadoras digitais presas no \u00e2mbito da Opera\u00e7\u00e3o Refil Verde, da Coordena\u00e7\u00e3o de Repress\u00e3o \u00e0s Drogas (Cord), est\u00e3o adaptadas \u00e0 rotina no sistema penitenci\u00e1rio. Nesta semana, o Minist\u00e9rio P\u00fablico\u00a0 do DF (MPDFT) se manifestou favor\u00e1vel \u00e0 manuten\u00e7\u00e3o das tr\u00eas pris\u00f5es preventivas. Rhaynara Didoff, [&hellip;]\" \/>\n<meta property=\"og:url\" content=\"https:\/\/www.p31noticias.com.br\/?p=49906\" \/>\n<meta property=\"og:site_name\" content=\"P31\" \/>\n<meta property=\"article:published_time\" content=\"2024-05-10T06:29:42+00:00\" \/>\n<meta name=\"twitter:card\" content=\"summary_large_image\" \/>\n<script type=\"application\/ld+json\" class=\"yoast-schema-graph\">{\"@context\":\"https:\\\/\\\/schema.org\",\"@graph\":[{\"@type\":\"Article\",\"@id\":\"https:\\\/\\\/www.p31noticias.com.br\\\/?p=49906#article\",\"isPartOf\":{\"@id\":\"https:\\\/\\\/www.p31noticias.com.br\\\/?p=49906\"},\"author\":{\"name\":\"\",\"@id\":\"\"},\"headline\":\"A rotina das influencers do bagulho encarceradas no pres\u00eddio feminino\",\"datePublished\":\"2024-05-10T06:29:42+00:00\",\"mainEntityOfPage\":{\"@id\":\"https:\\\/\\\/www.p31noticias.com.br\\\/?p=49906\"},\"wordCount\":97,\"commentCount\":0,\"articleSection\":[\"Bras\u00edlia\"],\"inLanguage\":\"pt-BR\",\"potentialAction\":[{\"@type\":\"CommentAction\",\"name\":\"Comment\",\"target\":[\"https:\\\/\\\/www.p31noticias.com.br\\\/?p=49906#respond\"]}],\"copyrightYear\":\"2024\",\"copyrightHolder\":{\"@id\":\"https:\\\/\\\/www.p31noticias.com.br\\\/#organization\"}},{\"@type\":\"WebPage\",\"@id\":\"https:\\\/\\\/www.p31noticias.com.br\\\/?p=49906\",\"url\":\"https:\\\/\\\/www.p31noticias.com.br\\\/?p=49906\",\"name\":\"A rotina das influencers do bagulho encarceradas no pres\u00eddio feminino - P31\",\"isPartOf\":{\"@id\":\"https:\\\/\\\/www.p31noticias.com.br\\\/#website\"},\"datePublished\":\"2024-05-10T06:29:42+00:00\",\"author\":{\"@id\":\"\"},\"breadcrumb\":{\"@id\":\"https:\\\/\\\/www.p31noticias.com.br\\\/?p=49906#breadcrumb\"},\"inLanguage\":\"pt-BR\",\"potentialAction\":[{\"@type\":\"ReadAction\",\"target\":[\"https:\\\/\\\/www.p31noticias.com.br\\\/?p=49906\"]}]},{\"@type\":\"BreadcrumbList\",\"@id\":\"https:\\\/\\\/www.p31noticias.com.br\\\/?p=49906#breadcrumb\",\"itemListElement\":[{\"@type\":\"ListItem\",\"position\":1,\"name\":\"In\u00edcio\",\"item\":\"https:\\\/\\\/www.p31noticias.com.br\\\/\"},{\"@type\":\"ListItem\",\"position\":2,\"name\":\"A rotina das influencers do bagulho encarceradas no pres\u00eddio feminino\"}]},{\"@type\":\"WebSite\",\"@id\":\"https:\\\/\\\/www.p31noticias.com.br\\\/#website\",\"url\":\"https:\\\/\\\/www.p31noticias.com.br\\\/\",\"name\":\"P31\",\"description\":\"NOT\u00cdCIAS\",\"potentialAction\":[{\"@type\":\"SearchAction\",\"target\":{\"@type\":\"EntryPoint\",\"urlTemplate\":\"https:\\\/\\\/www.p31noticias.com.br\\\/?s={search_term_string}\"},\"query-input\":{\"@type\":\"PropertyValueSpecification\",\"valueRequired\":true,\"valueName\":\"search_term_string\"}}],\"inLanguage\":\"pt-BR\"}]}<\/script>\n<!-- \/ Yoast SEO Premium plugin. -->","yoast_head_json":{"title":"A rotina das influencers do bagulho encarceradas no pres\u00eddio feminino - P31","robots":{"index":"index","follow":"follow","max-snippet":"max-snippet:-1","max-image-preview":"max-image-preview:large","max-video-preview":"max-video-preview:-1"},"canonical":"https:\/\/www.p31noticias.com.br\/?p=49906","og_locale":"pt_BR","og_type":"article","og_title":"A rotina das influencers do bagulho encarceradas no pres\u00eddio feminino","og_description":"Encarceradas h\u00e1 17 dias no Pres\u00eddio Feminino do Distrito Federal (PFDF), as tr\u00eas influenciadoras digitais presas no \u00e2mbito da Opera\u00e7\u00e3o Refil Verde, da Coordena\u00e7\u00e3o de Repress\u00e3o \u00e0s Drogas (Cord), est\u00e3o adaptadas \u00e0 rotina no sistema penitenci\u00e1rio. Nesta semana, o Minist\u00e9rio P\u00fablico\u00a0 do DF (MPDFT) se manifestou favor\u00e1vel \u00e0 manuten\u00e7\u00e3o das tr\u00eas pris\u00f5es preventivas. Rhaynara Didoff, [&hellip;]","og_url":"https:\/\/www.p31noticias.com.br\/?p=49906","og_site_name":"P31","article_published_time":"2024-05-10T06:29:42+00:00","twitter_card":"summary_large_image","schema":{"@context":"https:\/\/schema.org","@graph":[{"@type":"Article","@id":"https:\/\/www.p31noticias.com.br\/?p=49906#article","isPartOf":{"@id":"https:\/\/www.p31noticias.com.br\/?p=49906"},"author":{"name":"","@id":""},"headline":"A rotina das influencers do bagulho encarceradas no pres\u00eddio feminino","datePublished":"2024-05-10T06:29:42+00:00","mainEntityOfPage":{"@id":"https:\/\/www.p31noticias.com.br\/?p=49906"},"wordCount":97,"commentCount":0,"articleSection":["Bras\u00edlia"],"inLanguage":"pt-BR","potentialAction":[{"@type":"CommentAction","name":"Comment","target":["https:\/\/www.p31noticias.com.br\/?p=49906#respond"]}],"copyrightYear":"2024","copyrightHolder":{"@id":"https:\/\/www.p31noticias.com.br\/#organization"}},{"@type":"WebPage","@id":"https:\/\/www.p31noticias.com.br\/?p=49906","url":"https:\/\/www.p31noticias.com.br\/?p=49906","name":"A rotina das influencers do bagulho encarceradas no pres\u00eddio feminino - P31","isPartOf":{"@id":"https:\/\/www.p31noticias.com.br\/#website"},"datePublished":"2024-05-10T06:29:42+00:00","author":{"@id":""},"breadcrumb":{"@id":"https:\/\/www.p31noticias.com.br\/?p=49906#breadcrumb"},"inLanguage":"pt-BR","potentialAction":[{"@type":"ReadAction","target":["https:\/\/www.p31noticias.com.br\/?p=49906"]}]},{"@type":"BreadcrumbList","@id":"https:\/\/www.p31noticias.com.br\/?p=49906#breadcrumb","itemListElement":[{"@type":"ListItem","position":1,"name":"In\u00edcio","item":"https:\/\/www.p31noticias.com.br\/"},{"@type":"ListItem","position":2,"name":"A rotina das influencers do bagulho encarceradas no pres\u00eddio feminino"}]},{"@type":"WebSite","@id":"https:\/\/www.p31noticias.com.br\/#website","url":"https:\/\/www.p31noticias.com.br\/","name":"P31","description":"NOT\u00cdCIAS","potentialAction":[{"@type":"SearchAction","target":{"@type":"EntryPoint","urlTemplate":"https:\/\/www.p31noticias.com.br\/?s={search_term_string}"},"query-input":{"@type":"PropertyValueSpecification","valueRequired":true,"valueName":"search_term_string"}}],"inLanguage":"pt-BR"}]}},"amp_enabled":true,"_links":{"self":[{"href":"https:\/\/www.p31noticias.com.br\/index.php?rest_route=\/wp\/v2\/posts\/49906","targetHints":{"allow":["GET"]}}],"collection":[{"href":"https:\/\/www.p31noticias.com.br\/index.php?rest_route=\/wp\/v2\/posts"}],"about":[{"href":"https:\/\/www.p31noticias.com.br\/index.php?rest_route=\/wp\/v2\/types\/post"}],"replies":[{"embeddable":true,"href":"https:\/\/www.p31noticias.com.br\/index.php?rest_route=%2Fwp%2Fv2%2Fcomments&post=49906"}],"version-history":[{"count":0,"href":"https:\/\/www.p31noticias.com.br\/index.php?rest_route=\/wp\/v2\/posts\/49906\/revisions"}],"wp:attachment":[{"href":"https:\/\/www.p31noticias.com.br\/index.php?rest_route=%2Fwp%2Fv2%2Fmedia&parent=49906"}],"wp:term":[{"taxonomy":"category","embeddable":true,"href":"https:\/\/www.p31noticias.com.br\/index.php?rest_route=%2Fwp%2Fv2%2Fcategories&post=49906"},{"taxonomy":"post_tag","embeddable":true,"href":"https:\/\/www.p31noticias.com.br\/index.php?rest_route=%2Fwp%2Fv2%2Ftags&post=49906"}],"curies":[{"name":"wp","href":"https:\/\/api.w.org\/{rel}","templated":true}]}}