{"id":49899,"date":"2024-05-09T22:30:41","date_gmt":"2024-05-10T01:30:41","guid":{"rendered":"https:\/\/p31noticias.com.br\/inaugurada-nova-cantina-da-escola-classe-06-do-guara-2\/"},"modified":"2024-05-09T22:30:41","modified_gmt":"2024-05-10T01:30:41","slug":"inaugurada-nova-cantina-da-escola-classe-06-do-guara-2","status":"publish","type":"post","link":"https:\/\/www.p31noticias.com.br\/?p=49899","title":{"rendered":"Inaugurada nova cantina  da Escola Classe 06 do Guar\u00e1"},"content":{"rendered":"<p>A tarde desta segunda-feira (6) marcou um evento significativo na Escola Classe 06 do Guar\u00e1: a inaugura\u00e7\u00e3o da nova cantina, onde a merenda dos estudantes ser\u00e1 preparada a partir de agora. A abertura do espa\u00e7o foi celebrada em uma cerim\u00f4nia no p\u00e1tio da escola, com a participa\u00e7\u00e3o dos estudantes, da Coordena\u00e7\u00e3o Pedag\u00f3gica da institui\u00e7\u00e3o e [\u2026]<\/p>\n<p>O post <a href=\"https:\/\/www.delioandrade.com.br\/inaugurada-nova-cantina-da-escola-classe-06-do-guara-2\/\">Inaugurada nova cantina  da Escola Classe 06 do Guar\u00e1<\/a> apareceu primeiro em <a href=\"https:\/\/www.delioandrade.com.br\/\">Blog do D\u00c9LIO ANDRADE<\/a>.<\/p>\n","protected":false},"excerpt":{"rendered":"<p>A tarde desta segunda-feira (6) marcou um evento significativo na Escola Classe 06 do Guar\u00e1: a inaugura\u00e7\u00e3o da nova cantina, onde a merenda dos estudantes ser\u00e1 preparada a partir de agora. A abertura do espa\u00e7o foi celebrada em uma cerim\u00f4nia no p\u00e1tio da escola, com a participa\u00e7\u00e3o dos estudantes, da Coordena\u00e7\u00e3o Pedag\u00f3gica da institui\u00e7\u00e3o e [&hellip;]<\/p>\n","protected":false},"author":0,"featured_media":0,"comment_status":"open","ping_status":"open","sticky":false,"template":"","format":"standard","meta":{"footnotes":""},"categories":[21],"tags":[],"class_list":{"0":"post-49899","1":"post","2":"type-post","3":"status-publish","4":"format-standard","6":"category-brasilia"},"yoast_head":"<!-- This site is optimized with the Yoast SEO Premium plugin v24.5 (Yoast SEO v27.5) - https:\/\/yoast.com\/product\/yoast-seo-premium-wordpress\/ -->\n<title>Inaugurada nova cantina da Escola Classe 06 do Guar\u00e1 - P31<\/title>\n<meta name=\"robots\" content=\"index, follow, max-snippet:-1, max-image-preview:large, max-video-preview:-1\" \/>\n<link rel=\"canonical\" href=\"https:\/\/www.p31noticias.com.br\/?p=49899\" \/>\n<meta property=\"og:locale\" content=\"pt_BR\" \/>\n<meta property=\"og:type\" content=\"article\" \/>\n<meta property=\"og:title\" content=\"Inaugurada nova cantina da Escola Classe 06 do Guar\u00e1\" \/>\n<meta property=\"og:description\" content=\"A tarde desta segunda-feira (6) marcou um evento significativo na Escola Classe 06 do Guar\u00e1: a inaugura\u00e7\u00e3o da nova cantina, onde a merenda dos estudantes ser\u00e1 preparada a partir de agora. A abertura do espa\u00e7o foi celebrada em uma cerim\u00f4nia no p\u00e1tio da escola, com a participa\u00e7\u00e3o dos estudantes, da Coordena\u00e7\u00e3o Pedag\u00f3gica da institui\u00e7\u00e3o e [&hellip;]\" \/>\n<meta property=\"og:url\" content=\"https:\/\/www.p31noticias.com.br\/?p=49899\" \/>\n<meta property=\"og:site_name\" content=\"P31\" \/>\n<meta property=\"article:published_time\" content=\"2024-05-10T01:30:41+00:00\" \/>\n<meta name=\"twitter:card\" content=\"summary_large_image\" \/>\n<script type=\"application\/ld+json\" class=\"yoast-schema-graph\">{\"@context\":\"https:\\\/\\\/schema.org\",\"@graph\":[{\"@type\":\"Article\",\"@id\":\"https:\\\/\\\/www.p31noticias.com.br\\\/?p=49899#article\",\"isPartOf\":{\"@id\":\"https:\\\/\\\/www.p31noticias.com.br\\\/?p=49899\"},\"author\":{\"name\":\"\",\"@id\":\"\"},\"headline\":\"Inaugurada nova cantina da Escola Classe 06 do Guar\u00e1\",\"datePublished\":\"2024-05-10T01:30:41+00:00\",\"mainEntityOfPage\":{\"@id\":\"https:\\\/\\\/www.p31noticias.com.br\\\/?p=49899\"},\"wordCount\":87,\"commentCount\":0,\"articleSection\":[\"Bras\u00edlia\"],\"inLanguage\":\"pt-BR\",\"potentialAction\":[{\"@type\":\"CommentAction\",\"name\":\"Comment\",\"target\":[\"https:\\\/\\\/www.p31noticias.com.br\\\/?p=49899#respond\"]}],\"copyrightYear\":\"2024\",\"copyrightHolder\":{\"@id\":\"https:\\\/\\\/www.p31noticias.com.br\\\/#organization\"}},{\"@type\":\"WebPage\",\"@id\":\"https:\\\/\\\/www.p31noticias.com.br\\\/?p=49899\",\"url\":\"https:\\\/\\\/www.p31noticias.com.br\\\/?p=49899\",\"name\":\"Inaugurada nova cantina da Escola Classe 06 do Guar\u00e1 - P31\",\"isPartOf\":{\"@id\":\"https:\\\/\\\/www.p31noticias.com.br\\\/#website\"},\"datePublished\":\"2024-05-10T01:30:41+00:00\",\"author\":{\"@id\":\"\"},\"breadcrumb\":{\"@id\":\"https:\\\/\\\/www.p31noticias.com.br\\\/?p=49899#breadcrumb\"},\"inLanguage\":\"pt-BR\",\"potentialAction\":[{\"@type\":\"ReadAction\",\"target\":[\"https:\\\/\\\/www.p31noticias.com.br\\\/?p=49899\"]}]},{\"@type\":\"BreadcrumbList\",\"@id\":\"https:\\\/\\\/www.p31noticias.com.br\\\/?p=49899#breadcrumb\",\"itemListElement\":[{\"@type\":\"ListItem\",\"position\":1,\"name\":\"In\u00edcio\",\"item\":\"https:\\\/\\\/www.p31noticias.com.br\\\/\"},{\"@type\":\"ListItem\",\"position\":2,\"name\":\"Inaugurada nova cantina da Escola Classe 06 do Guar\u00e1\"}]},{\"@type\":\"WebSite\",\"@id\":\"https:\\\/\\\/www.p31noticias.com.br\\\/#website\",\"url\":\"https:\\\/\\\/www.p31noticias.com.br\\\/\",\"name\":\"P31\",\"description\":\"NOT\u00cdCIAS\",\"potentialAction\":[{\"@type\":\"SearchAction\",\"target\":{\"@type\":\"EntryPoint\",\"urlTemplate\":\"https:\\\/\\\/www.p31noticias.com.br\\\/?s={search_term_string}\"},\"query-input\":{\"@type\":\"PropertyValueSpecification\",\"valueRequired\":true,\"valueName\":\"search_term_string\"}}],\"inLanguage\":\"pt-BR\"}]}<\/script>\n<!-- \/ Yoast SEO Premium plugin. -->","yoast_head_json":{"title":"Inaugurada nova cantina da Escola Classe 06 do Guar\u00e1 - P31","robots":{"index":"index","follow":"follow","max-snippet":"max-snippet:-1","max-image-preview":"max-image-preview:large","max-video-preview":"max-video-preview:-1"},"canonical":"https:\/\/www.p31noticias.com.br\/?p=49899","og_locale":"pt_BR","og_type":"article","og_title":"Inaugurada nova cantina da Escola Classe 06 do Guar\u00e1","og_description":"A tarde desta segunda-feira (6) marcou um evento significativo na Escola Classe 06 do Guar\u00e1: a inaugura\u00e7\u00e3o da nova cantina, onde a merenda dos estudantes ser\u00e1 preparada a partir de agora. A abertura do espa\u00e7o foi celebrada em uma cerim\u00f4nia no p\u00e1tio da escola, com a participa\u00e7\u00e3o dos estudantes, da Coordena\u00e7\u00e3o Pedag\u00f3gica da institui\u00e7\u00e3o e [&hellip;]","og_url":"https:\/\/www.p31noticias.com.br\/?p=49899","og_site_name":"P31","article_published_time":"2024-05-10T01:30:41+00:00","twitter_card":"summary_large_image","schema":{"@context":"https:\/\/schema.org","@graph":[{"@type":"Article","@id":"https:\/\/www.p31noticias.com.br\/?p=49899#article","isPartOf":{"@id":"https:\/\/www.p31noticias.com.br\/?p=49899"},"author":{"name":"","@id":""},"headline":"Inaugurada nova cantina da Escola Classe 06 do Guar\u00e1","datePublished":"2024-05-10T01:30:41+00:00","mainEntityOfPage":{"@id":"https:\/\/www.p31noticias.com.br\/?p=49899"},"wordCount":87,"commentCount":0,"articleSection":["Bras\u00edlia"],"inLanguage":"pt-BR","potentialAction":[{"@type":"CommentAction","name":"Comment","target":["https:\/\/www.p31noticias.com.br\/?p=49899#respond"]}],"copyrightYear":"2024","copyrightHolder":{"@id":"https:\/\/www.p31noticias.com.br\/#organization"}},{"@type":"WebPage","@id":"https:\/\/www.p31noticias.com.br\/?p=49899","url":"https:\/\/www.p31noticias.com.br\/?p=49899","name":"Inaugurada nova cantina da Escola Classe 06 do Guar\u00e1 - P31","isPartOf":{"@id":"https:\/\/www.p31noticias.com.br\/#website"},"datePublished":"2024-05-10T01:30:41+00:00","author":{"@id":""},"breadcrumb":{"@id":"https:\/\/www.p31noticias.com.br\/?p=49899#breadcrumb"},"inLanguage":"pt-BR","potentialAction":[{"@type":"ReadAction","target":["https:\/\/www.p31noticias.com.br\/?p=49899"]}]},{"@type":"BreadcrumbList","@id":"https:\/\/www.p31noticias.com.br\/?p=49899#breadcrumb","itemListElement":[{"@type":"ListItem","position":1,"name":"In\u00edcio","item":"https:\/\/www.p31noticias.com.br\/"},{"@type":"ListItem","position":2,"name":"Inaugurada nova cantina da Escola Classe 06 do Guar\u00e1"}]},{"@type":"WebSite","@id":"https:\/\/www.p31noticias.com.br\/#website","url":"https:\/\/www.p31noticias.com.br\/","name":"P31","description":"NOT\u00cdCIAS","potentialAction":[{"@type":"SearchAction","target":{"@type":"EntryPoint","urlTemplate":"https:\/\/www.p31noticias.com.br\/?s={search_term_string}"},"query-input":{"@type":"PropertyValueSpecification","valueRequired":true,"valueName":"search_term_string"}}],"inLanguage":"pt-BR"}]}},"amp_enabled":true,"_links":{"self":[{"href":"https:\/\/www.p31noticias.com.br\/index.php?rest_route=\/wp\/v2\/posts\/49899","targetHints":{"allow":["GET"]}}],"collection":[{"href":"https:\/\/www.p31noticias.com.br\/index.php?rest_route=\/wp\/v2\/posts"}],"about":[{"href":"https:\/\/www.p31noticias.com.br\/index.php?rest_route=\/wp\/v2\/types\/post"}],"replies":[{"embeddable":true,"href":"https:\/\/www.p31noticias.com.br\/index.php?rest_route=%2Fwp%2Fv2%2Fcomments&post=49899"}],"version-history":[{"count":0,"href":"https:\/\/www.p31noticias.com.br\/index.php?rest_route=\/wp\/v2\/posts\/49899\/revisions"}],"wp:attachment":[{"href":"https:\/\/www.p31noticias.com.br\/index.php?rest_route=%2Fwp%2Fv2%2Fmedia&parent=49899"}],"wp:term":[{"taxonomy":"category","embeddable":true,"href":"https:\/\/www.p31noticias.com.br\/index.php?rest_route=%2Fwp%2Fv2%2Fcategories&post=49899"},{"taxonomy":"post_tag","embeddable":true,"href":"https:\/\/www.p31noticias.com.br\/index.php?rest_route=%2Fwp%2Fv2%2Ftags&post=49899"}],"curies":[{"name":"wp","href":"https:\/\/api.w.org\/{rel}","templated":true}]}}