{"id":49350,"date":"2024-05-06T11:29:48","date_gmt":"2024-05-06T14:29:48","guid":{"rendered":"https:\/\/p31noticias.com.br\/equipes-da-pmdf-levam-medicos-a-regioes-alagadas-no-rio-grande-do-sul\/"},"modified":"2024-05-06T11:29:48","modified_gmt":"2024-05-06T14:29:48","slug":"equipes-da-pmdf-levam-medicos-a-regioes-alagadas-no-rio-grande-do-sul","status":"publish","type":"post","link":"https:\/\/www.p31noticias.com.br\/?p=49350","title":{"rendered":"Equipes da PMDF levam m\u00e9dicos a regi\u00f5es alagadas no Rio Grande do Sul"},"content":{"rendered":"<p>Integrantes do Batalh\u00e3o de Avia\u00e7\u00e3o Operacional (Bavop) da Pol\u00edcia Militar do Distrito Federal (PMDF) t\u00eam auxiliado no resgate de v\u00edtimas no Rio Grande do Sul. Nos \u00faltimos dias, as equipes da capital do pa\u00eds transportaram idosos, beb\u00eas e m\u00e9dicos, que prestam atendimento nas regi\u00f5es mais afetadas do estado. O helic\u00f3ptero F\u00eanix 1 decolou \u00e0s 13h [\u2026]<\/p>\n<p>O post <a href=\"https:\/\/www.delioandrade.com.br\/equipes-da-pmdf-levam-medicos-a-regioes-alagadas-no-rio-grande-do-sul\/\">Equipes da PMDF levam m\u00e9dicos a regi\u00f5es alagadas no Rio Grande do Sul<\/a> apareceu primeiro em <a href=\"https:\/\/www.delioandrade.com.br\/\">Blog do D\u00c9LIO ANDRADE<\/a>.<\/p>\n","protected":false},"excerpt":{"rendered":"<p>Integrantes do Batalh\u00e3o de Avia\u00e7\u00e3o Operacional (Bavop) da Pol\u00edcia Militar do Distrito Federal (PMDF) t\u00eam auxiliado no resgate de v\u00edtimas no Rio Grande do Sul. Nos \u00faltimos dias, as equipes da capital do pa\u00eds transportaram idosos, beb\u00eas e m\u00e9dicos, que prestam atendimento nas regi\u00f5es mais afetadas do estado. O helic\u00f3ptero F\u00eanix 1 decolou \u00e0s 13h [&hellip;]<\/p>\n","protected":false},"author":0,"featured_media":49351,"comment_status":"open","ping_status":"open","sticky":false,"template":"","format":"standard","meta":{"footnotes":""},"categories":[21],"tags":[],"class_list":{"0":"post-49350","1":"post","2":"type-post","3":"status-publish","4":"format-standard","5":"has-post-thumbnail","7":"category-brasilia"},"yoast_head":"<!-- This site is optimized with the Yoast SEO Premium plugin v24.5 (Yoast SEO v27.5) - https:\/\/yoast.com\/product\/yoast-seo-premium-wordpress\/ -->\n<title>Equipes da PMDF levam m\u00e9dicos a regi\u00f5es alagadas no Rio Grande do Sul - P31<\/title>\n<meta name=\"robots\" content=\"index, follow, max-snippet:-1, max-image-preview:large, max-video-preview:-1\" \/>\n<link rel=\"canonical\" href=\"https:\/\/www.p31noticias.com.br\/?p=49350\" \/>\n<meta property=\"og:locale\" content=\"pt_BR\" \/>\n<meta property=\"og:type\" content=\"article\" \/>\n<meta property=\"og:title\" content=\"Equipes da PMDF levam m\u00e9dicos a regi\u00f5es alagadas no Rio Grande do Sul\" \/>\n<meta property=\"og:description\" content=\"Integrantes do Batalh\u00e3o de Avia\u00e7\u00e3o Operacional (Bavop) da Pol\u00edcia Militar do Distrito Federal (PMDF) t\u00eam auxiliado no resgate de v\u00edtimas no Rio Grande do Sul. Nos \u00faltimos dias, as equipes da capital do pa\u00eds transportaram idosos, beb\u00eas e m\u00e9dicos, que prestam atendimento nas regi\u00f5es mais afetadas do estado. O helic\u00f3ptero F\u00eanix 1 decolou \u00e0s 13h [&hellip;]\" \/>\n<meta property=\"og:url\" content=\"https:\/\/www.p31noticias.com.br\/?p=49350\" \/>\n<meta property=\"og:site_name\" content=\"P31\" \/>\n<meta property=\"article:published_time\" content=\"2024-05-06T14:29:48+00:00\" \/>\n<meta property=\"og:image\" content=\"https:\/\/www.p31noticias.com.br\/wp-content\/uploads\/2024\/05\/Chuvas-no-Rio-grande-do-Sul-2024-10-zG35yU-150x150-CfeJ58.jpeg\" \/>\n\t<meta property=\"og:image:width\" content=\"150\" \/>\n\t<meta property=\"og:image:height\" content=\"150\" \/>\n\t<meta property=\"og:image:type\" content=\"image\/jpeg\" \/>\n<meta name=\"twitter:card\" content=\"summary_large_image\" \/>\n<script type=\"application\/ld+json\" class=\"yoast-schema-graph\">{\"@context\":\"https:\\\/\\\/schema.org\",\"@graph\":[{\"@type\":\"Article\",\"@id\":\"https:\\\/\\\/www.p31noticias.com.br\\\/?p=49350#article\",\"isPartOf\":{\"@id\":\"https:\\\/\\\/www.p31noticias.com.br\\\/?p=49350\"},\"author\":{\"name\":\"\",\"@id\":\"\"},\"headline\":\"Equipes da PMDF levam m\u00e9dicos a regi\u00f5es alagadas no Rio Grande do Sul\",\"datePublished\":\"2024-05-06T14:29:48+00:00\",\"mainEntityOfPage\":{\"@id\":\"https:\\\/\\\/www.p31noticias.com.br\\\/?p=49350\"},\"wordCount\":105,\"commentCount\":0,\"image\":{\"@id\":\"https:\\\/\\\/www.p31noticias.com.br\\\/?p=49350#primaryimage\"},\"thumbnailUrl\":\"https:\\\/\\\/www.p31noticias.com.br\\\/wp-content\\\/uploads\\\/2024\\\/05\\\/Chuvas-no-Rio-grande-do-Sul-2024-10-zG35yU-150x150-CfeJ58.jpeg\",\"articleSection\":[\"Bras\u00edlia\"],\"inLanguage\":\"pt-BR\",\"potentialAction\":[{\"@type\":\"CommentAction\",\"name\":\"Comment\",\"target\":[\"https:\\\/\\\/www.p31noticias.com.br\\\/?p=49350#respond\"]}],\"copyrightYear\":\"2024\",\"copyrightHolder\":{\"@id\":\"https:\\\/\\\/www.p31noticias.com.br\\\/#organization\"}},{\"@type\":\"WebPage\",\"@id\":\"https:\\\/\\\/www.p31noticias.com.br\\\/?p=49350\",\"url\":\"https:\\\/\\\/www.p31noticias.com.br\\\/?p=49350\",\"name\":\"Equipes da PMDF levam m\u00e9dicos a regi\u00f5es alagadas no Rio Grande do Sul - P31\",\"isPartOf\":{\"@id\":\"https:\\\/\\\/www.p31noticias.com.br\\\/#website\"},\"primaryImageOfPage\":{\"@id\":\"https:\\\/\\\/www.p31noticias.com.br\\\/?p=49350#primaryimage\"},\"image\":{\"@id\":\"https:\\\/\\\/www.p31noticias.com.br\\\/?p=49350#primaryimage\"},\"thumbnailUrl\":\"https:\\\/\\\/www.p31noticias.com.br\\\/wp-content\\\/uploads\\\/2024\\\/05\\\/Chuvas-no-Rio-grande-do-Sul-2024-10-zG35yU-150x150-CfeJ58.jpeg\",\"datePublished\":\"2024-05-06T14:29:48+00:00\",\"author\":{\"@id\":\"\"},\"breadcrumb\":{\"@id\":\"https:\\\/\\\/www.p31noticias.com.br\\\/?p=49350#breadcrumb\"},\"inLanguage\":\"pt-BR\",\"potentialAction\":[{\"@type\":\"ReadAction\",\"target\":[\"https:\\\/\\\/www.p31noticias.com.br\\\/?p=49350\"]}]},{\"@type\":\"ImageObject\",\"inLanguage\":\"pt-BR\",\"@id\":\"https:\\\/\\\/www.p31noticias.com.br\\\/?p=49350#primaryimage\",\"url\":\"https:\\\/\\\/www.p31noticias.com.br\\\/wp-content\\\/uploads\\\/2024\\\/05\\\/Chuvas-no-Rio-grande-do-Sul-2024-10-zG35yU-150x150-CfeJ58.jpeg\",\"contentUrl\":\"https:\\\/\\\/www.p31noticias.com.br\\\/wp-content\\\/uploads\\\/2024\\\/05\\\/Chuvas-no-Rio-grande-do-Sul-2024-10-zG35yU-150x150-CfeJ58.jpeg\",\"width\":150,\"height\":150},{\"@type\":\"BreadcrumbList\",\"@id\":\"https:\\\/\\\/www.p31noticias.com.br\\\/?p=49350#breadcrumb\",\"itemListElement\":[{\"@type\":\"ListItem\",\"position\":1,\"name\":\"In\u00edcio\",\"item\":\"https:\\\/\\\/www.p31noticias.com.br\\\/\"},{\"@type\":\"ListItem\",\"position\":2,\"name\":\"Equipes da PMDF levam m\u00e9dicos a regi\u00f5es alagadas no Rio Grande do Sul\"}]},{\"@type\":\"WebSite\",\"@id\":\"https:\\\/\\\/www.p31noticias.com.br\\\/#website\",\"url\":\"https:\\\/\\\/www.p31noticias.com.br\\\/\",\"name\":\"P31\",\"description\":\"NOT\u00cdCIAS\",\"potentialAction\":[{\"@type\":\"SearchAction\",\"target\":{\"@type\":\"EntryPoint\",\"urlTemplate\":\"https:\\\/\\\/www.p31noticias.com.br\\\/?s={search_term_string}\"},\"query-input\":{\"@type\":\"PropertyValueSpecification\",\"valueRequired\":true,\"valueName\":\"search_term_string\"}}],\"inLanguage\":\"pt-BR\"}]}<\/script>\n<!-- \/ Yoast SEO Premium plugin. -->","yoast_head_json":{"title":"Equipes da PMDF levam m\u00e9dicos a regi\u00f5es alagadas no Rio Grande do Sul - P31","robots":{"index":"index","follow":"follow","max-snippet":"max-snippet:-1","max-image-preview":"max-image-preview:large","max-video-preview":"max-video-preview:-1"},"canonical":"https:\/\/www.p31noticias.com.br\/?p=49350","og_locale":"pt_BR","og_type":"article","og_title":"Equipes da PMDF levam m\u00e9dicos a regi\u00f5es alagadas no Rio Grande do Sul","og_description":"Integrantes do Batalh\u00e3o de Avia\u00e7\u00e3o Operacional (Bavop) da Pol\u00edcia Militar do Distrito Federal (PMDF) t\u00eam auxiliado no resgate de v\u00edtimas no Rio Grande do Sul. Nos \u00faltimos dias, as equipes da capital do pa\u00eds transportaram idosos, beb\u00eas e m\u00e9dicos, que prestam atendimento nas regi\u00f5es mais afetadas do estado. O helic\u00f3ptero F\u00eanix 1 decolou \u00e0s 13h [&hellip;]","og_url":"https:\/\/www.p31noticias.com.br\/?p=49350","og_site_name":"P31","article_published_time":"2024-05-06T14:29:48+00:00","og_image":[{"width":150,"height":150,"url":"https:\/\/www.p31noticias.com.br\/wp-content\/uploads\/2024\/05\/Chuvas-no-Rio-grande-do-Sul-2024-10-zG35yU-150x150-CfeJ58.jpeg","type":"image\/jpeg"}],"twitter_card":"summary_large_image","schema":{"@context":"https:\/\/schema.org","@graph":[{"@type":"Article","@id":"https:\/\/www.p31noticias.com.br\/?p=49350#article","isPartOf":{"@id":"https:\/\/www.p31noticias.com.br\/?p=49350"},"author":{"name":"","@id":""},"headline":"Equipes da PMDF levam m\u00e9dicos a regi\u00f5es alagadas no Rio Grande do Sul","datePublished":"2024-05-06T14:29:48+00:00","mainEntityOfPage":{"@id":"https:\/\/www.p31noticias.com.br\/?p=49350"},"wordCount":105,"commentCount":0,"image":{"@id":"https:\/\/www.p31noticias.com.br\/?p=49350#primaryimage"},"thumbnailUrl":"https:\/\/www.p31noticias.com.br\/wp-content\/uploads\/2024\/05\/Chuvas-no-Rio-grande-do-Sul-2024-10-zG35yU-150x150-CfeJ58.jpeg","articleSection":["Bras\u00edlia"],"inLanguage":"pt-BR","potentialAction":[{"@type":"CommentAction","name":"Comment","target":["https:\/\/www.p31noticias.com.br\/?p=49350#respond"]}],"copyrightYear":"2024","copyrightHolder":{"@id":"https:\/\/www.p31noticias.com.br\/#organization"}},{"@type":"WebPage","@id":"https:\/\/www.p31noticias.com.br\/?p=49350","url":"https:\/\/www.p31noticias.com.br\/?p=49350","name":"Equipes da PMDF levam m\u00e9dicos a regi\u00f5es alagadas no Rio Grande do Sul - P31","isPartOf":{"@id":"https:\/\/www.p31noticias.com.br\/#website"},"primaryImageOfPage":{"@id":"https:\/\/www.p31noticias.com.br\/?p=49350#primaryimage"},"image":{"@id":"https:\/\/www.p31noticias.com.br\/?p=49350#primaryimage"},"thumbnailUrl":"https:\/\/www.p31noticias.com.br\/wp-content\/uploads\/2024\/05\/Chuvas-no-Rio-grande-do-Sul-2024-10-zG35yU-150x150-CfeJ58.jpeg","datePublished":"2024-05-06T14:29:48+00:00","author":{"@id":""},"breadcrumb":{"@id":"https:\/\/www.p31noticias.com.br\/?p=49350#breadcrumb"},"inLanguage":"pt-BR","potentialAction":[{"@type":"ReadAction","target":["https:\/\/www.p31noticias.com.br\/?p=49350"]}]},{"@type":"ImageObject","inLanguage":"pt-BR","@id":"https:\/\/www.p31noticias.com.br\/?p=49350#primaryimage","url":"https:\/\/www.p31noticias.com.br\/wp-content\/uploads\/2024\/05\/Chuvas-no-Rio-grande-do-Sul-2024-10-zG35yU-150x150-CfeJ58.jpeg","contentUrl":"https:\/\/www.p31noticias.com.br\/wp-content\/uploads\/2024\/05\/Chuvas-no-Rio-grande-do-Sul-2024-10-zG35yU-150x150-CfeJ58.jpeg","width":150,"height":150},{"@type":"BreadcrumbList","@id":"https:\/\/www.p31noticias.com.br\/?p=49350#breadcrumb","itemListElement":[{"@type":"ListItem","position":1,"name":"In\u00edcio","item":"https:\/\/www.p31noticias.com.br\/"},{"@type":"ListItem","position":2,"name":"Equipes da PMDF levam m\u00e9dicos a regi\u00f5es alagadas no Rio Grande do Sul"}]},{"@type":"WebSite","@id":"https:\/\/www.p31noticias.com.br\/#website","url":"https:\/\/www.p31noticias.com.br\/","name":"P31","description":"NOT\u00cdCIAS","potentialAction":[{"@type":"SearchAction","target":{"@type":"EntryPoint","urlTemplate":"https:\/\/www.p31noticias.com.br\/?s={search_term_string}"},"query-input":{"@type":"PropertyValueSpecification","valueRequired":true,"valueName":"search_term_string"}}],"inLanguage":"pt-BR"}]}},"amp_enabled":true,"_links":{"self":[{"href":"https:\/\/www.p31noticias.com.br\/index.php?rest_route=\/wp\/v2\/posts\/49350","targetHints":{"allow":["GET"]}}],"collection":[{"href":"https:\/\/www.p31noticias.com.br\/index.php?rest_route=\/wp\/v2\/posts"}],"about":[{"href":"https:\/\/www.p31noticias.com.br\/index.php?rest_route=\/wp\/v2\/types\/post"}],"replies":[{"embeddable":true,"href":"https:\/\/www.p31noticias.com.br\/index.php?rest_route=%2Fwp%2Fv2%2Fcomments&post=49350"}],"version-history":[{"count":0,"href":"https:\/\/www.p31noticias.com.br\/index.php?rest_route=\/wp\/v2\/posts\/49350\/revisions"}],"wp:featuredmedia":[{"embeddable":true,"href":"https:\/\/www.p31noticias.com.br\/index.php?rest_route=\/wp\/v2\/media\/49351"}],"wp:attachment":[{"href":"https:\/\/www.p31noticias.com.br\/index.php?rest_route=%2Fwp%2Fv2%2Fmedia&parent=49350"}],"wp:term":[{"taxonomy":"category","embeddable":true,"href":"https:\/\/www.p31noticias.com.br\/index.php?rest_route=%2Fwp%2Fv2%2Fcategories&post=49350"},{"taxonomy":"post_tag","embeddable":true,"href":"https:\/\/www.p31noticias.com.br\/index.php?rest_route=%2Fwp%2Fv2%2Ftags&post=49350"}],"curies":[{"name":"wp","href":"https:\/\/api.w.org\/{rel}","templated":true}]}}