{"id":49315,"date":"2024-05-05T17:31:15","date_gmt":"2024-05-05T20:31:15","guid":{"rendered":"https:\/\/p31noticias.com.br\/hospital-da-crianca-registra-90-de-cura-em-criancas-com-tumores-de-wilms\/"},"modified":"2024-05-05T17:31:15","modified_gmt":"2024-05-05T20:31:15","slug":"hospital-da-crianca-registra-90-de-cura-em-criancas-com-tumores-de-wilms","status":"publish","type":"post","link":"https:\/\/www.p31noticias.com.br\/?p=49315","title":{"rendered":"Hospital da Crian\u00e7a registra 90% de cura em crian\u00e7as com tumores de Wilms"},"content":{"rendered":"<p>Estar de volta ao Hospital da Crian\u00e7a de Bras\u00edlia (HCB), agora como visitante, gerou um turbilh\u00e3o de sentimentos na professora G\u00e9ssika Dourado, 33 anos. Depois de longos cinco anos de tratamento, a sensa\u00e7\u00e3o \u00e9 de gratid\u00e3o por, enfim, poder dizer que sua filha D\u00e9bora, hoje com 11 anos, est\u00e1 curada de um c\u00e2ncer no rim, [\u2026]<\/p>\n<p>O post <a href=\"https:\/\/www.delioandrade.com.br\/hospital-da-crianca-registra-90-de-cura-em-criancas-com-tumores-de-wilms\/\">Hospital da Crian\u00e7a registra 90% de cura em crian\u00e7as com tumores de Wilms<\/a> apareceu primeiro em <a href=\"https:\/\/www.delioandrade.com.br\/\">Blog do D\u00c9LIO ANDRADE<\/a>.<\/p>\n","protected":false},"excerpt":{"rendered":"<p>Estar de volta ao Hospital da Crian\u00e7a de Bras\u00edlia (HCB), agora como visitante, gerou um turbilh\u00e3o de sentimentos na professora G\u00e9ssika Dourado, 33 anos. Depois de longos cinco anos de tratamento, a sensa\u00e7\u00e3o \u00e9 de gratid\u00e3o por, enfim, poder dizer que sua filha D\u00e9bora, hoje com 11 anos, est\u00e1 curada de um c\u00e2ncer no rim, [&hellip;]<\/p>\n","protected":false},"author":0,"featured_media":49316,"comment_status":"open","ping_status":"open","sticky":false,"template":"","format":"standard","meta":{"footnotes":""},"categories":[21],"tags":[],"class_list":{"0":"post-49315","1":"post","2":"type-post","3":"status-publish","4":"format-standard","5":"has-post-thumbnail","7":"category-brasilia"},"yoast_head":"<!-- This site is optimized with the Yoast SEO Premium plugin v24.5 (Yoast SEO v27.5) - https:\/\/yoast.com\/product\/yoast-seo-premium-wordpress\/ -->\n<title>Hospital da Crian\u00e7a registra 90% de cura em crian\u00e7as com tumores de Wilms - P31<\/title>\n<meta name=\"robots\" content=\"index, follow, max-snippet:-1, max-image-preview:large, max-video-preview:-1\" \/>\n<link rel=\"canonical\" href=\"https:\/\/www.p31noticias.com.br\/?p=49315\" \/>\n<meta property=\"og:locale\" content=\"pt_BR\" \/>\n<meta property=\"og:type\" content=\"article\" \/>\n<meta property=\"og:title\" content=\"Hospital da Crian\u00e7a registra 90% de cura em crian\u00e7as com tumores de Wilms\" \/>\n<meta property=\"og:description\" content=\"Estar de volta ao Hospital da Crian\u00e7a de Bras\u00edlia (HCB), agora como visitante, gerou um turbilh\u00e3o de sentimentos na professora G\u00e9ssika Dourado, 33 anos. Depois de longos cinco anos de tratamento, a sensa\u00e7\u00e3o \u00e9 de gratid\u00e3o por, enfim, poder dizer que sua filha D\u00e9bora, hoje com 11 anos, est\u00e1 curada de um c\u00e2ncer no rim, [&hellip;]\" \/>\n<meta property=\"og:url\" content=\"https:\/\/www.p31noticias.com.br\/?p=49315\" \/>\n<meta property=\"og:site_name\" content=\"P31\" \/>\n<meta property=\"article:published_time\" content=\"2024-05-05T20:31:15+00:00\" \/>\n<meta property=\"og:image\" content=\"https:\/\/www.p31noticias.com.br\/wp-content\/uploads\/2024\/05\/capa_1-5-nGR3rP-150x150-Fsae4R.jpeg\" \/>\n\t<meta property=\"og:image:width\" content=\"150\" \/>\n\t<meta property=\"og:image:height\" content=\"150\" \/>\n\t<meta property=\"og:image:type\" content=\"image\/jpeg\" \/>\n<meta name=\"twitter:card\" content=\"summary_large_image\" \/>\n<script type=\"application\/ld+json\" class=\"yoast-schema-graph\">{\"@context\":\"https:\\\/\\\/schema.org\",\"@graph\":[{\"@type\":\"Article\",\"@id\":\"https:\\\/\\\/www.p31noticias.com.br\\\/?p=49315#article\",\"isPartOf\":{\"@id\":\"https:\\\/\\\/www.p31noticias.com.br\\\/?p=49315\"},\"author\":{\"name\":\"\",\"@id\":\"\"},\"headline\":\"Hospital da Crian\u00e7a registra 90% de cura em crian\u00e7as com tumores de Wilms\",\"datePublished\":\"2024-05-05T20:31:15+00:00\",\"mainEntityOfPage\":{\"@id\":\"https:\\\/\\\/www.p31noticias.com.br\\\/?p=49315\"},\"wordCount\":98,\"commentCount\":0,\"image\":{\"@id\":\"https:\\\/\\\/www.p31noticias.com.br\\\/?p=49315#primaryimage\"},\"thumbnailUrl\":\"https:\\\/\\\/www.p31noticias.com.br\\\/wp-content\\\/uploads\\\/2024\\\/05\\\/capa_1-5-nGR3rP-150x150-Fsae4R.jpeg\",\"articleSection\":[\"Bras\u00edlia\"],\"inLanguage\":\"pt-BR\",\"potentialAction\":[{\"@type\":\"CommentAction\",\"name\":\"Comment\",\"target\":[\"https:\\\/\\\/www.p31noticias.com.br\\\/?p=49315#respond\"]}],\"copyrightYear\":\"2024\",\"copyrightHolder\":{\"@id\":\"https:\\\/\\\/www.p31noticias.com.br\\\/#organization\"}},{\"@type\":\"WebPage\",\"@id\":\"https:\\\/\\\/www.p31noticias.com.br\\\/?p=49315\",\"url\":\"https:\\\/\\\/www.p31noticias.com.br\\\/?p=49315\",\"name\":\"Hospital da Crian\u00e7a registra 90% de cura em crian\u00e7as com tumores de Wilms - P31\",\"isPartOf\":{\"@id\":\"https:\\\/\\\/www.p31noticias.com.br\\\/#website\"},\"primaryImageOfPage\":{\"@id\":\"https:\\\/\\\/www.p31noticias.com.br\\\/?p=49315#primaryimage\"},\"image\":{\"@id\":\"https:\\\/\\\/www.p31noticias.com.br\\\/?p=49315#primaryimage\"},\"thumbnailUrl\":\"https:\\\/\\\/www.p31noticias.com.br\\\/wp-content\\\/uploads\\\/2024\\\/05\\\/capa_1-5-nGR3rP-150x150-Fsae4R.jpeg\",\"datePublished\":\"2024-05-05T20:31:15+00:00\",\"author\":{\"@id\":\"\"},\"breadcrumb\":{\"@id\":\"https:\\\/\\\/www.p31noticias.com.br\\\/?p=49315#breadcrumb\"},\"inLanguage\":\"pt-BR\",\"potentialAction\":[{\"@type\":\"ReadAction\",\"target\":[\"https:\\\/\\\/www.p31noticias.com.br\\\/?p=49315\"]}]},{\"@type\":\"ImageObject\",\"inLanguage\":\"pt-BR\",\"@id\":\"https:\\\/\\\/www.p31noticias.com.br\\\/?p=49315#primaryimage\",\"url\":\"https:\\\/\\\/www.p31noticias.com.br\\\/wp-content\\\/uploads\\\/2024\\\/05\\\/capa_1-5-nGR3rP-150x150-Fsae4R.jpeg\",\"contentUrl\":\"https:\\\/\\\/www.p31noticias.com.br\\\/wp-content\\\/uploads\\\/2024\\\/05\\\/capa_1-5-nGR3rP-150x150-Fsae4R.jpeg\",\"width\":150,\"height\":150},{\"@type\":\"BreadcrumbList\",\"@id\":\"https:\\\/\\\/www.p31noticias.com.br\\\/?p=49315#breadcrumb\",\"itemListElement\":[{\"@type\":\"ListItem\",\"position\":1,\"name\":\"In\u00edcio\",\"item\":\"https:\\\/\\\/www.p31noticias.com.br\\\/\"},{\"@type\":\"ListItem\",\"position\":2,\"name\":\"Hospital da Crian\u00e7a registra 90% de cura em crian\u00e7as com tumores de Wilms\"}]},{\"@type\":\"WebSite\",\"@id\":\"https:\\\/\\\/www.p31noticias.com.br\\\/#website\",\"url\":\"https:\\\/\\\/www.p31noticias.com.br\\\/\",\"name\":\"P31\",\"description\":\"NOT\u00cdCIAS\",\"potentialAction\":[{\"@type\":\"SearchAction\",\"target\":{\"@type\":\"EntryPoint\",\"urlTemplate\":\"https:\\\/\\\/www.p31noticias.com.br\\\/?s={search_term_string}\"},\"query-input\":{\"@type\":\"PropertyValueSpecification\",\"valueRequired\":true,\"valueName\":\"search_term_string\"}}],\"inLanguage\":\"pt-BR\"}]}<\/script>\n<!-- \/ Yoast SEO Premium plugin. -->","yoast_head_json":{"title":"Hospital da Crian\u00e7a registra 90% de cura em crian\u00e7as com tumores de Wilms - P31","robots":{"index":"index","follow":"follow","max-snippet":"max-snippet:-1","max-image-preview":"max-image-preview:large","max-video-preview":"max-video-preview:-1"},"canonical":"https:\/\/www.p31noticias.com.br\/?p=49315","og_locale":"pt_BR","og_type":"article","og_title":"Hospital da Crian\u00e7a registra 90% de cura em crian\u00e7as com tumores de Wilms","og_description":"Estar de volta ao Hospital da Crian\u00e7a de Bras\u00edlia (HCB), agora como visitante, gerou um turbilh\u00e3o de sentimentos na professora G\u00e9ssika Dourado, 33 anos. Depois de longos cinco anos de tratamento, a sensa\u00e7\u00e3o \u00e9 de gratid\u00e3o por, enfim, poder dizer que sua filha D\u00e9bora, hoje com 11 anos, est\u00e1 curada de um c\u00e2ncer no rim, [&hellip;]","og_url":"https:\/\/www.p31noticias.com.br\/?p=49315","og_site_name":"P31","article_published_time":"2024-05-05T20:31:15+00:00","og_image":[{"width":150,"height":150,"url":"https:\/\/www.p31noticias.com.br\/wp-content\/uploads\/2024\/05\/capa_1-5-nGR3rP-150x150-Fsae4R.jpeg","type":"image\/jpeg"}],"twitter_card":"summary_large_image","schema":{"@context":"https:\/\/schema.org","@graph":[{"@type":"Article","@id":"https:\/\/www.p31noticias.com.br\/?p=49315#article","isPartOf":{"@id":"https:\/\/www.p31noticias.com.br\/?p=49315"},"author":{"name":"","@id":""},"headline":"Hospital da Crian\u00e7a registra 90% de cura em crian\u00e7as com tumores de Wilms","datePublished":"2024-05-05T20:31:15+00:00","mainEntityOfPage":{"@id":"https:\/\/www.p31noticias.com.br\/?p=49315"},"wordCount":98,"commentCount":0,"image":{"@id":"https:\/\/www.p31noticias.com.br\/?p=49315#primaryimage"},"thumbnailUrl":"https:\/\/www.p31noticias.com.br\/wp-content\/uploads\/2024\/05\/capa_1-5-nGR3rP-150x150-Fsae4R.jpeg","articleSection":["Bras\u00edlia"],"inLanguage":"pt-BR","potentialAction":[{"@type":"CommentAction","name":"Comment","target":["https:\/\/www.p31noticias.com.br\/?p=49315#respond"]}],"copyrightYear":"2024","copyrightHolder":{"@id":"https:\/\/www.p31noticias.com.br\/#organization"}},{"@type":"WebPage","@id":"https:\/\/www.p31noticias.com.br\/?p=49315","url":"https:\/\/www.p31noticias.com.br\/?p=49315","name":"Hospital da Crian\u00e7a registra 90% de cura em crian\u00e7as com tumores de Wilms - P31","isPartOf":{"@id":"https:\/\/www.p31noticias.com.br\/#website"},"primaryImageOfPage":{"@id":"https:\/\/www.p31noticias.com.br\/?p=49315#primaryimage"},"image":{"@id":"https:\/\/www.p31noticias.com.br\/?p=49315#primaryimage"},"thumbnailUrl":"https:\/\/www.p31noticias.com.br\/wp-content\/uploads\/2024\/05\/capa_1-5-nGR3rP-150x150-Fsae4R.jpeg","datePublished":"2024-05-05T20:31:15+00:00","author":{"@id":""},"breadcrumb":{"@id":"https:\/\/www.p31noticias.com.br\/?p=49315#breadcrumb"},"inLanguage":"pt-BR","potentialAction":[{"@type":"ReadAction","target":["https:\/\/www.p31noticias.com.br\/?p=49315"]}]},{"@type":"ImageObject","inLanguage":"pt-BR","@id":"https:\/\/www.p31noticias.com.br\/?p=49315#primaryimage","url":"https:\/\/www.p31noticias.com.br\/wp-content\/uploads\/2024\/05\/capa_1-5-nGR3rP-150x150-Fsae4R.jpeg","contentUrl":"https:\/\/www.p31noticias.com.br\/wp-content\/uploads\/2024\/05\/capa_1-5-nGR3rP-150x150-Fsae4R.jpeg","width":150,"height":150},{"@type":"BreadcrumbList","@id":"https:\/\/www.p31noticias.com.br\/?p=49315#breadcrumb","itemListElement":[{"@type":"ListItem","position":1,"name":"In\u00edcio","item":"https:\/\/www.p31noticias.com.br\/"},{"@type":"ListItem","position":2,"name":"Hospital da Crian\u00e7a registra 90% de cura em crian\u00e7as com tumores de Wilms"}]},{"@type":"WebSite","@id":"https:\/\/www.p31noticias.com.br\/#website","url":"https:\/\/www.p31noticias.com.br\/","name":"P31","description":"NOT\u00cdCIAS","potentialAction":[{"@type":"SearchAction","target":{"@type":"EntryPoint","urlTemplate":"https:\/\/www.p31noticias.com.br\/?s={search_term_string}"},"query-input":{"@type":"PropertyValueSpecification","valueRequired":true,"valueName":"search_term_string"}}],"inLanguage":"pt-BR"}]}},"amp_enabled":true,"_links":{"self":[{"href":"https:\/\/www.p31noticias.com.br\/index.php?rest_route=\/wp\/v2\/posts\/49315","targetHints":{"allow":["GET"]}}],"collection":[{"href":"https:\/\/www.p31noticias.com.br\/index.php?rest_route=\/wp\/v2\/posts"}],"about":[{"href":"https:\/\/www.p31noticias.com.br\/index.php?rest_route=\/wp\/v2\/types\/post"}],"replies":[{"embeddable":true,"href":"https:\/\/www.p31noticias.com.br\/index.php?rest_route=%2Fwp%2Fv2%2Fcomments&post=49315"}],"version-history":[{"count":0,"href":"https:\/\/www.p31noticias.com.br\/index.php?rest_route=\/wp\/v2\/posts\/49315\/revisions"}],"wp:featuredmedia":[{"embeddable":true,"href":"https:\/\/www.p31noticias.com.br\/index.php?rest_route=\/wp\/v2\/media\/49316"}],"wp:attachment":[{"href":"https:\/\/www.p31noticias.com.br\/index.php?rest_route=%2Fwp%2Fv2%2Fmedia&parent=49315"}],"wp:term":[{"taxonomy":"category","embeddable":true,"href":"https:\/\/www.p31noticias.com.br\/index.php?rest_route=%2Fwp%2Fv2%2Fcategories&post=49315"},{"taxonomy":"post_tag","embeddable":true,"href":"https:\/\/www.p31noticias.com.br\/index.php?rest_route=%2Fwp%2Fv2%2Ftags&post=49315"}],"curies":[{"name":"wp","href":"https:\/\/api.w.org\/{rel}","templated":true}]}}