{"id":49286,"date":"2024-05-04T23:29:40","date_gmt":"2024-05-05T02:29:40","guid":{"rendered":"https:\/\/p31noticias.com.br\/homem-que-incendiou-pousada-na-asa-sul-e-solto-pela-justica\/"},"modified":"2024-05-04T23:29:40","modified_gmt":"2024-05-05T02:29:40","slug":"homem-que-incendiou-pousada-na-asa-sul-e-solto-pela-justica","status":"publish","type":"post","link":"https:\/\/www.p31noticias.com.br\/?p=49286","title":{"rendered":"Homem que incendiou pousada na Asa Sul \u00e9 solto pela Justi\u00e7a"},"content":{"rendered":"<p>O h\u00f3spede acusado de ter incendiado a pousada na Asa Sul foi solto neste s\u00e1bado (4\/5). Elizando Rodrigues Morais, 45 anos, passou por audi\u00eancia de cust\u00f3dia e teve a liberdade provis\u00f3ria concedida pelo Tribunal de Justi\u00e7a do Distrito Federal e Territ\u00f3rios (TJDFT). Duas pessoas morreram na trag\u00e9dia. O suspeito est\u00e1 proibido de sair do Distrito [\u2026]<\/p>\n<p>O post <a href=\"https:\/\/www.delioandrade.com.br\/homem-que-incendiou-pousada-na-asa-sul-e-solto-pela-justica\/\">Homem que incendiou pousada na Asa Sul \u00e9 solto pela Justi\u00e7a<\/a> apareceu primeiro em <a href=\"https:\/\/www.delioandrade.com.br\/\">Blog do D\u00c9LIO ANDRADE<\/a>.<\/p>\n","protected":false},"excerpt":{"rendered":"<p>O h\u00f3spede acusado de ter incendiado a pousada na Asa Sul foi solto neste s\u00e1bado (4\/5). Elizando Rodrigues Morais, 45 anos, passou por audi\u00eancia de cust\u00f3dia e teve a liberdade provis\u00f3ria concedida pelo Tribunal de Justi\u00e7a do Distrito Federal e Territ\u00f3rios (TJDFT). Duas pessoas morreram na trag\u00e9dia. O suspeito est\u00e1 proibido de sair do Distrito [&hellip;]<\/p>\n","protected":false},"author":0,"featured_media":0,"comment_status":"open","ping_status":"open","sticky":false,"template":"","format":"standard","meta":{"footnotes":""},"categories":[21],"tags":[],"class_list":{"0":"post-49286","1":"post","2":"type-post","3":"status-publish","4":"format-standard","6":"category-brasilia"},"yoast_head":"<!-- This site is optimized with the Yoast SEO Premium plugin v24.5 (Yoast SEO v27.5) - https:\/\/yoast.com\/product\/yoast-seo-premium-wordpress\/ -->\n<title>Homem que incendiou pousada na Asa Sul \u00e9 solto pela Justi\u00e7a - P31<\/title>\n<meta name=\"robots\" content=\"index, follow, max-snippet:-1, max-image-preview:large, max-video-preview:-1\" \/>\n<link rel=\"canonical\" href=\"https:\/\/www.p31noticias.com.br\/?p=49286\" \/>\n<meta property=\"og:locale\" content=\"pt_BR\" \/>\n<meta property=\"og:type\" content=\"article\" \/>\n<meta property=\"og:title\" content=\"Homem que incendiou pousada na Asa Sul \u00e9 solto pela Justi\u00e7a\" \/>\n<meta property=\"og:description\" content=\"O h\u00f3spede acusado de ter incendiado a pousada na Asa Sul foi solto neste s\u00e1bado (4\/5). Elizando Rodrigues Morais, 45 anos, passou por audi\u00eancia de cust\u00f3dia e teve a liberdade provis\u00f3ria concedida pelo Tribunal de Justi\u00e7a do Distrito Federal e Territ\u00f3rios (TJDFT). Duas pessoas morreram na trag\u00e9dia. O suspeito est\u00e1 proibido de sair do Distrito [&hellip;]\" \/>\n<meta property=\"og:url\" content=\"https:\/\/www.p31noticias.com.br\/?p=49286\" \/>\n<meta property=\"og:site_name\" content=\"P31\" \/>\n<meta property=\"article:published_time\" content=\"2024-05-05T02:29:40+00:00\" \/>\n<meta name=\"twitter:card\" content=\"summary_large_image\" \/>\n<script type=\"application\/ld+json\" class=\"yoast-schema-graph\">{\"@context\":\"https:\\\/\\\/schema.org\",\"@graph\":[{\"@type\":\"Article\",\"@id\":\"https:\\\/\\\/www.p31noticias.com.br\\\/?p=49286#article\",\"isPartOf\":{\"@id\":\"https:\\\/\\\/www.p31noticias.com.br\\\/?p=49286\"},\"author\":{\"name\":\"\",\"@id\":\"\"},\"headline\":\"Homem que incendiou pousada na Asa Sul \u00e9 solto pela Justi\u00e7a\",\"datePublished\":\"2024-05-05T02:29:40+00:00\",\"mainEntityOfPage\":{\"@id\":\"https:\\\/\\\/www.p31noticias.com.br\\\/?p=49286\"},\"wordCount\":93,\"commentCount\":0,\"articleSection\":[\"Bras\u00edlia\"],\"inLanguage\":\"pt-BR\",\"potentialAction\":[{\"@type\":\"CommentAction\",\"name\":\"Comment\",\"target\":[\"https:\\\/\\\/www.p31noticias.com.br\\\/?p=49286#respond\"]}],\"copyrightYear\":\"2024\",\"copyrightHolder\":{\"@id\":\"https:\\\/\\\/www.p31noticias.com.br\\\/#organization\"}},{\"@type\":\"WebPage\",\"@id\":\"https:\\\/\\\/www.p31noticias.com.br\\\/?p=49286\",\"url\":\"https:\\\/\\\/www.p31noticias.com.br\\\/?p=49286\",\"name\":\"Homem que incendiou pousada na Asa Sul \u00e9 solto pela Justi\u00e7a - P31\",\"isPartOf\":{\"@id\":\"https:\\\/\\\/www.p31noticias.com.br\\\/#website\"},\"datePublished\":\"2024-05-05T02:29:40+00:00\",\"author\":{\"@id\":\"\"},\"breadcrumb\":{\"@id\":\"https:\\\/\\\/www.p31noticias.com.br\\\/?p=49286#breadcrumb\"},\"inLanguage\":\"pt-BR\",\"potentialAction\":[{\"@type\":\"ReadAction\",\"target\":[\"https:\\\/\\\/www.p31noticias.com.br\\\/?p=49286\"]}]},{\"@type\":\"BreadcrumbList\",\"@id\":\"https:\\\/\\\/www.p31noticias.com.br\\\/?p=49286#breadcrumb\",\"itemListElement\":[{\"@type\":\"ListItem\",\"position\":1,\"name\":\"In\u00edcio\",\"item\":\"https:\\\/\\\/www.p31noticias.com.br\\\/\"},{\"@type\":\"ListItem\",\"position\":2,\"name\":\"Homem que incendiou pousada na Asa Sul \u00e9 solto pela Justi\u00e7a\"}]},{\"@type\":\"WebSite\",\"@id\":\"https:\\\/\\\/www.p31noticias.com.br\\\/#website\",\"url\":\"https:\\\/\\\/www.p31noticias.com.br\\\/\",\"name\":\"P31\",\"description\":\"NOT\u00cdCIAS\",\"potentialAction\":[{\"@type\":\"SearchAction\",\"target\":{\"@type\":\"EntryPoint\",\"urlTemplate\":\"https:\\\/\\\/www.p31noticias.com.br\\\/?s={search_term_string}\"},\"query-input\":{\"@type\":\"PropertyValueSpecification\",\"valueRequired\":true,\"valueName\":\"search_term_string\"}}],\"inLanguage\":\"pt-BR\"}]}<\/script>\n<!-- \/ Yoast SEO Premium plugin. -->","yoast_head_json":{"title":"Homem que incendiou pousada na Asa Sul \u00e9 solto pela Justi\u00e7a - P31","robots":{"index":"index","follow":"follow","max-snippet":"max-snippet:-1","max-image-preview":"max-image-preview:large","max-video-preview":"max-video-preview:-1"},"canonical":"https:\/\/www.p31noticias.com.br\/?p=49286","og_locale":"pt_BR","og_type":"article","og_title":"Homem que incendiou pousada na Asa Sul \u00e9 solto pela Justi\u00e7a","og_description":"O h\u00f3spede acusado de ter incendiado a pousada na Asa Sul foi solto neste s\u00e1bado (4\/5). Elizando Rodrigues Morais, 45 anos, passou por audi\u00eancia de cust\u00f3dia e teve a liberdade provis\u00f3ria concedida pelo Tribunal de Justi\u00e7a do Distrito Federal e Territ\u00f3rios (TJDFT). Duas pessoas morreram na trag\u00e9dia. O suspeito est\u00e1 proibido de sair do Distrito [&hellip;]","og_url":"https:\/\/www.p31noticias.com.br\/?p=49286","og_site_name":"P31","article_published_time":"2024-05-05T02:29:40+00:00","twitter_card":"summary_large_image","schema":{"@context":"https:\/\/schema.org","@graph":[{"@type":"Article","@id":"https:\/\/www.p31noticias.com.br\/?p=49286#article","isPartOf":{"@id":"https:\/\/www.p31noticias.com.br\/?p=49286"},"author":{"name":"","@id":""},"headline":"Homem que incendiou pousada na Asa Sul \u00e9 solto pela Justi\u00e7a","datePublished":"2024-05-05T02:29:40+00:00","mainEntityOfPage":{"@id":"https:\/\/www.p31noticias.com.br\/?p=49286"},"wordCount":93,"commentCount":0,"articleSection":["Bras\u00edlia"],"inLanguage":"pt-BR","potentialAction":[{"@type":"CommentAction","name":"Comment","target":["https:\/\/www.p31noticias.com.br\/?p=49286#respond"]}],"copyrightYear":"2024","copyrightHolder":{"@id":"https:\/\/www.p31noticias.com.br\/#organization"}},{"@type":"WebPage","@id":"https:\/\/www.p31noticias.com.br\/?p=49286","url":"https:\/\/www.p31noticias.com.br\/?p=49286","name":"Homem que incendiou pousada na Asa Sul \u00e9 solto pela Justi\u00e7a - P31","isPartOf":{"@id":"https:\/\/www.p31noticias.com.br\/#website"},"datePublished":"2024-05-05T02:29:40+00:00","author":{"@id":""},"breadcrumb":{"@id":"https:\/\/www.p31noticias.com.br\/?p=49286#breadcrumb"},"inLanguage":"pt-BR","potentialAction":[{"@type":"ReadAction","target":["https:\/\/www.p31noticias.com.br\/?p=49286"]}]},{"@type":"BreadcrumbList","@id":"https:\/\/www.p31noticias.com.br\/?p=49286#breadcrumb","itemListElement":[{"@type":"ListItem","position":1,"name":"In\u00edcio","item":"https:\/\/www.p31noticias.com.br\/"},{"@type":"ListItem","position":2,"name":"Homem que incendiou pousada na Asa Sul \u00e9 solto pela Justi\u00e7a"}]},{"@type":"WebSite","@id":"https:\/\/www.p31noticias.com.br\/#website","url":"https:\/\/www.p31noticias.com.br\/","name":"P31","description":"NOT\u00cdCIAS","potentialAction":[{"@type":"SearchAction","target":{"@type":"EntryPoint","urlTemplate":"https:\/\/www.p31noticias.com.br\/?s={search_term_string}"},"query-input":{"@type":"PropertyValueSpecification","valueRequired":true,"valueName":"search_term_string"}}],"inLanguage":"pt-BR"}]}},"amp_enabled":true,"_links":{"self":[{"href":"https:\/\/www.p31noticias.com.br\/index.php?rest_route=\/wp\/v2\/posts\/49286","targetHints":{"allow":["GET"]}}],"collection":[{"href":"https:\/\/www.p31noticias.com.br\/index.php?rest_route=\/wp\/v2\/posts"}],"about":[{"href":"https:\/\/www.p31noticias.com.br\/index.php?rest_route=\/wp\/v2\/types\/post"}],"replies":[{"embeddable":true,"href":"https:\/\/www.p31noticias.com.br\/index.php?rest_route=%2Fwp%2Fv2%2Fcomments&post=49286"}],"version-history":[{"count":0,"href":"https:\/\/www.p31noticias.com.br\/index.php?rest_route=\/wp\/v2\/posts\/49286\/revisions"}],"wp:attachment":[{"href":"https:\/\/www.p31noticias.com.br\/index.php?rest_route=%2Fwp%2Fv2%2Fmedia&parent=49286"}],"wp:term":[{"taxonomy":"category","embeddable":true,"href":"https:\/\/www.p31noticias.com.br\/index.php?rest_route=%2Fwp%2Fv2%2Fcategories&post=49286"},{"taxonomy":"post_tag","embeddable":true,"href":"https:\/\/www.p31noticias.com.br\/index.php?rest_route=%2Fwp%2Fv2%2Ftags&post=49286"}],"curies":[{"name":"wp","href":"https:\/\/api.w.org\/{rel}","templated":true}]}}