{"id":49192,"date":"2024-05-03T18:29:39","date_gmt":"2024-05-03T21:29:39","guid":{"rendered":"https:\/\/p31noticias.com.br\/rota-do-cavalo-em-sobradinho-e-alvo-de-fiscalizacao-ambiental\/"},"modified":"2024-05-03T18:29:39","modified_gmt":"2024-05-03T21:29:39","slug":"rota-do-cavalo-em-sobradinho-e-alvo-de-fiscalizacao-ambiental","status":"publish","type":"post","link":"https:\/\/www.p31noticias.com.br\/?p=49192","title":{"rendered":"Rota do Cavalo, em Sobradinho, \u00e9 alvo de fiscaliza\u00e7\u00e3o ambiental"},"content":{"rendered":"<p>Com o objetivo de coibir os parcelamentos irregulares de solo no Distrito Federal, o Instituto Bras\u00edlia Ambiental realizou nesta semana opera\u00e7\u00e3o fiscal na Rota do Cavalo, localizada na Regi\u00e3o Administrativa de Sobradinho. No local, estavam ocorrendo obras em \u00e1rea de parcelamento irregular do solo. A a\u00e7\u00e3o, que foi feita em conjunto com a Delegacia de [\u2026]<\/p>\n<p>O post <a href=\"https:\/\/www.delioandrade.com.br\/rota-do-cavalo-em-sobradinho-e-alvo-de-fiscalizacao-ambiental\/\">Rota do Cavalo, em Sobradinho, \u00e9 alvo de fiscaliza\u00e7\u00e3o ambiental<\/a> apareceu primeiro em <a href=\"https:\/\/www.delioandrade.com.br\/\">Blog do D\u00c9LIO ANDRADE<\/a>.<\/p>\n","protected":false},"excerpt":{"rendered":"<p>Com o objetivo de coibir os parcelamentos irregulares de solo no Distrito Federal, o Instituto Bras\u00edlia Ambiental realizou nesta semana opera\u00e7\u00e3o fiscal na Rota do Cavalo, localizada na Regi\u00e3o Administrativa de Sobradinho. No local, estavam ocorrendo obras em \u00e1rea de parcelamento irregular do solo. A a\u00e7\u00e3o, que foi feita em conjunto com a Delegacia de [&hellip;]<\/p>\n","protected":false},"author":0,"featured_media":49193,"comment_status":"open","ping_status":"open","sticky":false,"template":"","format":"standard","meta":{"footnotes":""},"categories":[21],"tags":[],"class_list":{"0":"post-49192","1":"post","2":"type-post","3":"status-publish","4":"format-standard","5":"has-post-thumbnail","7":"category-brasilia"},"yoast_head":"<!-- This site is optimized with the Yoast SEO Premium plugin v24.5 (Yoast SEO v27.5) - https:\/\/yoast.com\/product\/yoast-seo-premium-wordpress\/ -->\n<title>Rota do Cavalo, em Sobradinho, \u00e9 alvo de fiscaliza\u00e7\u00e3o ambiental - P31<\/title>\n<meta name=\"robots\" content=\"index, follow, max-snippet:-1, max-image-preview:large, max-video-preview:-1\" \/>\n<link rel=\"canonical\" href=\"https:\/\/www.p31noticias.com.br\/?p=49192\" \/>\n<meta property=\"og:locale\" content=\"pt_BR\" \/>\n<meta property=\"og:type\" content=\"article\" \/>\n<meta property=\"og:title\" content=\"Rota do Cavalo, em Sobradinho, \u00e9 alvo de fiscaliza\u00e7\u00e3o ambiental\" \/>\n<meta property=\"og:description\" content=\"Com o objetivo de coibir os parcelamentos irregulares de solo no Distrito Federal, o Instituto Bras\u00edlia Ambiental realizou nesta semana opera\u00e7\u00e3o fiscal na Rota do Cavalo, localizada na Regi\u00e3o Administrativa de Sobradinho. No local, estavam ocorrendo obras em \u00e1rea de parcelamento irregular do solo. A a\u00e7\u00e3o, que foi feita em conjunto com a Delegacia de [&hellip;]\" \/>\n<meta property=\"og:url\" content=\"https:\/\/www.p31noticias.com.br\/?p=49192\" \/>\n<meta property=\"og:site_name\" content=\"P31\" \/>\n<meta property=\"article:published_time\" content=\"2024-05-03T21:29:39+00:00\" \/>\n<meta property=\"og:image\" content=\"https:\/\/www.p31noticias.com.br\/wp-content\/uploads\/2024\/05\/Foto-1.1-Mat-Operacao-Fsical-na-Rota-do-Cavalo-e1714768149643-R8imtg-150x150-6VGF4V.jpeg\" \/>\n\t<meta property=\"og:image:width\" content=\"150\" \/>\n\t<meta property=\"og:image:height\" content=\"150\" \/>\n\t<meta property=\"og:image:type\" content=\"image\/jpeg\" \/>\n<meta name=\"twitter:card\" content=\"summary_large_image\" \/>\n<script type=\"application\/ld+json\" class=\"yoast-schema-graph\">{\"@context\":\"https:\\\/\\\/schema.org\",\"@graph\":[{\"@type\":\"Article\",\"@id\":\"https:\\\/\\\/www.p31noticias.com.br\\\/?p=49192#article\",\"isPartOf\":{\"@id\":\"https:\\\/\\\/www.p31noticias.com.br\\\/?p=49192\"},\"author\":{\"name\":\"\",\"@id\":\"\"},\"headline\":\"Rota do Cavalo, em Sobradinho, \u00e9 alvo de fiscaliza\u00e7\u00e3o ambiental\",\"datePublished\":\"2024-05-03T21:29:39+00:00\",\"mainEntityOfPage\":{\"@id\":\"https:\\\/\\\/www.p31noticias.com.br\\\/?p=49192\"},\"wordCount\":89,\"commentCount\":0,\"image\":{\"@id\":\"https:\\\/\\\/www.p31noticias.com.br\\\/?p=49192#primaryimage\"},\"thumbnailUrl\":\"https:\\\/\\\/www.p31noticias.com.br\\\/wp-content\\\/uploads\\\/2024\\\/05\\\/Foto-1.1-Mat-Operacao-Fsical-na-Rota-do-Cavalo-e1714768149643-R8imtg-150x150-6VGF4V.jpeg\",\"articleSection\":[\"Bras\u00edlia\"],\"inLanguage\":\"pt-BR\",\"potentialAction\":[{\"@type\":\"CommentAction\",\"name\":\"Comment\",\"target\":[\"https:\\\/\\\/www.p31noticias.com.br\\\/?p=49192#respond\"]}],\"copyrightYear\":\"2024\",\"copyrightHolder\":{\"@id\":\"https:\\\/\\\/www.p31noticias.com.br\\\/#organization\"}},{\"@type\":\"WebPage\",\"@id\":\"https:\\\/\\\/www.p31noticias.com.br\\\/?p=49192\",\"url\":\"https:\\\/\\\/www.p31noticias.com.br\\\/?p=49192\",\"name\":\"Rota do Cavalo, em Sobradinho, \u00e9 alvo de fiscaliza\u00e7\u00e3o ambiental - P31\",\"isPartOf\":{\"@id\":\"https:\\\/\\\/www.p31noticias.com.br\\\/#website\"},\"primaryImageOfPage\":{\"@id\":\"https:\\\/\\\/www.p31noticias.com.br\\\/?p=49192#primaryimage\"},\"image\":{\"@id\":\"https:\\\/\\\/www.p31noticias.com.br\\\/?p=49192#primaryimage\"},\"thumbnailUrl\":\"https:\\\/\\\/www.p31noticias.com.br\\\/wp-content\\\/uploads\\\/2024\\\/05\\\/Foto-1.1-Mat-Operacao-Fsical-na-Rota-do-Cavalo-e1714768149643-R8imtg-150x150-6VGF4V.jpeg\",\"datePublished\":\"2024-05-03T21:29:39+00:00\",\"author\":{\"@id\":\"\"},\"breadcrumb\":{\"@id\":\"https:\\\/\\\/www.p31noticias.com.br\\\/?p=49192#breadcrumb\"},\"inLanguage\":\"pt-BR\",\"potentialAction\":[{\"@type\":\"ReadAction\",\"target\":[\"https:\\\/\\\/www.p31noticias.com.br\\\/?p=49192\"]}]},{\"@type\":\"ImageObject\",\"inLanguage\":\"pt-BR\",\"@id\":\"https:\\\/\\\/www.p31noticias.com.br\\\/?p=49192#primaryimage\",\"url\":\"https:\\\/\\\/www.p31noticias.com.br\\\/wp-content\\\/uploads\\\/2024\\\/05\\\/Foto-1.1-Mat-Operacao-Fsical-na-Rota-do-Cavalo-e1714768149643-R8imtg-150x150-6VGF4V.jpeg\",\"contentUrl\":\"https:\\\/\\\/www.p31noticias.com.br\\\/wp-content\\\/uploads\\\/2024\\\/05\\\/Foto-1.1-Mat-Operacao-Fsical-na-Rota-do-Cavalo-e1714768149643-R8imtg-150x150-6VGF4V.jpeg\",\"width\":150,\"height\":150},{\"@type\":\"BreadcrumbList\",\"@id\":\"https:\\\/\\\/www.p31noticias.com.br\\\/?p=49192#breadcrumb\",\"itemListElement\":[{\"@type\":\"ListItem\",\"position\":1,\"name\":\"In\u00edcio\",\"item\":\"https:\\\/\\\/www.p31noticias.com.br\\\/\"},{\"@type\":\"ListItem\",\"position\":2,\"name\":\"Rota do Cavalo, em Sobradinho, \u00e9 alvo de fiscaliza\u00e7\u00e3o ambiental\"}]},{\"@type\":\"WebSite\",\"@id\":\"https:\\\/\\\/www.p31noticias.com.br\\\/#website\",\"url\":\"https:\\\/\\\/www.p31noticias.com.br\\\/\",\"name\":\"P31\",\"description\":\"NOT\u00cdCIAS\",\"potentialAction\":[{\"@type\":\"SearchAction\",\"target\":{\"@type\":\"EntryPoint\",\"urlTemplate\":\"https:\\\/\\\/www.p31noticias.com.br\\\/?s={search_term_string}\"},\"query-input\":{\"@type\":\"PropertyValueSpecification\",\"valueRequired\":true,\"valueName\":\"search_term_string\"}}],\"inLanguage\":\"pt-BR\"}]}<\/script>\n<!-- \/ Yoast SEO Premium plugin. -->","yoast_head_json":{"title":"Rota do Cavalo, em Sobradinho, \u00e9 alvo de fiscaliza\u00e7\u00e3o ambiental - P31","robots":{"index":"index","follow":"follow","max-snippet":"max-snippet:-1","max-image-preview":"max-image-preview:large","max-video-preview":"max-video-preview:-1"},"canonical":"https:\/\/www.p31noticias.com.br\/?p=49192","og_locale":"pt_BR","og_type":"article","og_title":"Rota do Cavalo, em Sobradinho, \u00e9 alvo de fiscaliza\u00e7\u00e3o ambiental","og_description":"Com o objetivo de coibir os parcelamentos irregulares de solo no Distrito Federal, o Instituto Bras\u00edlia Ambiental realizou nesta semana opera\u00e7\u00e3o fiscal na Rota do Cavalo, localizada na Regi\u00e3o Administrativa de Sobradinho. No local, estavam ocorrendo obras em \u00e1rea de parcelamento irregular do solo. A a\u00e7\u00e3o, que foi feita em conjunto com a Delegacia de [&hellip;]","og_url":"https:\/\/www.p31noticias.com.br\/?p=49192","og_site_name":"P31","article_published_time":"2024-05-03T21:29:39+00:00","og_image":[{"width":150,"height":150,"url":"https:\/\/www.p31noticias.com.br\/wp-content\/uploads\/2024\/05\/Foto-1.1-Mat-Operacao-Fsical-na-Rota-do-Cavalo-e1714768149643-R8imtg-150x150-6VGF4V.jpeg","type":"image\/jpeg"}],"twitter_card":"summary_large_image","schema":{"@context":"https:\/\/schema.org","@graph":[{"@type":"Article","@id":"https:\/\/www.p31noticias.com.br\/?p=49192#article","isPartOf":{"@id":"https:\/\/www.p31noticias.com.br\/?p=49192"},"author":{"name":"","@id":""},"headline":"Rota do Cavalo, em Sobradinho, \u00e9 alvo de fiscaliza\u00e7\u00e3o ambiental","datePublished":"2024-05-03T21:29:39+00:00","mainEntityOfPage":{"@id":"https:\/\/www.p31noticias.com.br\/?p=49192"},"wordCount":89,"commentCount":0,"image":{"@id":"https:\/\/www.p31noticias.com.br\/?p=49192#primaryimage"},"thumbnailUrl":"https:\/\/www.p31noticias.com.br\/wp-content\/uploads\/2024\/05\/Foto-1.1-Mat-Operacao-Fsical-na-Rota-do-Cavalo-e1714768149643-R8imtg-150x150-6VGF4V.jpeg","articleSection":["Bras\u00edlia"],"inLanguage":"pt-BR","potentialAction":[{"@type":"CommentAction","name":"Comment","target":["https:\/\/www.p31noticias.com.br\/?p=49192#respond"]}],"copyrightYear":"2024","copyrightHolder":{"@id":"https:\/\/www.p31noticias.com.br\/#organization"}},{"@type":"WebPage","@id":"https:\/\/www.p31noticias.com.br\/?p=49192","url":"https:\/\/www.p31noticias.com.br\/?p=49192","name":"Rota do Cavalo, em Sobradinho, \u00e9 alvo de fiscaliza\u00e7\u00e3o ambiental - P31","isPartOf":{"@id":"https:\/\/www.p31noticias.com.br\/#website"},"primaryImageOfPage":{"@id":"https:\/\/www.p31noticias.com.br\/?p=49192#primaryimage"},"image":{"@id":"https:\/\/www.p31noticias.com.br\/?p=49192#primaryimage"},"thumbnailUrl":"https:\/\/www.p31noticias.com.br\/wp-content\/uploads\/2024\/05\/Foto-1.1-Mat-Operacao-Fsical-na-Rota-do-Cavalo-e1714768149643-R8imtg-150x150-6VGF4V.jpeg","datePublished":"2024-05-03T21:29:39+00:00","author":{"@id":""},"breadcrumb":{"@id":"https:\/\/www.p31noticias.com.br\/?p=49192#breadcrumb"},"inLanguage":"pt-BR","potentialAction":[{"@type":"ReadAction","target":["https:\/\/www.p31noticias.com.br\/?p=49192"]}]},{"@type":"ImageObject","inLanguage":"pt-BR","@id":"https:\/\/www.p31noticias.com.br\/?p=49192#primaryimage","url":"https:\/\/www.p31noticias.com.br\/wp-content\/uploads\/2024\/05\/Foto-1.1-Mat-Operacao-Fsical-na-Rota-do-Cavalo-e1714768149643-R8imtg-150x150-6VGF4V.jpeg","contentUrl":"https:\/\/www.p31noticias.com.br\/wp-content\/uploads\/2024\/05\/Foto-1.1-Mat-Operacao-Fsical-na-Rota-do-Cavalo-e1714768149643-R8imtg-150x150-6VGF4V.jpeg","width":150,"height":150},{"@type":"BreadcrumbList","@id":"https:\/\/www.p31noticias.com.br\/?p=49192#breadcrumb","itemListElement":[{"@type":"ListItem","position":1,"name":"In\u00edcio","item":"https:\/\/www.p31noticias.com.br\/"},{"@type":"ListItem","position":2,"name":"Rota do Cavalo, em Sobradinho, \u00e9 alvo de fiscaliza\u00e7\u00e3o ambiental"}]},{"@type":"WebSite","@id":"https:\/\/www.p31noticias.com.br\/#website","url":"https:\/\/www.p31noticias.com.br\/","name":"P31","description":"NOT\u00cdCIAS","potentialAction":[{"@type":"SearchAction","target":{"@type":"EntryPoint","urlTemplate":"https:\/\/www.p31noticias.com.br\/?s={search_term_string}"},"query-input":{"@type":"PropertyValueSpecification","valueRequired":true,"valueName":"search_term_string"}}],"inLanguage":"pt-BR"}]}},"amp_enabled":true,"_links":{"self":[{"href":"https:\/\/www.p31noticias.com.br\/index.php?rest_route=\/wp\/v2\/posts\/49192","targetHints":{"allow":["GET"]}}],"collection":[{"href":"https:\/\/www.p31noticias.com.br\/index.php?rest_route=\/wp\/v2\/posts"}],"about":[{"href":"https:\/\/www.p31noticias.com.br\/index.php?rest_route=\/wp\/v2\/types\/post"}],"replies":[{"embeddable":true,"href":"https:\/\/www.p31noticias.com.br\/index.php?rest_route=%2Fwp%2Fv2%2Fcomments&post=49192"}],"version-history":[{"count":0,"href":"https:\/\/www.p31noticias.com.br\/index.php?rest_route=\/wp\/v2\/posts\/49192\/revisions"}],"wp:featuredmedia":[{"embeddable":true,"href":"https:\/\/www.p31noticias.com.br\/index.php?rest_route=\/wp\/v2\/media\/49193"}],"wp:attachment":[{"href":"https:\/\/www.p31noticias.com.br\/index.php?rest_route=%2Fwp%2Fv2%2Fmedia&parent=49192"}],"wp:term":[{"taxonomy":"category","embeddable":true,"href":"https:\/\/www.p31noticias.com.br\/index.php?rest_route=%2Fwp%2Fv2%2Fcategories&post=49192"},{"taxonomy":"post_tag","embeddable":true,"href":"https:\/\/www.p31noticias.com.br\/index.php?rest_route=%2Fwp%2Fv2%2Ftags&post=49192"}],"curies":[{"name":"wp","href":"https:\/\/api.w.org\/{rel}","templated":true}]}}